{"id":276704,"date":"2026-08-24T15:36:18","date_gmt":"2026-08-24T15:36:18","guid":{"rendered":"https:\/\/www.europesays.com\/lv\/276704\/"},"modified":"2026-08-24T15:36:18","modified_gmt":"2026-08-24T15:36:18","slug":"daugavpili-pasvaldiba-palidzes-noverst-vetras-postijumus-ari-privatipasumos","status":"publish","type":"post","link":"https:\/\/www.europesays.com\/lv\/276704\/","title":{"rendered":"Daugavpil\u012b pa\u0161vald\u012bba pal\u012bdz\u0113s nov\u0113rst v\u0113tras post\u012bjumus ar\u012b priv\u0101t\u012bpa\u0161umos"},"content":{"rendered":"<p>Ja v\u0113tras laik\u0101 koks no pa\u0161vald\u012bbas teritorijas ir nokritis priv\u0101taj\u0101 teritorij\u0101 un t\u0101d\u0113\u013c nepiecie\u0161ama pa\u0161vald\u012bbas pal\u012bdz\u012bba seku likvid\u0113\u0161an\u0101, iedz\u012bvot\u0101ji aicin\u0101ti sazin\u0101ties ar KSP pa t\u0101lruni 65476314. Pa\u0161vald\u012bba \u012bpa\u0161i uzsver, ka pal\u012bdz\u012bba v\u0113tras skartaj\u0101s priv\u0101taj\u0101s teritorij\u0101s tiek sniegta bez maksas, un iedz\u012bvot\u0101jiem j\u0101b\u016bt uzman\u012bgiem, jo pils\u0113t\u0101 par\u0101d\u012bju\u0161ies cilv\u0113ki, kuri pied\u0101v\u0101 maksas pakalpojumus, uzdodoties par pa\u0161vald\u012bbas p\u0101rst\u0101vjiem. Pirms jebk\u0101das sadarb\u012bbas iedz\u012bvot\u0101ji aicin\u0101ti p\u0101rliecin\u0101ties par inform\u0101cijas patiesumu un nepiecie\u0161am\u012bbas gad\u012bjum\u0101 sazin\u0101ties ar KSP.<\/p>\n<p>Ja priv\u0101taj\u0101 teritorij\u0101 nepiecie\u0161ama pa\u0161vald\u012bbas pal\u012bdz\u012bba v\u0113tras rad\u012bto seku likvid\u0113\u0161an\u0101, iedz\u012bvot\u0101ji aicin\u0101ti sazin\u0101ties ar KSP pa t\u0101lruni 65476314. Pa\u0161vald\u012bba \u012bpa\u0161i uzsver, ka pal\u012bdz\u012bba v\u0113tras skartaj\u0101s priv\u0101taj\u0101s teritorij\u0101s tiek sniegta bez maksas, un iedz\u012bvot\u0101jiem j\u0101b\u016bt uzman\u012bgiem, jo pils\u0113t\u0101 par\u0101d\u012bju\u0161ies cilv\u0113ki, kuri pied\u0101v\u0101 maksas pakalpojumus, uzdodoties par pa\u0161vald\u012bbas p\u0101rst\u0101vjiem. Pirms jebk\u0101das sadarb\u012bbas iedz\u012bvot\u0101ji aicin\u0101ti p\u0101rliecin\u0101ties par inform\u0101cijas patiesumu un nepiecie\u0161am\u012bbas gad\u012bjum\u0101 sazin\u0101ties ar KSP.<\/p>\n<p>T\u0101pat KSP atg\u0101dina, ka patva\u013c\u012bga koku aizve\u0161ana nav at\u013cauta. Katrs gad\u012bjums tiek izv\u0113rt\u0113ts individu\u0101li, \u0146emot v\u0113r\u0101 zemes \u012bpa\u0161umties\u012bbas, t\u0101p\u0113c pirms jebk\u0101das r\u012bc\u012bbas ar nog\u0101ztu koku iedz\u012bvot\u0101ji aicin\u0101ti sazin\u0101ties ar p\u0101rvaldi.<\/p>\n<p>Prec\u012bzs pa\u0161vald\u012bbai nodar\u012bto zaud\u0113jumu apm\u0113rs b\u016bs zin\u0101ms ned\u0113\u013cas nogal\u0113, kad b\u016bs pabeigta pils\u0113tas apseko\u0161ana un visu post\u012bjumu apkopo\u0161ana.<\/p>\n<p>Jau zi\u0146ots, ka sestdienas vakar\u0101 un nakt\u012b uz sv\u0113tdienu Latviju plos\u012bja \u013coti stipra v\u0113tra jeb auka, atst\u0101jot bez elektr\u012bbas vair\u0101k nek\u0101 ceturtda\u013cmiljonu m\u0101jsaimniec\u012bbu.<\/p>\n","protected":false},"excerpt":{"rendered":"Ja v\u0113tras laik\u0101 koks no pa\u0161vald\u012bbas teritorijas ir nokritis priv\u0101taj\u0101 teritorij\u0101 un t\u0101d\u0113\u013c nepiecie\u0161ama pa\u0161vald\u012bbas pal\u012bdz\u012bba seku likvid\u0113\u0161an\u0101,&hellip;\n","protected":false},"author":2,"featured_media":276705,"comment_status":"","ping_status":"","sticky":false,"template":"","format":"standard","meta":{"footnotes":"","_share_on_mastodon":"0"},"categories":[12],"tags":[23,28,29,168,3392,32,33,22,30,31,35,39,38,36,37,34,40,20,26,27,24,25,4457,21],"class_list":["post-276704","post","type-post","status-publish","format-standard","has-post-thumbnail","category-latvija","tag-aktualitates","tag-breaking-news","tag-breakingnews","tag-daugavpils","tag-elektriba","tag-featured-news","tag-featurednews","tag-headlines","tag-latest-news","tag-latestnews","tag-latvia","tag-latvian","tag-latviesu","tag-latviesu-valoda","tag-latviesuvaloda","tag-latvija","tag-lv","tag-news","tag-popularakas-zinas","tag-popularakaszinas","tag-top-stories","tag-topstories","tag-vetra","tag-zinas"],"share_on_mastodon":{"url":"https:\/\/pubeurope.com\/@lv\/117151228382221695","error":""},"_links":{"self":[{"href":"https:\/\/www.europesays.com\/lv\/wp-json\/wp\/v2\/posts\/276704","targetHints":{"allow":["GET"]}}],"collection":[{"href":"https:\/\/www.europesays.com\/lv\/wp-json\/wp\/v2\/posts"}],"about":[{"href":"https:\/\/www.europesays.com\/lv\/wp-json\/wp\/v2\/types\/post"}],"author":[{"embeddable":true,"href":"https:\/\/www.europesays.com\/lv\/wp-json\/wp\/v2\/users\/2"}],"replies":[{"embeddable":true,"href":"https:\/\/www.europesays.com\/lv\/wp-json\/wp\/v2\/comments?post=276704"}],"version-history":[{"count":0,"href":"https:\/\/www.europesays.com\/lv\/wp-json\/wp\/v2\/posts\/276704\/revisions"}],"wp:featuredmedia":[{"embeddable":true,"href":"https:\/\/www.europesays.com\/lv\/wp-json\/wp\/v2\/media\/276705"}],"wp:attachment":[{"href":"https:\/\/www.europesays.com\/lv\/wp-json\/wp\/v2\/media?parent=276704"}],"wp:term":[{"taxonomy":"category","embeddable":true,"href":"https:\/\/www.europesays.com\/lv\/wp-json\/wp\/v2\/categories?post=276704"},{"taxonomy":"post_tag","embeddable":true,"href":"https:\/\/www.europesays.com\/lv\/wp-json\/wp\/v2\/tags?post=276704"}],"curies":[{"name":"wp","href":"https:\/\/api.w.org\/{rel}","templated":true}]}}