{"id":276764,"date":"2026-08-24T17:34:35","date_gmt":"2026-08-24T17:34:35","guid":{"rendered":"https:\/\/www.europesays.com\/lv\/276764\/"},"modified":"2026-08-24T17:34:35","modified_gmt":"2026-08-24T17:34:35","slug":"brivibas-gatve-riga-deg-neapsaimniekota-eka-delfi","status":"publish","type":"post","link":"https:\/\/www.europesays.com\/lv\/276764\/","title":{"rendered":"Br\u012bv\u012bbas gatv\u0113 R\u012bg\u0101 deg neapsaimniekota \u0113ka &#8211; DELFI"},"content":{"rendered":"<ol>\n<li><a href=\"https:\/\/news.google.com\/rss\/articles\/CBMikAFBVV95cUxOc3NKVmw5SkYweHZaVU1CTFJidmlleXRjQUFpbGhkWld5UVJKNnZtT2xTUzFYZjg2QjlYaXRUZnlhYzh5R2NfY29ONUhhOWxGVlRreFY1b0owN3dRdDBmN1o3anp2QUJwWURPZFN4c0lWYjhGN2t6UWtPdnhOVzgyU2dWNnpjaE9iejU0NmxqR0c?oc=5\" target=\"_blank\" rel=\"nofollow noopener\">Br\u012bv\u012bbas gatv\u0113 R\u012bg\u0101 deg neapsaimniekota \u0113ka<\/a>&nbsp;&nbsp;DELFI<\/li>\n<li><a href=\"https:\/\/news.google.com\/rss\/articles\/CBMi3wFBVV95cUxQR3gxaThmX2hzNDZnWVg2THVWcGdxdWthdXZ1Uzc1RmtUay1ndnZtTWw3cVpCaUdEbkRpQnZ2cGphZDV3TTVSUzQybXJqMDlTbWhFVDltWGxzOWVLU1VPQkd1UnFzUlR4WTNYSU4xdnV3cGF3TUdtZUlGX1FLS1R3eFJkNS1fWUxfRmdwOG9lbzhVMElZa0pYOVM0TXJJOFJEVGdNSThlSGJIVHkwWTVBMWsxYmZFdTA2ajVYX1k2UUNFZk9wWldMQkFvNU84YTluQlJ4Z0VHMFJaNFlhaDZZ?oc=5\" target=\"_blank\" rel=\"nofollow noopener\">Foto: Sp\u012bt\u0113 lietum un sagaida saul\u012bti \u2013 Sarkandaugav\u0101 notiek ielu m\u0101kslas festiv\u0101ls<\/a>&nbsp;&nbsp;DELFI<\/li>\n<li><a href=\"https:\/\/news.google.com\/rss\/articles\/CBMiigJBVV95cUxQNGo5Ui1JN1Y2NG5QVUczbGZ1SDBfNk8xOTRZNHZDOEdOanZQcGxSekl6ZTZiMXZNbzRyNXRJREt1RDZ6R0dVb3I2c2EtdnR0bnV6VE0taXFFUTBEdlFmQmRHQl96a2hhTk1OM21wdVI4T2dzMzJEY281dUJ3NkhwNTU2NEprZUpBZzVDb1JISk9BZjkxTUVaYlVXSXFvU3hZNTNCT1l5LXpHR2J5aGhsZmQweWFLSERKX01SWDNpWlJEMU9Wa2k2Xzl6Vl90VGxFMHhtRE5odTVjT2JLVWduZVBCcW9yTlQ4TXJ3TEZZM1h0MjlrZ0hJLUpzYl9TMnpNVm5ZaXRjZUIwZw?oc=5\" target=\"_blank\" rel=\"nofollow noopener\">Ielu m\u0101kslinieki, skeitbordisti un citi Sarkandaugav\u0101 pulc\u0113jas Baltijas ielu m\u0101kslas un kult\u016bras festiv\u0101l\u0101 &#8220;Row Baltics&#8221;. FOTO<\/a>&nbsp;&nbsp;Inbox.lv<\/li>\n<li><a href=\"https:\/\/news.google.com\/rss\/articles\/CBMixgFBVV95cUxNUldLRnpBcmQ0d0o4RXN2djJxR0JOS0c3d0FBMVV0RUs5Q3JpeUJnLWZGOEhjWklWNjdhUGlTU3hUWHN1bkcwZ1NjUEczSWZTaDNzbFMtV3NoWTY2MlVBUDE4X0RrVFdlWVlKZlB3VEE0Z3VHcG1tc1Y0RU1yZDl4R3hJOVlUQUhrWXFTNlZ0bFBzTGg0ZzlhVDRZUmt6YkpoVHZSVFVBbnEyaHh0MklpVjV1UUhadkJWUjlKRWF1aDQxY2ZPN3c?oc=5\" target=\"_blank\" rel=\"nofollow noopener\">R\u012bgas pa\u0161vald\u012bba aicina uz ielu m\u0101kslas festiv\u0101lu Sarkandaugav\u0101 \u201cRow Baltics 2026\u201d<\/a>&nbsp;&nbsp;LV port\u0101ls<\/li>\n<li><a href=\"https:\/\/news.google.com\/rss\/articles\/CBMipAFBVV95cUxNSFJlMkNQWGJxYVJUbTVkY2M3dFlOOHNYU0haNzh0ejlWSzV5VVBJdHliTUlSc0hBNGVlY1RFZ0I5Nms5dUxFUXVWQnZPRjZ4RWlXbExrZXg4czhoVmlaeU9iTzR6WDFDYkhZeEx6WmpmUWI0WmxEU3R1S1hfR3BPcGhkYUdHVWktZWJMcnI5eVN6SFFhS3hQRWNTUWpnSmJ6QlZNbw?oc=5\" target=\"_blank\" rel=\"nofollow noopener\">Sarkandaugav\u0101 notiks liel\u0101kais Baltijas ielu m\u0101kslas festiv\u0101ls<\/a>&nbsp;&nbsp;tv3.lv<\/li>\n<\/ol>\n","protected":false},"excerpt":{"rendered":"Br\u012bv\u012bbas gatv\u0113 R\u012bg\u0101 deg neapsaimniekota \u0113ka&nbsp;&nbsp;DELFI Foto: Sp\u012bt\u0113 lietum un sagaida saul\u012bti \u2013 Sarkandaugav\u0101 notiek ielu m\u0101kslas festiv\u0101ls&nbsp;&nbsp;DELFI&hellip;\n","protected":false},"author":2,"featured_media":276765,"comment_status":"","ping_status":"","sticky":false,"template":"","format":"standard","meta":{"footnotes":"","_share_on_mastodon":"0"},"categories":[19],"tags":[41936,89,90,35,39,38,36,37,34,40,172,12428],"class_list":["post-276764","post","type-post","status-publish","format-standard","has-post-thumbnail","category-izklaide","tag-brivibas-gatve","tag-entertainment","tag-izklaide","tag-latvia","tag-latvian","tag-latviesu","tag-latviesu-valoda","tag-latviesuvaloda","tag-latvija","tag-lv","tag-riga","tag-valsts-ugunsdzesibas-un-glabsanas-dienests"],"share_on_mastodon":{"url":"https:\/\/pubeurope.com\/@lv\/117151692462344496","error":""},"_links":{"self":[{"href":"https:\/\/www.europesays.com\/lv\/wp-json\/wp\/v2\/posts\/276764","targetHints":{"allow":["GET"]}}],"collection":[{"href":"https:\/\/www.europesays.com\/lv\/wp-json\/wp\/v2\/posts"}],"about":[{"href":"https:\/\/www.europesays.com\/lv\/wp-json\/wp\/v2\/types\/post"}],"author":[{"embeddable":true,"href":"https:\/\/www.europesays.com\/lv\/wp-json\/wp\/v2\/users\/2"}],"replies":[{"embeddable":true,"href":"https:\/\/www.europesays.com\/lv\/wp-json\/wp\/v2\/comments?post=276764"}],"version-history":[{"count":0,"href":"https:\/\/www.europesays.com\/lv\/wp-json\/wp\/v2\/posts\/276764\/revisions"}],"wp:featuredmedia":[{"embeddable":true,"href":"https:\/\/www.europesays.com\/lv\/wp-json\/wp\/v2\/media\/276765"}],"wp:attachment":[{"href":"https:\/\/www.europesays.com\/lv\/wp-json\/wp\/v2\/media?parent=276764"}],"wp:term":[{"taxonomy":"category","embeddable":true,"href":"https:\/\/www.europesays.com\/lv\/wp-json\/wp\/v2\/categories?post=276764"},{"taxonomy":"post_tag","embeddable":true,"href":"https:\/\/www.europesays.com\/lv\/wp-json\/wp\/v2\/tags?post=276764"}],"curies":[{"name":"wp","href":"https:\/\/api.w.org\/{rel}","templated":true}]}}