{"id":27687,"date":"2025-10-22T02:08:10","date_gmt":"2025-10-22T02:08:10","guid":{"rendered":"https:\/\/www.europesays.com\/lv\/27687\/"},"modified":"2025-10-22T02:08:10","modified_gmt":"2025-10-22T02:08:10","slug":"ari-ciliesu-pilots-sauda-arabijas-wrc-posma-cer-startet-ar-rally1-auto-motoru-sports-sportacentrs-com","status":"publish","type":"post","link":"https:\/\/www.europesays.com\/lv\/27687\/","title":{"rendered":"Ar\u012b \u010d\u012blie\u0161u pilots Sa\u016bda Ar\u0101bijas WRC posm\u0101 cer start\u0113t ar &#8220;Rally1&#8221; auto \u2013 Motoru sports \u2013 Sportacentrs.com"},"content":{"rendered":"<p>Tas b\u016btu \u0161\u012b gada p\u0113d\u0113jais WRC posms Sa\u016bda Ar\u0101bij\u0101 novembr\u012b, jo Helleram tradicion\u0101li lab\u0101k padodas sac\u012bkstes uz grants seguma. Vi\u0146\u0161 nestart\u0113ja Centr\u0101leiropas rallij\u0101 un nav dal\u012bbnieku sarakst\u0101 ar\u012b uz Jap\u0101nas posmu.<\/p>\n<p>Hellers ar &#8220;M-Sport&#8221; komandas &#8220;Ford Puma Rally1&#8221; ma\u0161\u012bnu septembr\u012b st\u0101j\u0101s uz starta sav\u0101 dzimten\u0113 \u010c\u012bl\u0113 notiku\u0161aj\u0101 WRC posm\u0101, un da\u017ebr\u012bd par\u0101d\u012btais lieliskais \u0101trums pamudin\u0101jis 31 gadu veco sportistu v\u0113l\u0113ties ko t\u0101du izbaud\u012bt v\u0113lreiz.<\/p>\n<p>L\u012bdz \u0161im Hellers ar &#8220;Rally1&#8221; auto braucis tikai divreiz, abas sav\u0101 m\u0101ju posm\u0101 \u010c\u012bl\u0113 &#8211; \u0161ogad un ar\u012b 2023. gad\u0101. Pirmaj\u0101 reiz\u0113 vi\u0146\u0161 vienubr\u012bd bija pac\u0113lies pat uz astoto vietu, bet v\u0113l\u0101k p\u0113c trieciena saboj\u0101ja st\u016bres iek\u0101rtu. \u0160ogad c\u012b\u0146u par pirmo desmitnieku izjauca tehniskas probl\u0113mas. Tom\u0113r sv\u0113tdien vi\u0146\u0161 atgriez\u0101s uz starta un bija 1.2 sekundes uz kilometru l\u0113n\u0101ks par l\u012bderiem, ko pats uzskat\u012bja par labu sniegumu.<\/p>\n<p>Diskusijas par v\u0113l vienu WRC startu \u0161aj\u0101 sezon\u0101 jau notiek, apstiprina pilots: &#8220;M\u0113s cen\u0161amies. Grib\u0113tu aizvad\u012bt v\u0113l vienu ralliju \u0161ogad, bet v\u0113l nezinu, vai tas b\u016bs iesp\u0113jams. Mums j\u0101parun\u0101 ar komandu.&#8221;<\/p>\n<p>Nesen autosporta veter\u0101ns Nasers Al-Atija apstiprin\u0101ja, ka Sa\u016bda Ar\u0101bijas rallij\u0101 start\u0113s ar &#8220;M-Sport&#8221; komandas &#8220;Ford Puma Rally1&#8221; auto, t\u0101pat ar\u012b M\u0101rti\u0146\u0161 Sesks, l\u012bdz ar ko komandai jau b\u016bs j\u0101r\u016bp\u0113jas par \u010detr\u0101m ma\u0161\u012bn\u0101m.<\/p>\n<p>Izmantotie resursi:<br \/><a target=\"_blank\" href=\"http:\/\/www.4rati.lv\" rel=\"nofollow noopener\">4rati.lv &#8211; Viss par autosportu<\/a><\/p>\n","protected":false},"excerpt":{"rendered":"Tas b\u016btu \u0161\u012b gada p\u0113d\u0113jais WRC posms Sa\u016bda Ar\u0101bij\u0101 novembr\u012b, jo Helleram tradicion\u0101li lab\u0101k padodas sac\u012bkstes uz grants&hellip;\n","protected":false},"author":2,"featured_media":27688,"comment_status":"","ping_status":"","sticky":false,"template":"","format":"standard","meta":{"footnotes":""},"categories":[17],"tags":[35,39,38,36,37,34,40,165,67],"class_list":{"0":"post-27687","1":"post","2":"type-post","3":"status-publish","4":"format-standard","5":"has-post-thumbnail","7":"category-sports","8":"tag-latvia","9":"tag-latvian","10":"tag-latviesu","11":"tag-latviesu-valoda","12":"tag-latviesuvaloda","13":"tag-latvija","14":"tag-lv","15":"tag-motoru-sports","16":"tag-sports"},"share_on_mastodon":{"url":"","error":""},"_links":{"self":[{"href":"https:\/\/www.europesays.com\/lv\/wp-json\/wp\/v2\/posts\/27687","targetHints":{"allow":["GET"]}}],"collection":[{"href":"https:\/\/www.europesays.com\/lv\/wp-json\/wp\/v2\/posts"}],"about":[{"href":"https:\/\/www.europesays.com\/lv\/wp-json\/wp\/v2\/types\/post"}],"author":[{"embeddable":true,"href":"https:\/\/www.europesays.com\/lv\/wp-json\/wp\/v2\/users\/2"}],"replies":[{"embeddable":true,"href":"https:\/\/www.europesays.com\/lv\/wp-json\/wp\/v2\/comments?post=27687"}],"version-history":[{"count":0,"href":"https:\/\/www.europesays.com\/lv\/wp-json\/wp\/v2\/posts\/27687\/revisions"}],"wp:featuredmedia":[{"embeddable":true,"href":"https:\/\/www.europesays.com\/lv\/wp-json\/wp\/v2\/media\/27688"}],"wp:attachment":[{"href":"https:\/\/www.europesays.com\/lv\/wp-json\/wp\/v2\/media?parent=27687"}],"wp:term":[{"taxonomy":"category","embeddable":true,"href":"https:\/\/www.europesays.com\/lv\/wp-json\/wp\/v2\/categories?post=27687"},{"taxonomy":"post_tag","embeddable":true,"href":"https:\/\/www.europesays.com\/lv\/wp-json\/wp\/v2\/tags?post=27687"}],"curies":[{"name":"wp","href":"https:\/\/api.w.org\/{rel}","templated":true}]}}