{"id":276934,"date":"2026-08-25T00:45:28","date_gmt":"2026-08-25T00:45:28","guid":{"rendered":"https:\/\/www.europesays.com\/lv\/276934\/"},"modified":"2026-08-25T00:45:28","modified_gmt":"2026-08-25T00:45:28","slug":"tuvredziga-politika-polija-bridina-ukrainu-par-sekam-kijiva-planota-varonu-memoriala-del","status":"publish","type":"post","link":"https:\/\/www.europesays.com\/lv\/276934\/","title":{"rendered":"&#8220;Tuvredz\u012bga politika.&#8221; Polija br\u012bdina Ukrainu par sek\u0101m Kijiv\u0101 pl\u0101not\u0101 varo\u0146u memori\u0101la d\u0113\u013c"},"content":{"rendered":"<p>Vol\u012bnijas slakti\u0146\u0161 jeb Vol\u012bnijas tra\u0123\u0113dija bija UPA veiktas etnisk\u0101s t\u012br\u012b\u0161anas &#8211; po\u013cu civiliedz\u012bvot\u0101ju masveida izn\u012bcin\u0101\u0161ana. Vol\u012bnija pirms Otr\u0101 pasaules kara bija sadal\u012bta starp PSRS un Poliju, bet, s\u0101koties karam, PSRS okup\u0113ja ar\u012b po\u013cu Vol\u012bnijas da\u013cu. P\u0113c tam, kad \u0161\u012b teritorija non\u0101ca nacistisk\u0101s V\u0101cijas okup\u0101cij\u0101, 1943. gada 11. j\u016blij\u0101 ukrai\u0146u nacion\u0101listu partiz\u0101nu armija UPA, kas iest\u0101j\u0101s par neatkar\u012bgas Ukrainas izveidi, s\u0101ka organiz\u0113tas Vol\u012bnijas po\u013cu izn\u012bcin\u0101\u0161anas akcijas, kuru laik\u0101, k\u0101 tiek l\u0113sts, l\u012bdz 1945. gadam tika noslepkavoti 60 l\u012bdz 100 t\u016bksto\u0161i etnisko po\u013cu. Atriebes uzbrukumos un tam sekojo\u0161\u0101 partiz\u0101nu kar\u0101 Vol\u012bnij\u0101 tika nogalin\u0101ti ar\u012b divi l\u012bdz tr\u012bs t\u016bksto\u0161i ukrai\u0146u. Vardarb\u012bbai p\u0101rsvie\u017eoties uz citiem re\u0123ioniem Polijas austrumos un dienvidos, kur toreiz\u0113jais komunistiskais re\u017e\u012bms s\u0101ka \u012bstenot etnisk\u0101s t\u012br\u012b\u0161anas, l\u012bdz 1947. gadam dz\u012bv\u012bbu zaud\u0113ja v\u0113l aptuveni 20 000 ukrai\u0146u.<\/p>\n<p>J\u016bnij\u0101 Zelenskis UPA varo\u0146u titulu pie\u0161\u0137\u012bra k\u0101dai Ukrainas milit\u0101rajai vien\u012bbai.<\/p>\n<p>Polijas un Ukrainas domstarp\u012bbas v\u0113l vair\u0101k saasin\u0101j\u0101s p\u0113c tam, kad Polijas prezidents Navrockis at\u0146\u0113ma Zelenskim Balt\u0101 \u0113rg\u013ca ordeni, kas ir Polijas augst\u0101kais valsts apbalvojums. No apbalvojumiem str\u012bda d\u0113\u013c atteic\u0101s vair\u0101ki Ukrainas un Polijas politi\u0137i.<\/p>\n","protected":false},"excerpt":{"rendered":"Vol\u012bnijas slakti\u0146\u0161 jeb Vol\u012bnijas tra\u0123\u0113dija bija UPA veiktas etnisk\u0101s t\u012br\u012b\u0161anas &#8211; po\u013cu civiliedz\u012bvot\u0101ju masveida izn\u012bcin\u0101\u0161ana. Vol\u012bnija pirms Otr\u0101&hellip;\n","protected":false},"author":2,"featured_media":276935,"comment_status":"","ping_status":"","sticky":false,"template":"","format":"standard","meta":{"footnotes":"","_share_on_mastodon":"0"},"categories":[14],"tags":[23,57,28,29,32,33,22,30,31,35,39,38,36,37,34,40,20,72,26,27,24,25,276,293,54,55,56,21,58],"class_list":["post-276934","post","type-post","status-publish","format-standard","has-post-thumbnail","category-zinas-no-arvalstim","tag-aktualitates","tag-arvalstim","tag-breaking-news","tag-breakingnews","tag-featured-news","tag-featurednews","tag-headlines","tag-latest-news","tag-latestnews","tag-latvia","tag-latvian","tag-latviesu","tag-latviesu-valoda","tag-latviesuvaloda","tag-latvija","tag-lv","tag-news","tag-polija","tag-popularakas-zinas","tag-popularakaszinas","tag-top-stories","tag-topstories","tag-ukraina","tag-vesture","tag-world","tag-world-news","tag-worldnews","tag-zinas","tag-zinas-no-arvalstim"],"share_on_mastodon":{"url":"https:\/\/pubeurope.com\/@lv\/117153387154031774","error":""},"_links":{"self":[{"href":"https:\/\/www.europesays.com\/lv\/wp-json\/wp\/v2\/posts\/276934","targetHints":{"allow":["GET"]}}],"collection":[{"href":"https:\/\/www.europesays.com\/lv\/wp-json\/wp\/v2\/posts"}],"about":[{"href":"https:\/\/www.europesays.com\/lv\/wp-json\/wp\/v2\/types\/post"}],"author":[{"embeddable":true,"href":"https:\/\/www.europesays.com\/lv\/wp-json\/wp\/v2\/users\/2"}],"replies":[{"embeddable":true,"href":"https:\/\/www.europesays.com\/lv\/wp-json\/wp\/v2\/comments?post=276934"}],"version-history":[{"count":0,"href":"https:\/\/www.europesays.com\/lv\/wp-json\/wp\/v2\/posts\/276934\/revisions"}],"wp:featuredmedia":[{"embeddable":true,"href":"https:\/\/www.europesays.com\/lv\/wp-json\/wp\/v2\/media\/276935"}],"wp:attachment":[{"href":"https:\/\/www.europesays.com\/lv\/wp-json\/wp\/v2\/media?parent=276934"}],"wp:term":[{"taxonomy":"category","embeddable":true,"href":"https:\/\/www.europesays.com\/lv\/wp-json\/wp\/v2\/categories?post=276934"},{"taxonomy":"post_tag","embeddable":true,"href":"https:\/\/www.europesays.com\/lv\/wp-json\/wp\/v2\/tags?post=276934"}],"curies":[{"name":"wp","href":"https:\/\/api.w.org\/{rel}","templated":true}]}}