{"id":277000,"date":"2026-08-25T03:38:20","date_gmt":"2026-08-25T03:38:20","guid":{"rendered":"https:\/\/www.europesays.com\/lv\/277000\/"},"modified":"2026-08-25T03:38:20","modified_gmt":"2026-08-25T03:38:20","slug":"snikus-izcina-bronzu-pasaules-cempionata-paraiejade","status":"publish","type":"post","link":"https:\/\/www.europesays.com\/lv\/277000\/","title":{"rendered":"Snikus izc\u012bna bronzu pasaules \u010dempion\u0101t\u0101 paraiej\u0101d\u0113"},"content":{"rendered":"<p>Snikus un &#8220;Rise &amp; Shine&#8221; sniegums tika nov\u0113rt\u0113ts ar 75,420%, kas fin\u0101lsacens\u012bb\u0101s deva tre\u0161o vietu asto\u0146u dal\u012bbnieku konkurenc\u0113.<\/p>\n<p>Pirmo vietu ie\u0146\u0113ma amerik\u0101niete Marija Vonderheidena ar zirgu &#8220;Fan Tastico&#8221;, kuri tika nov\u0113rt\u0113ti ar 80,540%, bet otraj\u0101 viet\u0101 ar 78,767% bija it\u0101liete S\u0101ra Morganti ar &#8220;Bond Girl 18&#8221;.<\/p>\n<p>&#8220;Cer\u0113j\u0101m uz labu rezult\u0101tu, bet neuzdro\u0161in\u0101j\u0101mies cer\u0113t uz meda\u013c\u0101m, jo \u0161\u012bs bija &#8220;Rise and Shine&#8221; otr\u0101s starptautisk\u0101s sacens\u012bbas. Rihards start\u0113ja pats pirmais, ar\u012b, protams, stresaini, jo Tu pirmais uzliec lati\u0146u. Izdev\u0101s Rihardam sasniegt labu un kvalitat\u012bvu rezult\u0101tu. Visi tie\u0161\u0101m ir \u013coti p\u0101rsteigti,&#8221; par Riharda startu br\u012bv\u0101 stila kategorij\u0101 st\u0101sta El\u012bna Brigmane.<\/p>\n<p>&#8220;Esam \u013coti priec\u012bgi par Riharda un &#8220;Rise and Shine&#8221; lielisko sasniegumu! Liels darbs padar\u012bts un priec\u0101jamies, ka Rihards m\u0101k izvest zirgu da\u017e\u0101d\u0101s situ\u0101cij\u0101s. Mazliet, protams, kl\u0101t ar\u012b veiksme,&#8221; sacens\u012bbu izn\u0101kumu koment\u0113 Riharda Snikus trenere Agnese Roz\u012bte.<\/p>\n<p>Pasaules \u010dempion\u0101t\u0101 start\u0113ja ar\u012b Alise Mui\u017eniece ar zirgu &#8220;Baily&#8221;.<\/p>\n<p>Sportistu dal\u012bba pasaules \u010dempion\u0101t\u0101 ir solis ce\u013c\u0101 uz 2028. gada Losand\u017eelosas paralimpiskaj\u0101m sp\u0113l\u0113m, jo sacens\u012bb\u0101s ieg\u016btie rezult\u0101ti \u013cauj kr\u0101t punktus pasaules rang\u0101.<\/p>\n","protected":false},"excerpt":{"rendered":"Snikus un &#8220;Rise &amp; Shine&#8221; sniegums tika nov\u0113rt\u0113ts ar 75,420%, kas fin\u0101lsacens\u012bb\u0101s deva tre\u0161o vietu asto\u0146u dal\u012bbnieku konkurenc\u0113.&hellip;\n","protected":false},"author":2,"featured_media":277001,"comment_status":"","ping_status":"","sticky":false,"template":"","format":"standard","meta":{"footnotes":"","_share_on_mastodon":"0"},"categories":[5],"tags":[23,28,29,32,33,22,33993,30,31,35,39,38,36,37,34,40,20,4265,26,27,4534,24,25,21],"class_list":["post-277000","post","type-post","status-publish","format-standard","has-post-thumbnail","category-aktualitates","tag-aktualitates","tag-breaking-news","tag-breakingnews","tag-featured-news","tag-featurednews","tag-headlines","tag-jasanas-sports","tag-latest-news","tag-latestnews","tag-latvia","tag-latvian","tag-latviesu","tag-latviesu-valoda","tag-latviesuvaloda","tag-latvija","tag-lv","tag-news","tag-parasports","tag-popularakas-zinas","tag-popularakaszinas","tag-rihards-snikus","tag-top-stories","tag-topstories","tag-zinas"],"share_on_mastodon":{"url":"https:\/\/pubeurope.com\/@lv\/117154067448732520","error":""},"_links":{"self":[{"href":"https:\/\/www.europesays.com\/lv\/wp-json\/wp\/v2\/posts\/277000","targetHints":{"allow":["GET"]}}],"collection":[{"href":"https:\/\/www.europesays.com\/lv\/wp-json\/wp\/v2\/posts"}],"about":[{"href":"https:\/\/www.europesays.com\/lv\/wp-json\/wp\/v2\/types\/post"}],"author":[{"embeddable":true,"href":"https:\/\/www.europesays.com\/lv\/wp-json\/wp\/v2\/users\/2"}],"replies":[{"embeddable":true,"href":"https:\/\/www.europesays.com\/lv\/wp-json\/wp\/v2\/comments?post=277000"}],"version-history":[{"count":0,"href":"https:\/\/www.europesays.com\/lv\/wp-json\/wp\/v2\/posts\/277000\/revisions"}],"wp:featuredmedia":[{"embeddable":true,"href":"https:\/\/www.europesays.com\/lv\/wp-json\/wp\/v2\/media\/277001"}],"wp:attachment":[{"href":"https:\/\/www.europesays.com\/lv\/wp-json\/wp\/v2\/media?parent=277000"}],"wp:term":[{"taxonomy":"category","embeddable":true,"href":"https:\/\/www.europesays.com\/lv\/wp-json\/wp\/v2\/categories?post=277000"},{"taxonomy":"post_tag","embeddable":true,"href":"https:\/\/www.europesays.com\/lv\/wp-json\/wp\/v2\/tags?post=277000"}],"curies":[{"name":"wp","href":"https:\/\/api.w.org\/{rel}","templated":true}]}}