{"id":27713,"date":"2025-10-22T02:49:17","date_gmt":"2025-10-22T02:49:17","guid":{"rendered":"https:\/\/www.europesays.com\/lv\/27713\/"},"modified":"2025-10-22T02:49:17","modified_gmt":"2025-10-22T02:49:17","slug":"berns-pamodas-no-liela-blikska-nmpd-publice-emocionalu-stastu-no-dzives-ka-mazberna-reakcija-glabusi-vecmaminu","status":"publish","type":"post","link":"https:\/\/www.europesays.com\/lv\/27713\/","title":{"rendered":"\u201cB\u0113rns pamod\u0101s no liela bl\u012bk\u0161\u0137a\u2026\u201d NMPD public\u0113 emocion\u0101lu st\u0101stu no dz\u012bves, k\u0101 mazb\u0113rna reakcija gl\u0101busi vecm\u0101mi\u0146u"},"content":{"rendered":"<p>    <img decoding=\"async\" src=\"https:\/\/www.europesays.com\/lv\/wp-content\/uploads\/2025\/10\/png-8-1024x683.png\" alt=\"&#10;\"\/><\/p>\n<p>Foto: LETA; LA.LV kol\u0101\u017ea\n<\/p>\n<p>Reiz\u0113m pat vismaz\u0101kie \u0123imenes locek\u013ci var izr\u0101d\u012bties \u012bsti varo\u0146i! Neatliekam\u0101s medic\u012bnisk\u0101s pal\u012bdz\u012bbas dienests (NMPD) soci\u0101lajos t\u012bklos dal\u012bju\u0161ies ar k\u0101das \u0123imenes pieredzes st\u0101stu, kas apliecina, cik svar\u012bgi run\u0101t ar b\u0113rniem par \u0101rk\u0101rtas situ\u0101cij\u0101m, kad k\u0101dam nepiecie\u0161ama l\u012bdzcilv\u0113ka pal\u012bdz\u012bba. <\/p>\n<p>        Las\u012bt\u0101kie<br \/>\n        <a data-imagesrc=\"{&quot;300&quot;:&quot;https:\\\/\\\/lastatic.ams3.cdn.digitaloceanspaces.com\\\/2025\\\/04\\\/pexels-vera-arsic-304265-984923-300x200.jpg&quot;,&quot;1024&quot;:&quot;https:\\\/\\\/lastatic.ams3.cdn.digitaloceanspaces.com\\\/2025\\\/04\\\/pexels-vera-arsic-304265-984923-1024x684.jpg&quot;,&quot;768&quot;:&quot;https:\\\/\\\/lastatic.ams3.cdn.digitaloceanspaces.com\\\/2025\\\/04\\\/pexels-vera-arsic-304265-984923-768x513.jpg&quot;,&quot;1536&quot;:&quot;https:\\\/\\\/lastatic.ams3.cdn.digitaloceanspaces.com\\\/2025\\\/04\\\/pexels-vera-arsic-304265-984923-1536x1025.jpg&quot;,&quot;2048&quot;:&quot;https:\\\/\\\/lastatic.ams3.cdn.digitaloceanspaces.com\\\/2025\\\/04\\\/pexels-vera-arsic-304265-984923-2048x1367.jpg&quot;,&quot;200&quot;:&quot;https:\\\/\\\/lastatic.ams3.cdn.digitaloceanspaces.com\\\/2025\\\/04\\\/pexels-vera-arsic-304265-984923-200x134.jpg&quot;,&quot;400&quot;:&quot;https:\\\/\\\/lastatic.ams3.cdn.digitaloceanspaces.com\\\/2025\\\/04\\\/pexels-vera-arsic-304265-984923-400x267.jpg&quot;,&quot;500&quot;:&quot;https:\\\/\\\/lastatic.ams3.cdn.digitaloceanspaces.com\\\/2025\\\/04\\\/pexels-vera-arsic-304265-984923-500x334.jpg&quot;,&quot;800&quot;:&quot;https:\\\/\\\/lastatic.ams3.cdn.digitaloceanspaces.com\\\/2025\\\/04\\\/pexels-vera-arsic-304265-984923-800x534.jpg&quot;,&quot;1000&quot;:&quot;https:\\\/\\\/lastatic.ams3.cdn.digitaloceanspaces.com\\\/2025\\\/04\\\/pexels-vera-arsic-304265-984923-1000x668.jpg&quot;,&quot;2560&quot;:&quot;https:\\\/\\\/lastatic.ams3.cdn.digitaloceanspaces.com\\\/2025\\\/04\\\/pexels-vera-arsic-304265-984923-scaled.jpg&quot;}\" data-focuspoint=\"&quot;&quot;\" data-p=\"2446330\" href=\"https:\/\/www.la.lv\/ideala-vecuma-starpiba-milestiba-cik-gadus-vecs-partneris-ir-piemerots-katrai-zodiaka-zimei\" class=\"content-item lazy-load\" wp_automatic_readability=\"26.5\" rel=\"nofollow noopener\" target=\"_blank\"><\/p>\n<p>                                <img decoding=\"async\" src=\"\" alt=\"\" style=\"\" data-imageid=\"\"\/><\/p>\n<p>                                Kokteilis<\/p>\n<p>\n                                                Ide\u0101l\u0101 vecuma starp\u012bba m\u012blest\u012bb\u0101: cik gadus vecs partneris ir piem\u0113rots katrai zodiaka z\u012bmei?\n                            <\/p>\n<p><\/a><a data-imagesrc=\"{&quot;300&quot;:&quot;https:\\\/\\\/lastatic.ams3.cdn.digitaloceanspaces.com\\\/2025\\\/10\\\/autoplacis-1-300x177.jpg&quot;,&quot;1024&quot;:&quot;https:\\\/\\\/lastatic.ams3.cdn.digitaloceanspaces.com\\\/2025\\\/10\\\/autoplacis-1-1024x606.jpg&quot;,&quot;500&quot;:&quot;https:\\\/\\\/lastatic.ams3.cdn.digitaloceanspaces.com\\\/2025\\\/10\\\/autoplacis-1-500x296.jpg&quot;,&quot;800&quot;:&quot;https:\\\/\\\/lastatic.ams3.cdn.digitaloceanspaces.com\\\/2025\\\/10\\\/autoplacis-1-800x473.jpg&quot;,&quot;1300&quot;:&quot;https:\\\/\\\/lastatic.ams3.cdn.digitaloceanspaces.com\\\/2025\\\/10\\\/autoplacis-1.jpg&quot;}\" data-focuspoint=\"&quot;&quot;\" data-p=\"2449216\" href=\"https:\/\/www.la.lv\/rezultati-ir-parsteidzosi-vacu-eksperti-nosaukusi-auto-kuri-nav-varejusi-izturet-100-000-kilometru-nobraukuma-testu\" class=\"content-item lazy-load\" wp_automatic_readability=\"27\" rel=\"nofollow noopener\" target=\"_blank\"><\/p>\n<p>                                <img decoding=\"async\" src=\"\" alt=\"\" style=\"\" data-imageid=\"\"\/><\/p>\n<p>\n                                                Rezult\u0101ti ir p\u0101rsteidzo\u0161i: v\u0101cu eksperti nosauku\u0161i auto, kuri nav var\u0113ju\u0161i iztur\u0113t  100 000 kilometru nobraukuma testu\n                            <\/p>\n<p><\/a><a data-imagesrc=\"{&quot;300&quot;:&quot;https:\\\/\\\/lastatic.ams3.cdn.digitaloceanspaces.com\\\/2025\\\/03\\\/LET_24813746-300x185.jpg&quot;,&quot;1024&quot;:&quot;https:\\\/\\\/lastatic.ams3.cdn.digitaloceanspaces.com\\\/2025\\\/03\\\/LET_24813746-1024x631.jpg&quot;,&quot;768&quot;:&quot;https:\\\/\\\/lastatic.ams3.cdn.digitaloceanspaces.com\\\/2025\\\/03\\\/LET_24813746-768x473.jpg&quot;,&quot;1536&quot;:&quot;https:\\\/\\\/lastatic.ams3.cdn.digitaloceanspaces.com\\\/2025\\\/03\\\/LET_24813746-1536x946.jpg&quot;,&quot;2048&quot;:&quot;https:\\\/\\\/lastatic.ams3.cdn.digitaloceanspaces.com\\\/2025\\\/03\\\/LET_24813746-2048x1261.jpg&quot;,&quot;200&quot;:&quot;https:\\\/\\\/lastatic.ams3.cdn.digitaloceanspaces.com\\\/2025\\\/03\\\/LET_24813746-200x123.jpg&quot;,&quot;400&quot;:&quot;https:\\\/\\\/lastatic.ams3.cdn.digitaloceanspaces.com\\\/2025\\\/03\\\/LET_24813746-400x246.jpg&quot;,&quot;500&quot;:&quot;https:\\\/\\\/lastatic.ams3.cdn.digitaloceanspaces.com\\\/2025\\\/03\\\/LET_24813746-500x308.jpg&quot;,&quot;800&quot;:&quot;https:\\\/\\\/lastatic.ams3.cdn.digitaloceanspaces.com\\\/2025\\\/03\\\/LET_24813746-800x493.jpg&quot;,&quot;1000&quot;:&quot;https:\\\/\\\/lastatic.ams3.cdn.digitaloceanspaces.com\\\/2025\\\/03\\\/LET_24813746-1000x616.jpg&quot;,&quot;2560&quot;:&quot;https:\\\/\\\/lastatic.ams3.cdn.digitaloceanspaces.com\\\/2025\\\/03\\\/LET_24813746-scaled.jpg&quot;}\" data-focuspoint=\"&quot;&quot;\" data-p=\"2452878\" href=\"https:\/\/www.la.lv\/ta-ir-milziga-drosme-vai-neizmerojams-stulbums-soctiklotaji-reage-uz-silinas-gatavibu-atkartoti-kandidet-uz-premjeres-amatu\" class=\"content-item lazy-load\" wp_automatic_readability=\"26.5\" rel=\"nofollow noopener\" target=\"_blank\"><\/p>\n<p>                                <img decoding=\"async\" src=\"\" alt=\"\" style=\"\" data-imageid=\"\"\/><\/p>\n<p>\n                                                \u201cT\u0101 ir milz\u012bga drosme vai neizm\u0113rojams stulbums?\u201d Soct\u012bklot\u0101ji rea\u0123\u0113 uz Sili\u0146as gatav\u012bbu atk\u0101rtoti kandid\u0113t uz premjeres amatu<\/p>\n<p><\/a><br \/>\n        <a class=\"read-more\" href=\"https:\/\/www.la.lv\/top\" rel=\"nofollow noopener\" target=\"_blank\">Las\u012bt citas zi\u0146as<\/a><\/p>\n<p>Pirms k\u0101da laika divi mazb\u0113rni \u2013 divpadsmit un septi\u0146us gadus veci \u2013 sp\u0113ju\u0161i operat\u012bvi r\u012bkoties, kad vi\u0146u omei p\u0113k\u0161\u0146i palika slikti. B\u0113rnu \u0101tr\u0101 reakcija izgl\u0101ba omes dz\u012bv\u012bbu.<\/p>\n<p>Turpin\u0101jum\u0101 NMPD st\u0101sts! <\/p>\n<p>\u201cMazb\u0113rni gl\u0101bj omes dz\u012bv\u012bbu.<\/p>\n<p>\u0160\u0101di gad\u012bjumi ir retums, bet tie notiek! Ar\u012b maz\u0101kie \u0123imenes locek\u013ci var iesaist\u012bties, lai gl\u0101btu k\u0101da dz\u012bv\u012bbu.<\/p>\n<p>    CITI \u0160OBR\u012aD LASA<\/p>\n<p>Pirms k\u0101da laika sa\u0146\u0113m\u0101m izsaukumu pie seniores, kurai negaid\u012bti nakts melnum\u0101 bija k\u013cuvis slikti. Laim\u012bgas sagad\u012b\u0161an\u0101s p\u0113c pie vi\u0146as taj\u0101 br\u012bd\u012b atrad\u0101s mazb\u0113rni \u2013 divpadsmit un septi\u0146us gadus veci.<\/p>\n<p>Vec\u0101kais b\u0113rns nakt\u012b pamod\u0101s no liela bl\u012bk\u0161\u0137a un steidz\u0101s pie savas vecm\u0101mi\u0146as, kuru ieraudz\u012bja gu\u013cam uz zemes. Mazmeita cent\u0101s vi\u0146u piecelt aug\u0161\u0101, ta\u010du tas neizdev\u0101s. B\u0113rns neapjuka un zvan\u012bja uz \u0101rk\u0101rtas t\u0101lruni, lai izsauktu m\u016bsu medi\u0137u brig\u0101di. Lai ar\u012b ome nevar\u0113ja pakustin\u0101t ne rokas, ne k\u0101jas, par laimi, runas sp\u0113ja bija saglab\u0101ta. Mazmeita tur\u0113ja omei telefonu pie auss un vi\u0146a pati st\u0101st\u012bja dispe\u010deram, kas noticis. Simptomi liecin\u0101ja, ka tas ir insults.<\/p>\n<p>Jau p\u0113c neilga br\u012b\u017ea ierad\u0101s m\u016bsu medi\u0137i, kuri sniedza pal\u012bdz\u012bbu un nog\u0101d\u0101ja vecm\u0101mi\u0146u slimn\u012bc\u0101.<\/p>\n<p>P\u0113c notiku\u0161\u0101 sa\u0146\u0113m\u0101m zi\u0146u no omes tuviniekiem: \u201cVi\u0146a atlabst un j\u016btas jau lab\u0101k. Ar\u012b slimn\u012bcas \u0101rsti uzsv\u0113ra \u2013 tik operat\u012bva nok\u013c\u016b\u0161ana slimn\u012bc\u0101 atst\u0101s vesel\u012bbai minim\u0101las sekas vai t\u0101du neb\u016bs pat visp\u0101r.\u201d Ja b\u0113rni neb\u016btu r\u012bkojo\u0161ies, iesp\u0113jams, \u0161im st\u0101stam b\u016btu pavisam cits izn\u0101kums.<\/p>\n<p>NMPD komanda saka lielu paldies abiem b\u0113rniem, kuri deva savai omei iesp\u0113ju dz\u012bvot! Mala\u010di!\u201d <\/p>\n<p>NMPD uzsver: \u201cAicin\u0101m ik katru vec\u0101ku p\u0101rrun\u0101t ar savu b\u0113rnu, k\u0101 r\u012bkoties situ\u0101cij\u0101s, kad notikusi nelaime. Iem\u0101ciet \u0101rk\u0101rtas t\u0101lru\u0146a numuru 112 un k\u0101 atpaz\u012bt insultu. Insulta gad\u012bjum\u0101, jo \u0101tr\u0101k tas tiks atpaz\u012bts un \u0101tr\u0101k izsaukta neatliekam\u0101 medic\u012bnisk\u0101 pal\u012bdz\u012bba \u2013 jo saslimu\u0161ajam liel\u0101kas cer\u012bbas uz labv\u0113l\u012bgu \u0101rst\u0113\u0161an\u0101s rezult\u0101tu un turpm\u0101ko dz\u012bves kvalit\u0101ti.\u201d <\/p>\n<p>K\u0101 izpau\u017eas insults?<\/p>\n<p>Visbie\u017e\u0101k\u0101s insulta izpausmes ir p\u0113k\u0161\u0146s \u0137erme\u0146a vienas puses v\u0101jums (neklausa roka un\/vai k\u0101ja, iesp\u0113jami ar\u012b ju\u0161anas trauc\u0113jumi), runas trauc\u0113jumi (slimnieks var run\u0101t neskaidri, ne t\u0101 k\u0101 ierasts, bet var ar\u012b piln\u012bb\u0101 zaud\u0113t sp\u0113ju run\u0101t un\/vai saprast teikto), sejas asimetrija (nosl\u012bd mutes kakti\u0146\u0161, m\u0113le novirz\u0101s no vidusl\u012bnijas, slimnieks nesp\u0113j pilnv\u0113rt\u012bgi pasmaid\u012bt), r\u012b\u0161anas trauc\u0113jumi, p\u0113k\u0161\u0146i redzes trauc\u0113jumi ar vienu vai ab\u0101m ac\u012bm, redzes dubulto\u0161an\u0101s iesp\u0113jamas ar\u012b p\u0113k\u0161\u0146as (s\u0101kas vien\u0101 mirkl\u012b, k\u0101 sitiens pa galvu), slimniekam nerakstur\u012bgas galvass\u0101pes, k\u0101 ar\u012b apzi\u0146as trauc\u0113jumi.<\/p>\n<p>Pal\u012bdz\u012bbas sniedz\u0113jiem ieteicams izmantot \u0100TRI testu, lai atpaz\u012btu bie\u017e\u0101k\u0101s insulta paz\u012bmes (\u0146emt v\u0113r\u0101, ka negat\u012bvs \u0100TRI tests piln\u012bb\u0101 neizsl\u0113dz insulta iesp\u0113ju)! <\/p>\n<p>Insulta tests \u0100TRI, kas pal\u012bdz atpaz\u012bt insulta paz\u012bmes <\/p>\n<p>\u0100 \u2013 atsmaidi! Smaids par\u0101da, vai acs vai mutes kakti\u0146\u0161 sejas vien\u0101 pus\u0113 nav nosl\u012bd\u0113jis uz leju.<\/p>\n<p>T \u2013 turi rokas! Vienlaikus pace\u013cot un noturot abas rokas, redzams, vai viena no t\u0101m nav v\u0101j\u0101ka un nenosl\u012bd uz leju.<\/p>\n<p>R \u2013 run\u0101! P\u0101rbaude atkl\u0101s, vai cilv\u0113ks var pateikt vai atk\u0101rtot vienk\u0101r\u0161u teikumu.<\/p>\n<p>I \u2013 izsauc pal\u012bdz\u012bbu! Nesp\u0113jot veikt kaut vienu no \u0161\u012bm darb\u012bb\u0101m, nekav\u0113joties j\u0101izsauc neatliekam\u0101 medic\u012bnisk\u0101 pal\u012bdz\u012bba. <\/p>\n<p>T\u0113mas<\/p>\n<p>    SAIST\u012aTIE RAKSTI<\/p>\n","protected":false},"excerpt":{"rendered":"Foto: LETA; LA.LV kol\u0101\u017ea Reiz\u0113m pat vismaz\u0101kie \u0123imenes locek\u013ci var izr\u0101d\u012bties \u012bsti varo\u0146i! Neatliekam\u0101s medic\u012bnisk\u0101s pal\u012bdz\u012bbas dienests (NMPD)&hellip;\n","protected":false},"author":2,"featured_media":27714,"comment_status":"","ping_status":"","sticky":false,"template":"","format":"standard","meta":{"footnotes":""},"categories":[5],"tags":[23,28,29,32,33,22,30,31,35,39,38,36,37,34,40,20,26,27,24,25,21],"class_list":{"0":"post-27713","1":"post","2":"type-post","3":"status-publish","4":"format-standard","5":"has-post-thumbnail","7":"category-aktualitates","8":"tag-aktualitates","9":"tag-breaking-news","10":"tag-breakingnews","11":"tag-featured-news","12":"tag-featurednews","13":"tag-headlines","14":"tag-latest-news","15":"tag-latestnews","16":"tag-latvia","17":"tag-latvian","18":"tag-latviesu","19":"tag-latviesu-valoda","20":"tag-latviesuvaloda","21":"tag-latvija","22":"tag-lv","23":"tag-news","24":"tag-popularakas-zinas","25":"tag-popularakaszinas","26":"tag-top-stories","27":"tag-topstories","28":"tag-zinas"},"share_on_mastodon":{"url":"","error":""},"_links":{"self":[{"href":"https:\/\/www.europesays.com\/lv\/wp-json\/wp\/v2\/posts\/27713","targetHints":{"allow":["GET"]}}],"collection":[{"href":"https:\/\/www.europesays.com\/lv\/wp-json\/wp\/v2\/posts"}],"about":[{"href":"https:\/\/www.europesays.com\/lv\/wp-json\/wp\/v2\/types\/post"}],"author":[{"embeddable":true,"href":"https:\/\/www.europesays.com\/lv\/wp-json\/wp\/v2\/users\/2"}],"replies":[{"embeddable":true,"href":"https:\/\/www.europesays.com\/lv\/wp-json\/wp\/v2\/comments?post=27713"}],"version-history":[{"count":0,"href":"https:\/\/www.europesays.com\/lv\/wp-json\/wp\/v2\/posts\/27713\/revisions"}],"wp:featuredmedia":[{"embeddable":true,"href":"https:\/\/www.europesays.com\/lv\/wp-json\/wp\/v2\/media\/27714"}],"wp:attachment":[{"href":"https:\/\/www.europesays.com\/lv\/wp-json\/wp\/v2\/media?parent=27713"}],"wp:term":[{"taxonomy":"category","embeddable":true,"href":"https:\/\/www.europesays.com\/lv\/wp-json\/wp\/v2\/categories?post=27713"},{"taxonomy":"post_tag","embeddable":true,"href":"https:\/\/www.europesays.com\/lv\/wp-json\/wp\/v2\/tags?post=27713"}],"curies":[{"name":"wp","href":"https:\/\/api.w.org\/{rel}","templated":true}]}}