{"id":27715,"date":"2025-10-22T02:55:22","date_gmt":"2025-10-22T02:55:22","guid":{"rendered":"https:\/\/www.europesays.com\/lv\/27715\/"},"modified":"2025-10-22T02:55:22","modified_gmt":"2025-10-22T02:55:22","slug":"par-kadu-valsti-mes-klustam-arvalstu-investori-iebilst-stambulas-konvencijas-denonsesanai","status":"publish","type":"post","link":"https:\/\/www.europesays.com\/lv\/27715\/","title":{"rendered":"&#8220;Par k\u0101du valsti m\u0113s k\u013c\u016bstam?&#8221; \u2013 \u0101rvalstu investori iebilst Stambulas konvencijas denons\u0113\u0161anai"},"content":{"rendered":"<p><a rel=\"noopener nofollow\" target=\"_blank\" href=\"https:\/\/www.delfi.lv\/temas\/54214944\/arvalstu-investoru-padome-latvija\" tag-id=\"54214944\">\u0100rvalstu investoru padome Latvij\u0101<\/a> (FICIL) v\u0113stul\u0113 <a rel=\"noopener nofollow\" target=\"_blank\" href=\"https:\/\/www.delfi.lv\/temas\/38952207\/saeima\" tag-id=\"38952207\">Saeimas<\/a> \u0100rlietu komisijai pau\u017e ba\u017eas par virz\u012bto priek\u0161likumu denons\u0113t Eiropas Padomes Konvenciju par vardarb\u012bbas pret sieviet\u0113m un vardarb\u012bbas \u0123imen\u0113 nov\u0113r\u0161anu un apkaro\u0161anu jeb Stambulas konvenciju. V\u0113stul\u0113 padome pau\u017eot ba\u017eas un iebildumus pret \u0161\u0101du l\u0113mumu.<\/p>\n<p class=\"western\">FICIL uzskata, ka \u0161\u0101ds solis var\u0113tu negat\u012bvi ietekm\u0113t Latvijas starptautisko reput\u0101ciju, invest\u012bciju vidi un soci\u0101li ekonomisko att\u012bst\u012bbu kopum\u0101, k\u0101 ar\u012b rad\u012bt juridiskas un demogr\u0101fiskas sekas, kas nav pien\u0101c\u012bgi izv\u0113rt\u0113tas.<\/p>\n<p class=\"western\">Padome l\u016bdzam In\u0101ras M\u016brnieces (NA) vad\u012bto \u0100rlietu komisiju veikt visaptvero\u0161u izp\u0113ti un ietekmes nov\u0113rt\u0113jumu, izv\u0113rt\u0113jot \u0161\u012b l\u0113muma iesp\u0113jamo ietekmi, tostarp uz Latvijas starptautisko reput\u0101ciju un valsts saist\u012bb\u0101m pret Eiropas un starptautiskaj\u0101m cilv\u0113kties\u012bbu norm\u0101m.<\/p>\n<p class=\"western\">T\u0101pat FICIL uzskata, ka pirms l\u0113muma pie\u0146em\u0161anas j\u0101izv\u0113rt\u0113 t\u0101 ietekme uz \u0101rvalstu invest\u012bciju pievilc\u012bbu, soci\u0101li ekonomisko vidi, konkur\u0113tsp\u0113ju un ilgtsp\u0113j\u012bgu izaugsmi, demogr\u0101fiskaj\u0101m tendenc\u0113m un sabiedr\u012bbas salied\u0113t\u012bbu, sabiedrisko un nacion\u0101lo dro\u0161\u012bbu, k\u0101 ar\u012b tiesisk\u0101s sist\u0113mas integrit\u0101ti, neatkar\u012bbu un prognoz\u0113jam\u012bbu.<\/p>\n<p class=\"western\">FICIL uzsver, ka Latvijas ilgtsp\u0113j\u012bg\u0101 labkl\u0101j\u012bba balst\u0101s t\u0101s reput\u0101cij\u0101 k\u0101 stabilai, atv\u0113rtai un demokr\u0101tiskai valstij, kas iev\u0113ro cilv\u0113kties\u012bbas un tiesiskumu.<\/p>\n<p class=\"western\">&#8220;L\u012bdz ar to jebkur\u0161 l\u0113mums, kas var ietekm\u0113t \u0161\u012bs pamatv\u0113rt\u012bbas, b\u016btu pie\u0146emams tikai p\u0113c pla\u0161as sabiedrisk\u0101s diskusijas un r\u016bp\u012bgas anal\u012bzes,&#8221; uzskata padome.<\/p>\n<p class=\"western\">FICIL aicina ar\u012b uz p\u0101rdom\u0101m \u2013 par k\u0101du valsti m\u0113s k\u013c\u016bstam, ja balsojam pret aizsardz\u012bbas nodro\u0161in\u0101\u0161anu tiem, kas ir v\u0101j\u0101kie un kam \u0161\u012b aizsardz\u012bba visvair\u0101k nepiecie\u0161ama?<\/p>\n<p class=\"western\">Saeimas \u0100rlietu komisija tre\u0161dien, 22. oktobr\u012b, pl\u0101no lemt par konvencijas denons\u0113\u0161anu pirmaj\u0101 las\u012bjum\u0101.<\/p>\n<p class=\"western\">&#8220;Delfi&#8221; jau v\u0113st\u012bja, ka 25. septembr\u012b Saeima<a rel=\"noopener follow nofollow\" target=\"_blank\" href=\"https:\/\/www.delfi.lv\/193\/politics\/120088795\/ar-zzs-atbalstu-saeima-vertes-izstasanos-no-stambulas-konvencijas-silina-saskata-koalicijas-liguma-parkapumu\" data-rel-date-range=\"[]\"> l\u0113ma nodot izv\u0113rt\u0113\u0161anai <\/a>parlamenta \u0100rlietu komisij\u0101 opoz\u012bcijas izstr\u0101d\u0101to priek\u0161likumu denons\u0113t Stambulas konvenciju. \u0160o opoz\u012bcijas izstr\u0101d\u0101to priek\u0161likumu atbalst\u012bja ar\u012b koal\u012bcij\u0101 ietilpsto\u0161\u0101 <a rel=\"noopener nofollow\" target=\"_blank\" href=\"https:\/\/www.delfi.lv\/temas\/41185571\/zalo-un-zemnieku-savieniba\" data-rel-date-range=\"[]\">Za\u013co un zemnieku savien\u012bba<\/a> (ZZS).<\/p>\n<p class=\"western\">Likumprojekta anot\u0101cij\u0101 teikts, ka pa\u0161reiz\u0113j\u0101 pretvardarb\u012bbas konvencijas \u012bsteno\u0161anas<a rel=\"noopener follow nofollow\" target=\"_blank\" href=\"https:\/\/www.delfi.lv\/193\/politics\/120091160\/konsultejamies-ar-veletajiem-opozicija-beidzot-pamato-pretvardarbibas-konvencijas-denonsesanu\" data-rel-date-range=\"[]\"> prakse liedz g\u016bt p\u0101rliec\u012bbu<\/a>, vai ikkatr\u0101 gad\u012bjum\u0101 valsts un pa\u0161vald\u012bbu instit\u016bcijas \u012bsteno pas\u0101kumus pret vardarb\u012bbu un t\u0101s riskiem atbilsto\u0161i deklar\u0101cij\u0101 ietvertajiem principiem.<\/p>\n<p class=\"m-0\">Seko &#8220;Delfi&#8221; ar\u012b  <a target=\"_blank\" href=\"https:\/\/www.instagram.com\/delfi.lv\/\" rel=\"nofollow noopener\">Instagram<\/a>  un <a target=\"_blank\" href=\"https:\/\/www.youtube.com\/channel\/UCw5foWtcJvAbUm64rv7jwUQ\" rel=\"nofollow noopener\">YouTube<\/a>  profil\u0101 \u2013 pievienojies, lai uzzin\u0101tu svar\u012bg\u0101ko un interesant\u0101ko pirmais!<\/p>\n<p>Publik\u0101cijas saturs vai t\u0101s jebk\u0101da apjoma da\u013ca ir aizsarg\u0101ts autorties\u012bbu objekts Autorties\u012bbu likuma izpratn\u0113, un t\u0101 izmanto\u0161ana bez izdev\u0113ja at\u013caujas ir aizliegta. Vair\u0101k lasi  <a target=\"_blank\" href=\"https:\/\/www.delfi.lv\/noteikumi#autortiesibas\" rel=\"nofollow noopener\">\u0161eit<\/a><script async src=\"\/\/www.instagram.com\/embed.js\"><\/script><\/p>\n","protected":false},"excerpt":{"rendered":"\u0100rvalstu investoru padome Latvij\u0101 (FICIL) v\u0113stul\u0113 Saeimas \u0100rlietu komisijai pau\u017e ba\u017eas par virz\u012bto priek\u0161likumu denons\u0113t Eiropas Padomes Konvenciju&hellip;\n","protected":false},"author":2,"featured_media":27716,"comment_status":"","ping_status":"","sticky":false,"template":"","format":"standard","meta":{"footnotes":""},"categories":[5],"tags":[23,8550,28,29,32,33,22,30,31,35,39,38,36,37,34,40,20,26,27,141,2023,24,25,21],"class_list":{"0":"post-27715","1":"post","2":"type-post","3":"status-publish","4":"format-standard","5":"has-post-thumbnail","7":"category-aktualitates","8":"tag-aktualitates","9":"tag-arvalstu-investoru-padome-latvija","10":"tag-breaking-news","11":"tag-breakingnews","12":"tag-featured-news","13":"tag-featurednews","14":"tag-headlines","15":"tag-latest-news","16":"tag-latestnews","17":"tag-latvia","18":"tag-latvian","19":"tag-latviesu","20":"tag-latviesu-valoda","21":"tag-latviesuvaloda","22":"tag-latvija","23":"tag-lv","24":"tag-news","25":"tag-popularakas-zinas","26":"tag-popularakaszinas","27":"tag-saeima","28":"tag-stambulas-konvencija","29":"tag-top-stories","30":"tag-topstories","31":"tag-zinas"},"share_on_mastodon":{"url":"","error":""},"_links":{"self":[{"href":"https:\/\/www.europesays.com\/lv\/wp-json\/wp\/v2\/posts\/27715","targetHints":{"allow":["GET"]}}],"collection":[{"href":"https:\/\/www.europesays.com\/lv\/wp-json\/wp\/v2\/posts"}],"about":[{"href":"https:\/\/www.europesays.com\/lv\/wp-json\/wp\/v2\/types\/post"}],"author":[{"embeddable":true,"href":"https:\/\/www.europesays.com\/lv\/wp-json\/wp\/v2\/users\/2"}],"replies":[{"embeddable":true,"href":"https:\/\/www.europesays.com\/lv\/wp-json\/wp\/v2\/comments?post=27715"}],"version-history":[{"count":0,"href":"https:\/\/www.europesays.com\/lv\/wp-json\/wp\/v2\/posts\/27715\/revisions"}],"wp:featuredmedia":[{"embeddable":true,"href":"https:\/\/www.europesays.com\/lv\/wp-json\/wp\/v2\/media\/27716"}],"wp:attachment":[{"href":"https:\/\/www.europesays.com\/lv\/wp-json\/wp\/v2\/media?parent=27715"}],"wp:term":[{"taxonomy":"category","embeddable":true,"href":"https:\/\/www.europesays.com\/lv\/wp-json\/wp\/v2\/categories?post=27715"},{"taxonomy":"post_tag","embeddable":true,"href":"https:\/\/www.europesays.com\/lv\/wp-json\/wp\/v2\/tags?post=27715"}],"curies":[{"name":"wp","href":"https:\/\/api.w.org\/{rel}","templated":true}]}}