{"id":27717,"date":"2025-10-22T03:08:09","date_gmt":"2025-10-22T03:08:09","guid":{"rendered":"https:\/\/www.europesays.com\/lv\/27717\/"},"modified":"2025-10-22T03:08:09","modified_gmt":"2025-10-22T03:08:09","slug":"brivdienu-kulturas-piedavajums-riga-un-adazos-kino-teatris-un-muzika-lente-lv","status":"publish","type":"post","link":"https:\/\/www.europesays.com\/lv\/27717\/","title":{"rendered":"Br\u012bvdienu kult\u016bras pied\u0101v\u0101jums R\u012bg\u0101 un \u0100da\u017eos: kino, te\u0101tris un m\u016bzika\u00a0\u2014\u00a0Lente.lv"},"content":{"rendered":"<p>Br\u012bvdienu pied\u0101v\u0101jums R\u012bg\u0101 un t\u0101s apk\u0101rtn\u0113: kino, te\u0101tris un m\u016bzika<\/p>\n<p>\u0160\u012bs br\u012bvdienas sola bag\u0101t\u012bgu kult\u016bras baud\u012bjumu gan lieliem, gan maziem, pied\u0101v\u0101jot daudzveid\u012bgu programmu R\u012bg\u0101 un \u0100da\u017eos. No aizraujo\u0161iem kino baud\u012bjumiem R\u012bgas Starptautisk\u0101 kino festiv\u0101la (RIGA IFF) ietvaros l\u012bdz pat sirsn\u012bgai muzik\u0101lai izr\u0101dei b\u0113rniem un pieaugu\u0161ajiem, k\u0101 ar\u012b gaid\u0101majam festiv\u0101lam &#8220;Dz\u012bv\u0101 m\u016bzika&#8221;.<\/p>\n<p>RIGA IFF: Kino burv\u012bba b\u0113rniem un pieaugu\u0161ajiem<\/p>\n<p>R\u012bgas Starptautiskais kino festiv\u0101ls (RIGA IFF) \u0161ogad priec\u0113 skat\u012bt\u0101jus no 16. l\u012bdz 26. oktobrim, pied\u0101v\u0101jot vair\u0101k nek\u0101 100 filmas, tai skait\u0101 pasaules un Eiropas kino pirmizr\u0101des. Festiv\u0101ls aicina izbaud\u012bt kinom\u0101kslas daudzveid\u012bbu, s\u0101kot ar drosm\u012bg\u0101m autoru debij\u0101m, pilnmetr\u0101\u017eas un \u012bsmetr\u0101\u017eas konkursa film\u0101m, l\u012bdz pat \u012bpa\u0161i izstr\u0101d\u0101tai programmai b\u0113rniem &#8220;KIDS&#8217; REEL&#8221;. \u0160\u012b programma, kas paredz\u0113ta gan pa\u0161iem jaun\u0101kajiem skat\u012bt\u0101jiem, gan ar\u012b b\u0113rniem vecum\u0101 no 7 l\u012bdz 14 gadiem, pied\u0101v\u0101s anim\u0101cijas un citus jaun\u0101kos kinodarbus. \u012apa\u0161i izceltas tiks anim\u0101cijas darbn\u012bcas, kur\u0101s jaunie\u0161i var\u0113s izm\u0113\u0123in\u0101t savus sp\u0113kus filmu veido\u0161an\u0101. RIGA IFF notiks vair\u0101k\u0101s viet\u0101s R\u012bg\u0101, tostarp kinote\u0101tros &#8220;Splendid Palace&#8221;, &#8220;Forum Cinemas&#8221;, &#8220;K.Suns&#8221; un Latvijas Nacion\u0101laj\u0101 bibliot\u0113k\u0101. Visai \u0123imenei draudz\u012bga programma pieejama ar\u012b 25. oktobr\u012b &#8220;Forum Cinemas&#8221; auditorij\u0101 ar anim\u0101cijas \u012bsfilmu seansu &#8220;KIDS&#8217; REEL&#8221;, kas ir ide\u0101li piem\u0113rots pirmsskolas vecuma b\u0113rniem un tiem, kas pirmo reizi izbaud\u012bs kino pieredzi uz liel\u0101 ekr\u0101na.<\/p>\n<p>Muzik\u0101l\u0101 izr\u0101de &#8220;Mazais princis&#8221; \u2013 klasika ar jaunu elpu<\/p>\n<p>\u0100da\u017eu kult\u016bras centr\u0101 \u0161o piektdien, 17. oktobr\u012b, notiks Latvijas Jaunatnes te\u0101tra muzik\u0101l\u0101s izr\u0101des &#8220;Mazais princis&#8221; pirmizr\u0101de. \u0160is iestud\u0113jums, balst\u012bts uz Antu\u0101na de Sent-Ekziper\u012b slaveno darbu, ir jauniestud\u0113jums, kas godina komponista Jura Kulakova piemi\u0146u. Re\u017eisore Laila Kirmu\u0161ka kop\u0101 ar rado\u0161o komandu ir rad\u012bjusi emocion\u0101lu st\u0101stu par atbild\u012bbu un m\u012blest\u012bbu, izmantojot Kulakova rad\u012bto m\u016bziku. Izr\u0101de jau ieguvusi atzin\u012bbu un tiek r\u0101d\u012bta da\u017e\u0101d\u0101s Latvijas pils\u0113t\u0101s, apliecinot t\u0101s noz\u012bm\u012bgumu gan izgl\u012bt\u012bbas, gan kult\u016bras jom\u0101. Visiem apmekl\u0113t\u0101jiem, neatkar\u012bgi no vecuma, ir j\u0101ieg\u0101d\u0101jas bi\u013cete, lai pilnv\u0113rt\u012bgi izbaud\u012btu \u0161o neaizmirstamo m\u0101kslas baud\u012bjumu.<\/p>\n<p>Festiv\u0101ls &#8220;Dz\u012bv\u0101 m\u016bzika&#8221; \u2013 kop\u012bbas un trad\u012bciju sv\u0113tki<\/p>\n<p>\u0160ogad festiv\u0101ls &#8220;Dz\u012bv\u0101 m\u016bzika&#8221; 17.-19. oktobr\u012b piev\u0113rs\u012bsies mantotajam muzikantu repertu\u0101ram, \u012bpa\u0161i akcent\u0113jot instrument\u0101lo deju m\u016bziku. Festiv\u0101la m\u0113r\u0137is ir ne tikai aktualiz\u0113t Latvijas instrumentu sp\u0113les trad\u012bcijas un iepaz\u012bstin\u0101t ar kaimi\u0146valstu pieredzi, bet ar\u012b veicin\u0101t zin\u0101\u0161anas par daudzveid\u012bbu un rosin\u0101t to saglab\u0101\u0161anu. Programma paredz koncertus, v\u0113sturisko deju vakarus, lekcijas un meistarklases, kas notiks gan R\u012bg\u0101, gan citviet Latvij\u0101. \u0160ogad \u012bpa\u0161i izcelta latvie\u0161u un igau\u0146u kop\u0101dzied\u0101\u0161ana, kas demonstr\u0113s abu tautu kop\u012bgo kult\u016bras mantojumu un muzik\u0101l\u0101s trad\u012bcijas. Pirmsfestiv\u0101la sadzied\u0101\u0161an\u0101s vakars ar latvie\u0161u un igau\u0146u dziesm\u0101m notiks 17. oktobr\u012b R\u012bg\u0101, b\u0101r\u0101 &#8220;Lofts&#8221;.<\/p>\n","protected":false},"excerpt":{"rendered":"Br\u012bvdienu pied\u0101v\u0101jums R\u012bg\u0101 un t\u0101s apk\u0101rtn\u0113: kino, te\u0101tris un m\u016bzika \u0160\u012bs br\u012bvdienas sola bag\u0101t\u012bgu kult\u016bras baud\u012bjumu gan lieliem,&hellip;\n","protected":false},"author":2,"featured_media":27718,"comment_status":"","ping_status":"","sticky":false,"template":"","format":"standard","meta":{"footnotes":""},"categories":[19],"tags":[1405,89,90,3098,35,39,38,36,37,34,40,7170,4400,3876],"class_list":{"0":"post-27717","1":"post","2":"type-post","3":"status-publish","4":"format-standard","5":"has-post-thumbnail","7":"category-izklaide","8":"tag-dziva-muzika","9":"tag-entertainment","10":"tag-izklaide","11":"tag-kino-festivals","12":"tag-latvia","13":"tag-latvian","14":"tag-latviesu","15":"tag-latviesu-valoda","16":"tag-latviesuvaloda","17":"tag-latvija","18":"tag-lv","19":"tag-mazais-princis","20":"tag-muzikala-izrade","21":"tag-riga-iff"},"share_on_mastodon":{"url":"","error":""},"_links":{"self":[{"href":"https:\/\/www.europesays.com\/lv\/wp-json\/wp\/v2\/posts\/27717","targetHints":{"allow":["GET"]}}],"collection":[{"href":"https:\/\/www.europesays.com\/lv\/wp-json\/wp\/v2\/posts"}],"about":[{"href":"https:\/\/www.europesays.com\/lv\/wp-json\/wp\/v2\/types\/post"}],"author":[{"embeddable":true,"href":"https:\/\/www.europesays.com\/lv\/wp-json\/wp\/v2\/users\/2"}],"replies":[{"embeddable":true,"href":"https:\/\/www.europesays.com\/lv\/wp-json\/wp\/v2\/comments?post=27717"}],"version-history":[{"count":0,"href":"https:\/\/www.europesays.com\/lv\/wp-json\/wp\/v2\/posts\/27717\/revisions"}],"wp:featuredmedia":[{"embeddable":true,"href":"https:\/\/www.europesays.com\/lv\/wp-json\/wp\/v2\/media\/27718"}],"wp:attachment":[{"href":"https:\/\/www.europesays.com\/lv\/wp-json\/wp\/v2\/media?parent=27717"}],"wp:term":[{"taxonomy":"category","embeddable":true,"href":"https:\/\/www.europesays.com\/lv\/wp-json\/wp\/v2\/categories?post=27717"},{"taxonomy":"post_tag","embeddable":true,"href":"https:\/\/www.europesays.com\/lv\/wp-json\/wp\/v2\/tags?post=27717"}],"curies":[{"name":"wp","href":"https:\/\/api.w.org\/{rel}","templated":true}]}}