{"id":277188,"date":"2026-08-25T07:49:26","date_gmt":"2026-08-25T07:49:26","guid":{"rendered":"https:\/\/www.europesays.com\/lv\/277188\/"},"modified":"2026-08-25T07:49:26","modified_gmt":"2026-08-25T07:49:26","slug":"nadine-graudina-eiropas-u-16-cempionata-otra-rezultativaka-speletaja","status":"publish","type":"post","link":"https:\/\/www.europesays.com\/lv\/277188\/","title":{"rendered":"Nad\u012bne Graudi\u0146a \u2013 Eiropas U-16 \u010dempion\u0101ta otr\u0101 rezultat\u012bv\u0101k\u0101 sp\u0113l\u0113t\u0101ja"},"content":{"rendered":"<p>Graudi\u0146a septi\u0146\u0101s sp\u0113l\u0113s vid\u0113ji izc\u0113l\u0101s ar 15,6 punktiem, atpaliekot tikai no Izra\u0113las basketbolistes Mihalas Abudramas, kura septi\u0146os ma\u010dos caurm\u0113r\u0101 guva 16,7 punktus.<\/p>\n<p>Latvijas basketboliste ar\u012b realiz\u0113ja t\u0101lmetienus ar 36,8% precizit\u0101ti, kas bija sept\u012btais lab\u0101kais r\u0101d\u012bt\u0101js. Vi\u0146a septi\u0146\u0101s sp\u0113l\u0113s kop\u0101 realiz\u0113ja 21 t\u0101lmetienu, raidot groz\u0101 visvair\u0101k tr\u012bspunktu metienu starp vis\u0101m Eiropas U-16 \u010dempion\u0101ta sp\u0113l\u0113t\u0101j\u0101m.<\/p>\n<p>V\u0113l Darina Ivanova septi\u0146\u0101s sp\u0113l\u0113s iekr\u0101ja vid\u0113ji 3,3 rezultat\u012bvas piesp\u0113les, ie\u0146emot dal\u012btu dev\u012bto vietu \u0161aj\u0101 statistikas r\u0101d\u012bt\u0101j\u0101.<\/p>\n<p>Komandu statistik\u0101 Latvija ar katr\u0101 sp\u0113l\u0113 g\u016btiem vid\u0113ji 67 punktiem bija piekt\u0101 rezultat\u012bv\u0101k\u0101 turn\u012bra komanda un piekt\u0101 lab\u0101k\u0101 c\u012b\u0146\u0101 zem groziem (45,7 atl\u0113ku\u0161\u0101s bumbas), k\u0101 ar\u012b otr\u0101 lab\u0101k\u0101 t\u0101lmetienu realiz\u0101cij\u0101 (30,1%).<\/p>\n<p>Jau zi\u0146ots, ka Latvijas izlase sestdien c\u012b\u0146\u0101 par tre\u0161o vietu ar 58:78 zaud\u0113ja Francijas valstsvien\u012bbai, ie\u0146emot ceturto vietu. Graudi\u0146a tika iek\u013cauta turn\u012bra simboliskaj\u0101 izlas\u0113.<\/p>\n<p>Par Eiropas \u010dempion\u0113m 12. reizi, tai skait\u0101 nosarg\u0101jot pirms gada izc\u012bn\u012bto titulu, k\u013cuva Sp\u0101nijas izlase, kas fin\u0101l\u0101 ar 87:40 sagr\u0101va Slov\u0113nijas vienaudzes.<\/p>\n","protected":false},"excerpt":{"rendered":"Graudi\u0146a septi\u0146\u0101s sp\u0113l\u0113s vid\u0113ji izc\u0113l\u0101s ar 15,6 punktiem, atpaliekot tikai no Izra\u0113las basketbolistes Mihalas Abudramas, kura septi\u0146os ma\u010dos&hellip;\n","protected":false},"author":2,"featured_media":277189,"comment_status":"","ping_status":"","sticky":false,"template":"","format":"standard","meta":{"footnotes":"","_share_on_mastodon":"0"},"categories":[17],"tags":[145,144,1098,35,39,38,36,37,34,40,67],"class_list":["post-277188","post","type-post","status-publish","format-standard","has-post-thumbnail","category-sports","tag-basketbols","tag-basketbols-latvija","tag-basketbols-pasaule","tag-latvia","tag-latvian","tag-latviesu","tag-latviesu-valoda","tag-latviesuvaloda","tag-latvija","tag-lv","tag-sports"],"share_on_mastodon":{"url":"https:\/\/pubeurope.com\/@lv\/117155054664645032","error":""},"_links":{"self":[{"href":"https:\/\/www.europesays.com\/lv\/wp-json\/wp\/v2\/posts\/277188","targetHints":{"allow":["GET"]}}],"collection":[{"href":"https:\/\/www.europesays.com\/lv\/wp-json\/wp\/v2\/posts"}],"about":[{"href":"https:\/\/www.europesays.com\/lv\/wp-json\/wp\/v2\/types\/post"}],"author":[{"embeddable":true,"href":"https:\/\/www.europesays.com\/lv\/wp-json\/wp\/v2\/users\/2"}],"replies":[{"embeddable":true,"href":"https:\/\/www.europesays.com\/lv\/wp-json\/wp\/v2\/comments?post=277188"}],"version-history":[{"count":0,"href":"https:\/\/www.europesays.com\/lv\/wp-json\/wp\/v2\/posts\/277188\/revisions"}],"wp:featuredmedia":[{"embeddable":true,"href":"https:\/\/www.europesays.com\/lv\/wp-json\/wp\/v2\/media\/277189"}],"wp:attachment":[{"href":"https:\/\/www.europesays.com\/lv\/wp-json\/wp\/v2\/media?parent=277188"}],"wp:term":[{"taxonomy":"category","embeddable":true,"href":"https:\/\/www.europesays.com\/lv\/wp-json\/wp\/v2\/categories?post=277188"},{"taxonomy":"post_tag","embeddable":true,"href":"https:\/\/www.europesays.com\/lv\/wp-json\/wp\/v2\/tags?post=277188"}],"curies":[{"name":"wp","href":"https:\/\/api.w.org\/{rel}","templated":true}]}}