{"id":277214,"date":"2026-08-25T08:15:21","date_gmt":"2026-08-25T08:15:21","guid":{"rendered":"https:\/\/www.europesays.com\/lv\/277214\/"},"modified":"2026-08-25T08:15:21","modified_gmt":"2026-08-25T08:15:21","slug":"serbija-aicina-atbrivot-par-genocidu-notiesato-mladicu","status":"publish","type":"post","link":"https:\/\/www.europesays.com\/lv\/277214\/","title":{"rendered":"Serbija aicina atbr\u012bvot par genoc\u012bdu noties\u0101to Mladi\u010du"},"content":{"rendered":"<p>Aicin\u0101jums tika pamatots ar to, ka 84 gadus vecais Mladi\u010ds ir smagi slims un j\u0101atbr\u012bvo, lai vi\u0146\u0161 var\u0113tu \u0101rst\u0113ties Serbij\u0101. Taj\u0101 ar\u012b br\u012bdin\u0101ts, ka vi\u0146a n\u0101ve &#8220;var pien\u0101kt jebkur\u0101 laik\u0101&#8221;.<\/p>\n<p>Mladi\u010ds 2017. gad\u0101 tika atz\u012bts par vain\u012bgu genoc\u012bd\u0101 un citos kara noziegumos, kas izdar\u012bti Bosnijas kara laik\u0101 no 1992. l\u012bdz 1995. gadam. Vi\u0146\u0161 izcie\u0161 m\u016b\u017ea ieslodz\u012bjumu ANO kara noziegumu tribun\u0101la cietum\u0101 H\u0101g\u0101.<\/p>\n<p>Mladi\u010da \u0123imene jau bija m\u0113\u0123in\u0101jusi pan\u0101kt vi\u0146a atbr\u012bvo\u0161anu p\u0113c apr\u012bl\u012b p\u0101rciestas triekas, bet tiesa maij\u0101 pazi\u0146oja, ka vi\u0146am cietum\u0101 ir pieejama pien\u0101c\u012bga medic\u012bnisk\u0101 apr\u016bpe.<\/p>\n<p>Jaun\u0101 aicin\u0101jum\u0101 \u0161ai tiesai Serbijas tieslietu ministrs Nenads Vuji\u010ds l\u016bdza p\u0101rvest Mladi\u010du uz kara hospit\u0101li Belgrad\u0101.<\/p>\n<p>Mladi\u010da \u0101rsts Darko Mladi\u010ds piektdien pazi\u0146oja Serbijas medijiem, ka &#8220;\u0161\u012b ir klusa mana t\u0113va slepkav\u012bba&#8221;, un apgalvoja, ka cietuma \u0101rsti ir &#8220;piln\u012bgi izbeigu\u0161i \u0101rst\u0113\u0161anu&#8221;.<\/p>\n","protected":false},"excerpt":{"rendered":"Aicin\u0101jums tika pamatots ar to, ka 84 gadus vecais Mladi\u010ds ir smagi slims un j\u0101atbr\u012bvo, lai vi\u0146\u0161 var\u0113tu&hellip;\n","protected":false},"author":2,"featured_media":277215,"comment_status":"","ping_status":"","sticky":false,"template":"","format":"standard","meta":{"footnotes":"","_share_on_mastodon":"0"},"categories":[14],"tags":[23,57,13984,28,29,32,33,27488,22,30,31,35,39,38,36,37,34,40,20,26,27,243,24,25,54,55,56,21,58],"class_list":["post-277214","post","type-post","status-publish","format-standard","has-post-thumbnail","category-zinas-no-arvalstim","tag-aktualitates","tag-arvalstim","tag-bosnija","tag-breaking-news","tag-breakingnews","tag-featured-news","tag-featurednews","tag-genocids","tag-headlines","tag-latest-news","tag-latestnews","tag-latvia","tag-latvian","tag-latviesu","tag-latviesu-valoda","tag-latviesuvaloda","tag-latvija","tag-lv","tag-news","tag-popularakas-zinas","tag-popularakaszinas","tag-serbija","tag-top-stories","tag-topstories","tag-world","tag-world-news","tag-worldnews","tag-zinas","tag-zinas-no-arvalstim"],"share_on_mastodon":{"url":"https:\/\/pubeurope.com\/@lv\/117155156883171716","error":""},"_links":{"self":[{"href":"https:\/\/www.europesays.com\/lv\/wp-json\/wp\/v2\/posts\/277214","targetHints":{"allow":["GET"]}}],"collection":[{"href":"https:\/\/www.europesays.com\/lv\/wp-json\/wp\/v2\/posts"}],"about":[{"href":"https:\/\/www.europesays.com\/lv\/wp-json\/wp\/v2\/types\/post"}],"author":[{"embeddable":true,"href":"https:\/\/www.europesays.com\/lv\/wp-json\/wp\/v2\/users\/2"}],"replies":[{"embeddable":true,"href":"https:\/\/www.europesays.com\/lv\/wp-json\/wp\/v2\/comments?post=277214"}],"version-history":[{"count":0,"href":"https:\/\/www.europesays.com\/lv\/wp-json\/wp\/v2\/posts\/277214\/revisions"}],"wp:featuredmedia":[{"embeddable":true,"href":"https:\/\/www.europesays.com\/lv\/wp-json\/wp\/v2\/media\/277215"}],"wp:attachment":[{"href":"https:\/\/www.europesays.com\/lv\/wp-json\/wp\/v2\/media?parent=277214"}],"wp:term":[{"taxonomy":"category","embeddable":true,"href":"https:\/\/www.europesays.com\/lv\/wp-json\/wp\/v2\/categories?post=277214"},{"taxonomy":"post_tag","embeddable":true,"href":"https:\/\/www.europesays.com\/lv\/wp-json\/wp\/v2\/tags?post=277214"}],"curies":[{"name":"wp","href":"https:\/\/api.w.org\/{rel}","templated":true}]}}