{"id":27738,"date":"2025-10-22T03:57:13","date_gmt":"2025-10-22T03:57:13","guid":{"rendered":"https:\/\/www.europesays.com\/lv\/27738\/"},"modified":"2025-10-22T03:57:13","modified_gmt":"2025-10-22T03:57:13","slug":"latvijas-izlases-kandidasu-saraksta-ari-wnba-vicecempione-laksa","status":"publish","type":"post","link":"https:\/\/www.europesays.com\/lv\/27738\/","title":{"rendered":"Latvijas izlases kandid\u0101\u0161u sarakst\u0101 ar\u012b WNBA vice\u010dempione Laksa"},"content":{"rendered":"<p>Eiropas sievie\u0161u \u010dempion\u0101t\u0101 main\u012bta kvalifik\u0101cijas turn\u012bra sist\u0113ma. Pirmaj\u0101 k\u0101rt\u0101 27 komandas, sadal\u012btas septi\u0146\u0101s grup\u0101s (se\u0161\u0101s pa \u010detr\u0101m komand\u0101m, vien\u0101 tr\u012bs), \u0161\u012bs sezonas laik\u0101 aizvad\u012bs divu ap\u013cu turn\u012brus. Katras grupas divas lab\u0101k\u0101s komandas, k\u0101 ar\u012b tr\u012bs no septi\u0146\u0101m tre\u0161o vietu ieguv\u0113j\u0101m, ieg\u016bs ties\u012bbas sp\u0113l\u0113t kvalifik\u0101cijas otraj\u0101 k\u0101rt\u0101, kur t\u0101m pievienosies septi\u0146as Pasaules kausa izc\u012b\u0146as kvalifik\u0101cijas turn\u012bra dal\u012bbnieces (Sp\u0101nija, It\u0101lija, Francija, \u010cehija, V\u0101cija, Turcija un Ung\u0101rija).<\/p>\n<p>24 komandas 2026.\/2027. gada sezon\u0101 c\u012bn\u012bsies par ce\u013caz\u012bm\u0113m uz fin\u0101lturn\u012bru, kur jau garant\u0113tas vietas \u010detr\u0101m r\u012bkot\u0101jvalst\u012bm (Be\u013c\u0123ijai, Lietuvai, Somijai un Zviedrijai).<\/p>\n<p>Latvijas sievie\u0161u basketbola izlases kandid\u0101\u0161u saraksts: Ieva Pulvere, Vanesa Jasa, Enija V\u012bksne (visas &#8211; &#8220;TTT R\u012bga&#8221;), Anna Liepi\u0146a, Kate Vilka (abas &#8211; Klaip\u0113das &#8220;Nept\u016bnas&#8221;, Lietuva), Ketija Vihmane, Digna Strautmane (abas &#8211; Vroclavas &#8220;Sleza&#8221;, Polija), <a href=\"https:\/\/sports.tvnet.lv\/term\/557991\/anete-steinberga\" class=\"topicLink\" target=\"_blank\" rel=\"nofollow noopener\">Anete \u0160teinberga<\/a>, Kitija Laksa (abas &#8211; Skio &#8220;Famila&#8221;, It\u0101lija), Paula Strautmane (Ramatganas &#8220;Maccabi&#8221;, Izra\u0113la), Elizabete Bul\u0101ne (&#8220;Trutnov&#8221;, \u010cehija), <a href=\"https:\/\/sports.tvnet.lv\/term\/737381\/aleksa-gulbe\" class=\"topicLink\" target=\"_blank\" rel=\"nofollow noopener\">Aleksa Gulbe<\/a> (Lionas ASVEL, Francija), Laura Meldere (Kampobaso &#8220;Magnolia&#8221;, It\u0101lija), L\u012bna Loceniece (Klaip\u0113das LCC, Lietuva), Lu\u012bze Sila (Z\u0101rlu\u012b &#8220;Royals&#8221;, V\u0101cija), Katr\u012bna Ozola (&#8220;Ujbuda-BEAC&#8221;, Ung\u0101rija).<\/p>\n","protected":false},"excerpt":{"rendered":"Eiropas sievie\u0161u \u010dempion\u0101t\u0101 main\u012bta kvalifik\u0101cijas turn\u012bra sist\u0113ma. Pirmaj\u0101 k\u0101rt\u0101 27 komandas, sadal\u012btas septi\u0146\u0101s grup\u0101s (se\u0161\u0101s pa \u010detr\u0101m komand\u0101m,&hellip;\n","protected":false},"author":2,"featured_media":27739,"comment_status":"","ping_status":"","sticky":false,"template":"","format":"standard","meta":{"footnotes":""},"categories":[17],"tags":[8551,3041,35,39,38,36,37,34,2208,40,67,904],"class_list":{"0":"post-27738","1":"post","2":"type-post","3":"status-publish","4":"format-standard","5":"has-post-thumbnail","7":"category-sports","8":"tag-aleksa-gulbe","9":"tag-anete-steinberga","10":"tag-latvia","11":"tag-latvian","12":"tag-latviesu","13":"tag-latviesu-valoda","14":"tag-latviesuvaloda","15":"tag-latvija","16":"tag-latvijas-sieviesu-basketbola-izlase","17":"tag-lv","18":"tag-sports","19":"tag-wnba"},"share_on_mastodon":{"url":"","error":""},"_links":{"self":[{"href":"https:\/\/www.europesays.com\/lv\/wp-json\/wp\/v2\/posts\/27738","targetHints":{"allow":["GET"]}}],"collection":[{"href":"https:\/\/www.europesays.com\/lv\/wp-json\/wp\/v2\/posts"}],"about":[{"href":"https:\/\/www.europesays.com\/lv\/wp-json\/wp\/v2\/types\/post"}],"author":[{"embeddable":true,"href":"https:\/\/www.europesays.com\/lv\/wp-json\/wp\/v2\/users\/2"}],"replies":[{"embeddable":true,"href":"https:\/\/www.europesays.com\/lv\/wp-json\/wp\/v2\/comments?post=27738"}],"version-history":[{"count":0,"href":"https:\/\/www.europesays.com\/lv\/wp-json\/wp\/v2\/posts\/27738\/revisions"}],"wp:featuredmedia":[{"embeddable":true,"href":"https:\/\/www.europesays.com\/lv\/wp-json\/wp\/v2\/media\/27739"}],"wp:attachment":[{"href":"https:\/\/www.europesays.com\/lv\/wp-json\/wp\/v2\/media?parent=27738"}],"wp:term":[{"taxonomy":"category","embeddable":true,"href":"https:\/\/www.europesays.com\/lv\/wp-json\/wp\/v2\/categories?post=27738"},{"taxonomy":"post_tag","embeddable":true,"href":"https:\/\/www.europesays.com\/lv\/wp-json\/wp\/v2\/tags?post=27738"}],"curies":[{"name":"wp","href":"https:\/\/api.w.org\/{rel}","templated":true}]}}