{"id":277504,"date":"2026-08-25T14:43:25","date_gmt":"2026-08-25T14:43:25","guid":{"rendered":"https:\/\/www.europesays.com\/lv\/277504\/"},"modified":"2026-08-25T14:43:25","modified_gmt":"2026-08-25T14:43:25","slug":"policija-latgale-aiztur-valsts-simbola-zaimotajus-delfi","status":"publish","type":"post","link":"https:\/\/www.europesays.com\/lv\/277504\/","title":{"rendered":"Policija Latgal\u0113 aiztur valsts simbola zaimot\u0101jus &#8211; DELFI"},"content":{"rendered":"<ol>\n<li><a href=\"https:\/\/news.google.com\/rss\/articles\/CBMimAFBVV95cUxOZ0pyVHFMRDhJV0RfRlNSWkZJUnA3bjVMejQ4aXllbUhSNGxTcWZETjk2Mjl1QUlxWXJncWNwMXpNUFRZNVlvUWVHTVVtVDREQTJIbzZJSGN3Qi10TVV2MFI4NmtZUGdpU00wYlNsMldqVlM2RXpvdHFudnYyY25TUmh2ZVdkSTdwMzZSYl9qVnRyNEUtdGszRQ?oc=5\" target=\"_blank\" rel=\"nofollow noopener\">Policija Latgal\u0113 aiztur valsts simbola zaimot\u0101jus<\/a>&nbsp;&nbsp;DELFI<\/li>\n<li><a href=\"https:\/\/news.google.com\/rss\/articles\/CBMizAFBVV95cUxPZ3M3Ymhkby1pM0RIRlFfblgxQW5CalNTTFlNMHF4N1FfbGR0N1dhb1pvUWFWN0xiNkRwVkVpMlU2ajAyR2t1ZW92Szh5bk9RcGF4UkhmbVZkbW9jc0FaaDU4bDRDYzl3MndqY05CRXNILTlpRmlLajJmTmpHWjZmN1EwNGw0VmpQcHhFQ3RSUDY2RVdELVplRHYtMkJOMW5kNDlRRDVhQTJzZzk3ZUNHYWtDQUV5SE9jRTVCemtSbGl2aDFHaDVqNFBQWTQ?oc=5\" target=\"_blank\" rel=\"nofollow noopener\">Nor\u0101va, nometa zem\u0113 un film\u0113ja. Latgal\u0113 da\u017eu dienu laik\u0101 aiztur\u0113ti vair\u0101ki karoga zaimot\u0101ji<\/a>&nbsp;&nbsp;tv3.lv<\/li>\n<li><a href=\"https:\/\/news.google.com\/rss\/articles\/CBMitwFBVV95cUxPTTM2YW9QbEFyOU4weE44c0d6WnVOb1FkeV9aZGlWUmJLVF9nZ2tBd2VabEYtelNlT2FncldTSjN1MmFObU4tZkN3ejdGcjF2dmprR0REVWVTNWNEWkZEU2I0WkRTQTA3ZnRUNmlaamlZYkJ5VGJYa3ZhWlJsNm5MWW00SWdsVy1OUWhZN3h5bkRWeDlybzJnQ3pFdWQtLXVCaS1WWVYzMzVTQmw2QzdvNEZWRTlLWjQ?oc=5\" target=\"_blank\" rel=\"nofollow noopener\">Latgal\u0113 par valsts karoga zaimo\u0161anu aiztur\u0113ti vair\u0101ki cilv\u0113ki<\/a>&nbsp;&nbsp;liepajniekiem.lv<\/li>\n<li><a href=\"https:\/\/news.google.com\/rss\/articles\/CBMi0gFBVV95cUxORkRZdmdzdGI1QVI5VmRHWXlxRGFYNHBNaDg5R0ZrR2V2MDBlT2VDUFgxTmxZQ1A0eDYySENBaXhuMVhVaW16OUw4S0cxWUpPX2VSMTRXTWwteEpxVHhxV3RnSHZEMmZIeTQyTzVrWjNidnVJNnUyeTJKOThNU0tYR05WQnRCSUxxX0k0Z2ZLd3d0N2d5Vzc4di1lalMzTldwNmFoSGFrSUpadVR1RHNCTkxpRDBKTGlzUjlsU3ZyTDhZQmVuUGVwOGVMS3dOWEJEVGc?oc=5\" target=\"_blank\" rel=\"nofollow noopener\">Policija Daugavpil\u012b un Prei\u013cos aiztur\u0113jusi personas par valsts simbola zaimo\u0161anu<\/a>&nbsp;&nbsp;Inbox.lv<\/li>\n<li><a href=\"https:\/\/news.google.com\/rss\/articles\/CBMinAFBVV95cUxPZVpoNkVBeUlXcWZDZW1qR2hiaUk2UjZOQlVjLTFTUXMxbmNJcHQxZlFYZllzM3VnTmVENFlHVlFBSmtLS3ZmUV83OUdRWVJobVRKeHRIbDRiWkpDc1JWdXVpYThScW9rSHd0eXVHa1ZMVmcxeGFaWkpCM1hNa0tlUTNjT05pU3l4b0JHeVExMDM1aTBfbmxTMlBwRGo?oc=5\" target=\"_blank\" rel=\"nofollow noopener\">Daugavpil\u012b un Prei\u013cos par karoga zaimo\u0161anu aiztur piecas personas<\/a>&nbsp;&nbsp;ReTV<\/li>\n<\/ol>\n","protected":false},"excerpt":{"rendered":"Policija Latgal\u0113 aiztur valsts simbola zaimot\u0101jus&nbsp;&nbsp;DELFI Nor\u0101va, nometa zem\u0113 un film\u0113ja. Latgal\u0113 da\u017eu dienu laik\u0101 aiztur\u0113ti vair\u0101ki karoga&hellip;\n","protected":false},"author":2,"featured_media":277505,"comment_status":"","ping_status":"","sticky":false,"template":"","format":"standard","meta":{"footnotes":"","_share_on_mastodon":"0"},"categories":[5],"tags":[23,28,29,168,32,33,22,30,31,35,39,38,36,37,34,36105,40,20,26,27,545,24,25,138,21],"class_list":["post-277504","post","type-post","status-publish","format-standard","has-post-thumbnail","category-aktualitates","tag-aktualitates","tag-breaking-news","tag-breakingnews","tag-daugavpils","tag-featured-news","tag-featurednews","tag-headlines","tag-latest-news","tag-latestnews","tag-latvia","tag-latvian","tag-latviesu","tag-latviesu-valoda","tag-latviesuvaloda","tag-latvija","tag-latvijas-karogs","tag-lv","tag-news","tag-popularakas-zinas","tag-popularakaszinas","tag-preili","tag-top-stories","tag-topstories","tag-valsts-policija","tag-zinas"],"share_on_mastodon":{"url":"https:\/\/pubeurope.com\/@lv\/117156682480505933","error":""},"_links":{"self":[{"href":"https:\/\/www.europesays.com\/lv\/wp-json\/wp\/v2\/posts\/277504","targetHints":{"allow":["GET"]}}],"collection":[{"href":"https:\/\/www.europesays.com\/lv\/wp-json\/wp\/v2\/posts"}],"about":[{"href":"https:\/\/www.europesays.com\/lv\/wp-json\/wp\/v2\/types\/post"}],"author":[{"embeddable":true,"href":"https:\/\/www.europesays.com\/lv\/wp-json\/wp\/v2\/users\/2"}],"replies":[{"embeddable":true,"href":"https:\/\/www.europesays.com\/lv\/wp-json\/wp\/v2\/comments?post=277504"}],"version-history":[{"count":0,"href":"https:\/\/www.europesays.com\/lv\/wp-json\/wp\/v2\/posts\/277504\/revisions"}],"wp:featuredmedia":[{"embeddable":true,"href":"https:\/\/www.europesays.com\/lv\/wp-json\/wp\/v2\/media\/277505"}],"wp:attachment":[{"href":"https:\/\/www.europesays.com\/lv\/wp-json\/wp\/v2\/media?parent=277504"}],"wp:term":[{"taxonomy":"category","embeddable":true,"href":"https:\/\/www.europesays.com\/lv\/wp-json\/wp\/v2\/categories?post=277504"},{"taxonomy":"post_tag","embeddable":true,"href":"https:\/\/www.europesays.com\/lv\/wp-json\/wp\/v2\/tags?post=277504"}],"curies":[{"name":"wp","href":"https:\/\/api.w.org\/{rel}","templated":true}]}}