{"id":27800,"date":"2025-10-22T05:12:10","date_gmt":"2025-10-22T05:12:10","guid":{"rendered":"https:\/\/www.europesays.com\/lv\/27800\/"},"modified":"2025-10-22T05:12:10","modified_gmt":"2025-10-22T05:12:10","slug":"normals-un-interesants-priekslikums-bet-prezentacija-ir-biskin-nenopietna-2","status":"publish","type":"post","link":"https:\/\/www.europesays.com\/lv\/27800\/","title":{"rendered":"Norm\u0101ls un interesants priek\u0161likums, bet prezent\u0101cija ir &#8220;bi\u0161\u0137i\u0146&#8221; nenopietna"},"content":{"rendered":"<p>Politisko notikumu v\u0113rot\u0101js un gr\u0101matu autors Jur\u0123is Liepnieks paudis viedokli, ka jaun\u0101 politisk\u0101 iniciat\u012bva par v\u0113l\u0113\u0161anu sist\u0113mas mai\u0146u ir &#8220;norm\u0101ls un interesants&#8221; priek\u0161likums, bet pirmais iespaids par prezent\u0101ciju nav tas lab\u0101kais.<\/p>\n<p>&#13;<br \/>\n&#13;<br \/>\nJau zi\u0146ots, ka re\u017eisors Alvis Hermanis, uz\u0146\u0113m\u0113js Armands Broks, politi\u0137is Didzis \u0160mits, m\u0101c\u012bt\u0101js P\u0113teris Spro\u0123is un ekonomists Guntars V\u012btols apvienoju\u0161ies jaun\u0101 politiskaj\u0101 kust\u012bb\u0101 &#8220;Bez partij\u0101m&#8221;, kuras galvenais m\u0113r\u0137is esot pan\u0101kt v\u0113l\u0113\u0161anu sist\u0113mas mai\u0146u un p\u0101reju no partiju sarakstiem uz individu\u0101lu kandid\u0101tu iev\u0113l\u0113\u0161anu. <\/p>\n<p>Liepnieks nor\u0101da, ka l\u012bdz\u012bga sist\u0113ma ir \u012arij\u0101.<\/p>\n<p>&#8220;Tas ko kult\u016bras lab\u0101 izdar\u012bjis Hermanis, ir sav\u0101 zi\u0146\u0101 unik\u0101li. Vi\u0146\u0161 ir uzb\u016bv\u0113jis instit\u016bciju, no kuras radu\u0161ies visi \u0161ie br\u012bni\u0161\u0137\u012bgie aktieri, kurus m\u0113s m\u012blam. Hermanis ir milz\u012bga autorit\u0101te, kas devis lielu ieguld\u012bjumu Latvijas kult\u016br\u0101. L\u012bdz ar to ir v\u0113rts ieklaus\u012bties, ko vi\u0146\u0161 saka. Un tas ir ar\u012b vien\u012bgais iemesls, k\u0101p\u0113c m\u0113s par to \u0161odien run\u0101jam,&#8221; saka Liepnieks.<\/p>\n<p>&#8220;Hermanis ar \u0161o ideju n\u0113s\u0101jas jau k\u0101du laiku. Tas nav vakardienas jaunums un, gods uz slava, vi\u0146\u0161 to ir novedis l\u012bdz taust\u0101mai un apsprie\u017eamai formulai. Ja v\u0113l pirms gada nebija skaidrs, ko vi\u0146\u0161 dom\u0101, bet tagad ir skaidrs, ka tiek pied\u0101v\u0101ts \u012arijas modelis,&#8221; skaidro eksperts.<\/p>\n<blockquote><p>Tas noz\u012bm\u0113, ka j\u016bs iecirkn\u012b sa\u0146emat vienu bi\u013cetenu, kur ir visi kandid\u0101ti no vis\u0101m partij\u0101m un ar\u012b individu\u0101li kandid\u0101ti. <\/p><\/blockquote>\n<p>&#8220;Ar\u012b m\u0113s katrs te var\u0113tu sav\u0101kt zin\u0101mu skaitu parakstu un pieteikties v\u0113l\u0113\u0161an\u0101s un cilv\u0113ki var\u0113tu at\u0137eks\u0113t. Man liekas tas ir norm\u0101ls un interesants priek\u0161likums, kas noteikti var\u0113tu ievilkt politik\u0101 k\u0101dus cilv\u0113kus.&#8221;<\/p>\n<p>&#8220;Ta\u010du tas, k\u0101 vi\u0146i ir prezent\u0113ju\u0161i, tas gan izskat\u0101s bi\u0161\u0137i\u0146 nenopietni un p\u0113c t\u0101da &#8220;pas\u0113d\u0113j\u0101m \ufeffuz l\u0101vas pirt\u012b&#8221; [un kaut ko izdom\u0101j\u0101m]. Ideja \ufeffir j\u0101\u0146em v\u0113r\u0101 un kopum\u0101 br\u012bni\u0161\u0137\u012bgi, bet tas, k\u0101 vi\u0146i ies\u0101ku\u0161i \u0161o projektu izskat\u0101s \u013coti nu&#8230; t\u0101d\u0101 gar\u0101 nesan\u0101ks nekas.&#8221;<\/p>\n<p><a target=\"_blank\" href=\"https:\/\/twitter.com\/tv24_lv\/status\/1980559686832202196\" rel=\"nofollow noopener\">https:\/\/twitter.com\/tv24_lv\/status\/1980559686832202196<\/a><\/p>\n<p><script async src=\"https:\/\/platform.twitter.com\/widgets.js\" charset=\"utf-8\"><\/script><\/p>\n","protected":false},"excerpt":{"rendered":"Politisko notikumu v\u0113rot\u0101js un gr\u0101matu autors Jur\u0123is Liepnieks paudis viedokli, ka jaun\u0101 politisk\u0101 iniciat\u012bva par v\u0113l\u0113\u0161anu sist\u0113mas mai\u0146u&hellip;\n","protected":false},"author":2,"featured_media":27789,"comment_status":"","ping_status":"","sticky":false,"template":"","format":"standard","meta":{"footnotes":""},"categories":[12],"tags":[129,1209,23,28,29,32,33,22,30,31,35,39,38,36,37,34,40,20,26,27,1210,1211,24,25,21],"class_list":{"0":"post-27800","1":"post","2":"type-post","3":"status-publish","4":"format-standard","5":"has-post-thumbnail","7":"category-latvija","8":"tag-__typenameadvicekeyword","9":"tag-id824","10":"tag-aktualitates","11":"tag-breaking-news","12":"tag-breakingnews","13":"tag-featured-news","14":"tag-featurednews","15":"tag-headlines","16":"tag-latest-news","17":"tag-latestnews","18":"tag-latvia","19":"tag-latvian","20":"tag-latviesu","21":"tag-latviesu-valoda","22":"tag-latviesuvaloda","23":"tag-latvija","24":"tag-lv","25":"tag-news","26":"tag-popularakas-zinas","27":"tag-popularakaszinas","28":"tag-slugpolitika","29":"tag-titlepolitika","30":"tag-top-stories","31":"tag-topstories","32":"tag-zinas"},"share_on_mastodon":{"url":"","error":""},"_links":{"self":[{"href":"https:\/\/www.europesays.com\/lv\/wp-json\/wp\/v2\/posts\/27800","targetHints":{"allow":["GET"]}}],"collection":[{"href":"https:\/\/www.europesays.com\/lv\/wp-json\/wp\/v2\/posts"}],"about":[{"href":"https:\/\/www.europesays.com\/lv\/wp-json\/wp\/v2\/types\/post"}],"author":[{"embeddable":true,"href":"https:\/\/www.europesays.com\/lv\/wp-json\/wp\/v2\/users\/2"}],"replies":[{"embeddable":true,"href":"https:\/\/www.europesays.com\/lv\/wp-json\/wp\/v2\/comments?post=27800"}],"version-history":[{"count":0,"href":"https:\/\/www.europesays.com\/lv\/wp-json\/wp\/v2\/posts\/27800\/revisions"}],"wp:featuredmedia":[{"embeddable":true,"href":"https:\/\/www.europesays.com\/lv\/wp-json\/wp\/v2\/media\/27789"}],"wp:attachment":[{"href":"https:\/\/www.europesays.com\/lv\/wp-json\/wp\/v2\/media?parent=27800"}],"wp:term":[{"taxonomy":"category","embeddable":true,"href":"https:\/\/www.europesays.com\/lv\/wp-json\/wp\/v2\/categories?post=27800"},{"taxonomy":"post_tag","embeddable":true,"href":"https:\/\/www.europesays.com\/lv\/wp-json\/wp\/v2\/tags?post=27800"}],"curies":[{"name":"wp","href":"https:\/\/api.w.org\/{rel}","templated":true}]}}