{"id":27811,"date":"2025-10-22T05:23:17","date_gmt":"2025-10-22T05:23:17","guid":{"rendered":"https:\/\/www.europesays.com\/lv\/27811\/"},"modified":"2025-10-22T05:23:17","modified_gmt":"2025-10-22T05:23:17","slug":"ka-krievijas-mediji-atspoguloja-zapad-2025-macibas-raksts","status":"publish","type":"post","link":"https:\/\/www.europesays.com\/lv\/27811\/","title":{"rendered":"K\u0101 Krievijas mediji atspogu\u013coja \u00abZapad-2025\u00bb m\u0101c\u012bbas \/ Raksts"},"content":{"rendered":"<p>Kots ir viens no Krievijas slaven\u0101kajiem milit\u0101rajiem blogeriem valst\u012b ar vair\u0101k nek\u0101 pusmiljonu sekot\u0101ju. \u017de\u0161ova, savuk\u0101rt, ir Polijas pils\u0113ta, caur kuru Rietumi pieg\u0101d\u0101 iero\u010dus Ukrainai. Lai gan apgalvojums bija retorisks, pats fakts, ka kan\u0101ls ar pusmiljona auditoriju var at\u013cauties atkl\u0101ti aicin\u0101t uzbrukt Polijai, par\u0101da, cik t\u0101lu Krievijas propagandas izpild\u012bt\u0101ji var iet.<\/p>\n<p>Lai noskaidrotu Krievij\u0101 izplat\u012btos narat\u012bvus par m\u0101c\u012bb\u0101m &#8220;Zapad-2025&#8221;,\u00a0 ko mediji nodeva miljonu auditorijai, &#8220;Media IQ&#8221; sadarb\u012bb\u0101 ar <a href=\"https:\/\/rebaltica.lv\/2025\/10\/bliezisim-pa-poliju-ka-krievijas-mediji-atspoguloja-zapad-2025-macibas\/\" target=\"_blank\" rel=\"nofollow noopener\">&#8220;Re:Baltica&#8221;<\/a> analiz\u0113ja to atspogu\u013cojumu Krievijas pla\u0161sazi\u0146as l\u012bdzek\u013cos un &#8220;Telegram&#8221; kan\u0101los no 2025. gada 1. l\u012bdz 16. septembrim. Izp\u0113te aptv\u0113ra zi\u0146u a\u0123ent\u016bru materi\u0101lus (TASS, &#8220;RIA Novosti&#8221;, &#8220;Interfax&#8221;), druk\u0101to presi (&#8220;Izvestia&#8221;, &#8220;Kommersant&#8221;, &#8220;Vedomosti&#8221;, RBC), ar aizsardz\u012bbas resoru saist\u012bto\u00a0Zvezda TV\u00a0kan\u0101lu un vair\u0101k nek\u0101 55 &#8220;Telegram&#8221; kan\u0101lu \u2014 no ofici\u0101liem l\u012bdz atkl\u0101ti radik\u0101liem.<\/p>\n<p style=\"margin-left:0cm; margin-right:0cm\">\u012aSUM\u0100:<\/p>\n<ul>\n<li style=\"margin-left: 0cm; margin-right: 0cm;\">Krievijas propagandas piram\u012bda: valsts a\u0123ent\u016bras nosaka r\u0101mi,\u00a0 &#8220;pusneatkar\u012bgie&#8221; un &#8220;Z&#8221; kan\u0101li to pastiprina, perif\u0113rija iegrie\u017e hist\u0113riju.<\/li>\n<li style=\"margin-left: 0cm; margin-right: 0cm;\">Galvenie v\u0113st\u012bjumi: kodolattur\u0113\u0161ana, NATO k\u0101 agresors, Ukraina k\u0101 provokatore, Krievijas tehnolo\u0123iskais p\u0101r\u0101kums.<\/li>\n<li style=\"margin-left: 0cm; margin-right: 0cm;\">Dinamika: no piesardz\u012bgas test\u0113\u0161anas l\u012bdz emocion\u0101lai kulmin\u0101cijai Putina viz\u012btes dien\u0101 Mulino poligon\u0101.<\/li>\n<li style=\"margin-left: 0cm; margin-right: 0cm;\">Pretstats Minskai: ja Baltkrievijas medijos \u2014 mierm\u012bl\u012bga diplom\u0101tija; Krievijas kan\u0101los \u2014 atkl\u0101ta konfront\u0101cija ar kodoltematiku un kara est\u0113tiku.<\/li>\n<\/ul>\n<p><a id=\"1\" name=\"1\"\/>Krievijas propagandas tr\u012bs l\u012bme\u0146i<\/p>\n<p class=\"note__heading\">\u201cZapad \u2013 2025\u201d \u012bsum\u0101:<\/p>\n<ul>\n<li>12. \u2013 16.septembris 41 viet\u0101 Krievij\u0101 un Baltkrievij\u0101.<\/li>\n<li>Ap<a href=\"https:\/\/www.specialeurasia.com\/2025\/09\/17\/russia-belarus-zapad-2025\/\" onclick=\"javascript:window.open(&#039;https:\/\/www.specialeurasia.com\/2025\/09\/17\/russia-belarus-zapad-2025\/&#039;, &#039;_blank&#039;, &#039;noopener&#039;); return false;\" target=\"_blank\" rel=\"nofollow noopener\">\u00a0100 000 karav\u012bru\u00a0<\/a>(7000 Baltkrievij\u0101) un 10 000 milit\u0101r\u0101s tehnikas vien\u012bbu.\u00a0<\/li>\n<li>Ofici\u0101li pozicion\u0113tas k\u0101 aizsardz\u012bbas m\u0101c\u012bbas, bet ietv\u0113ra taktisko kodoliero\u010du un ra\u0137e\u0161u sist\u0113mu lieto\u0161anas apm\u0101c\u012bbu, tostarp\u00a0Iskander-M\u00a0un\u00a0Ore\u0161\u0146ik.\u00a0<\/li>\n<li>Pirmie lielie \u0161o sabiedroto manevri kop\u0161 Krievijas liel\u0101 iebrukuma Ukrain\u0101.<\/li>\n<li>P\u0113c iepriek\u0161\u0113j\u0101 \u201cZapad\u201d krievu armija no Baltkrievijas neaizv\u0101c\u0101s un izmantoja to k\u0101 placdarmu iebrukumam Ukrain\u0101.<\/li>\n<\/ul>\n<p>Krievijas propagandas sist\u0113ma nav monol\u012bta ma\u0161\u012bna, kur visi sa\u0146em pav\u0113les no viena centra. Taj\u0101 ir da\u017e\u0101di ap\u013ci ar da\u017e\u0101du pietuvin\u0101t\u012bbu varai, at\u0161\u0137ir\u012bgiem uzdevumiem un auditorij\u0101m. \u0160\u012bs strukt\u016bras izpratne ir kritiski svar\u012bga, lai analiz\u0113tu inform\u0101cijas kampa\u0146u, kas saist\u012bta ar &#8220;Zapad 2025&#8221;.<\/p>\n<p>Kodols \u2013 valsts ofici\u0101l\u0101 nost\u0101ja<\/p>\n<p>Sist\u0113mas centr\u0101 ir valsts zi\u0146u a\u0123ent\u016bras un ofici\u0101lie avoti.\u00a0TASS, RIA Novosti\u00a0un Krievijas Aizsardz\u012bbas ministrijas kan\u0101li p\u0101rraida\u00a0 valsts nost\u0101ju bez atk\u0101p\u0113m. To valoda ir neitr\u0101la un materi\u0101lus bie\u017ei cit\u0113 k\u0101 Maskavas ofici\u0101lo nost\u0101ju. Kodola uzdevums ir rad\u012bt r\u0101mi, kuru p\u0113c tam izmantos citos sist\u0113mas l\u012bme\u0146os.<\/p>\n<p>            <img decoding=\"async\" src=\"https:\/\/www.europesays.com\/lv\/wp-content\/uploads\/2025\/10\/ru6v.png\" alt=\"\"\/><\/p>\n<p>\u00a0<\/p>\n<p>\u0100rpakalpojumi \u2013 kritika, kas stiprina sist\u0113mu<\/p>\n<p>Otro loku veido mediji ar zin\u0101mu autonomijas pak\u0101pi, priv\u0101ti izdevumi ar atz\u012btiem z\u012bmoliem, piem\u0113ram,\u00a0Komsomo\u013cskaja Pravda, Izvestija, Kommersant\u00a0un\u00a0RBC.\u00a0<\/p>\n<p>            <img decoding=\"async\" src=\"https:\/\/www.europesays.com\/lv\/wp-content\/uploads\/2025\/10\/ru6w.png\" alt=\"\"\/><\/p>\n<p>            <img decoding=\"async\" src=\"https:\/\/www.europesays.com\/lv\/wp-content\/uploads\/2025\/10\/ru6x.png\" alt=\"\"\/><\/p>\n<p>\u00a0<\/p>\n<p>&#8220;Telegram&#8221; blogeri \u2013 t\u0101di k\u0101\u00a0\u00a0Rybar, \u0412\u043e\u0435\u043d\u043d\u044b\u0439 \u041e\u0441\u0432\u0435\u0434\u043e\u043c\u0438\u0442\u0435\u043b\u044c\u00a0(milinfolive) vai min\u0113tais sashakot \u2013 var at\u013cauties nelieku kritiku (parasti ne vair\u0101k k\u0101 5 \u2013 10 procentu satura). Ta\u010du kop\u0113j\u0101 l\u012bnija saglab\u0101jas: atbalst\u012bt varu.<\/p>\n<p>            <img decoding=\"async\" src=\"https:\/\/www.europesays.com\/lv\/wp-content\/uploads\/2025\/10\/ru6y.png\" alt=\"\"\/><\/p>\n<p>Kan\u0101ls sevi pretnostata Aizsardz\u012bbas ministrijas birokr\u0101tiem un rada priek\u0161statu, ka &#8220;st\u0101sta tran\u0161eju paties\u012bbu&#8221;, proti, nebaid\u0101s nor\u0101d\u012bt uz pav\u0113lniec\u012bbas k\u013c\u016bd\u0101m. Tas rada deba\u0161u un plur\u0101lisma il\u016bziju, piesaistot kritisku auditoriju, kas neuzticas t\u012brai propagandai. Tas netrauc\u0113 kan\u0101lam public\u0113t Aizsardz\u012bbas ministrijas rekl\u0101mu, kas verv\u0113 algot\u0146us karam Ukrain\u0101.<\/p>\n<p>Perif\u0113rij\u0101 \u2013 entuziasti un radik\u0101\u013ci<\/p>\n<p>Tre\u0161o propagandas loku veido nelieli &#8220;Telegram&#8221; kan\u0101li, kurus bie\u017ei vada entuziasti, kas patiesi tic Krem\u013ca nost\u0101jas pareiz\u012bbai. \u0160eit retorika k\u013c\u016bst \u0101rk\u0101rt\u012bgi emocion\u0101la un agres\u012bva.<\/p>\n<p>            <img decoding=\"async\" src=\"https:\/\/www.europesays.com\/lv\/wp-content\/uploads\/2025\/10\/ru6z.png\" alt=\"\"\/><\/p>\n<p>\u0160o perif\u0113ro rakst\u012bt\u0101ju uzdevums ir radikaliz\u0113t auditoriju un rad\u012bt emocion\u0101lo fonu. Ja perif\u0113rijas kan\u0101ls aicina uzbrukt Polijai, tad ofici\u0101lo mediju priek\u0161likums &#8220;stiprin\u0101t aizsardz\u012bbas sp\u0113jas&#8221; izklaus\u0101s p\u0113c sapr\u0101t\u012bga kompromisa.<\/p>\n<p>Ir svar\u012bgi saprast: at\u0161\u0137ir\u012bbas starp \u0161iem l\u012bme\u0146iem nav nejau\u0161as. T\u0101s ir apzin\u0101ta strat\u0113\u0123ija. Viena un t\u0101 pa\u0161a fakta p\u0101rraid\u012b\u0161ana da\u017e\u0101dos l\u012bme\u0146os un tonalit\u0101t\u0113s \u013cauj nosegt p\u0113c iesp\u0113jas vair\u0101k cilv\u0113ku \u2013 s\u0101kot no ofi\u0101lajai inform\u0101cijai tico\u0161ajiem un beidzot ar &#8220;cita viedok\u013ca&#8221; mekl\u0113t\u0101jiem.<\/p>\n<p>Retorikas evol\u016bcija: no piesardz\u012bbas l\u012bdz hist\u0113rijai<\/p>\n<p>Inform\u0101cijas kampa\u0146a norisin\u0101j\u0101s \u010detros posmos.<\/p>\n<p>            <img decoding=\"async\" src=\"https:\/\/www.europesays.com\/lv\/wp-content\/uploads\/2025\/10\/ru70.png\" alt=\"\"\/><\/p>\n<p>Ekr\u0101n\u0161\u0101vi\u0146\u0161 no &#8220;Telegram&#8221; kan\u0101la\u00a0<\/p>\n<p>1.Test\u0113\u0161ana<\/p>\n<p>Septembra pirmaj\u0101 ned\u0113\u013c\u0101 retorika bija sam\u0113r\u0101 attur\u012bga. \u0160\u0137ita, ka pla\u0161sazi\u0146as l\u012bdzek\u013ci un telev\u012bzijas kan\u0101li test\u0113 informat\u012bvo vidi, p\u0101rbaudot, kuras t\u0113mas visvair\u0101k atbalsosies.<\/p>\n<p>            <img decoding=\"async\" src=\"https:\/\/www.europesays.com\/lv\/wp-content\/uploads\/2025\/10\/ru71.png\" alt=\"\"\/><\/p>\n<p>2.Eksploz\u012bva agresija<\/p>\n<p>12. septembra pusnakt\u012b Polija dro\u0161\u012bbas apsv\u0113rumu d\u0113\u013c\u00a0<a href=\"https:\/\/www.gov.pl\/web\/mswia-en\/poland-has-closed-its-border-with-belarus\" onclick=\"javascript:window.open(&#039;https:\/\/www.gov.pl\/web\/mswia-en\/poland-has-closed-its-border-with-belarus&#039;, &#039;_blank&#039;, &#039;noopener&#039;); return false;\" target=\"_blank\" rel=\"nofollow noopener\">sl\u0113dza\u00a0<\/a>robe\u017eu ar Baltkrieviju milit\u0101ro m\u0101c\u012bbu laik\u0101. \u0160is l\u0113mums izrais\u012bja sa\u0161utuma vilni Krievijas medijos un &#8220;Telegram&#8221; platform\u0101. Krievijas mediji konstru\u0113ja narat\u012bvu: Polija sl\u0113dz robe\u017eu un ir panik\u0101; pulc\u0113 karasp\u0113ku un\u00a0 gatavo provok\u0101ciju; vaino Krieviju, bet r\u012bkojas p\u0113c NATO pav\u0113les.<\/p>\n<p>3. Tehnisk\u0101 f\u0101ze ar iek\u0161\u0113ju kritiku<\/p>\n<p>M\u0101c\u012bb\u0101m ritot piln\u0101 spar\u0101, ofici\u0101lie kan\u0101li p\u0101rg\u0101ja uz tehnisk\u0101m atskait\u0113m.<\/p>\n<p>            <img decoding=\"async\" src=\"https:\/\/www.europesays.com\/lv\/wp-content\/uploads\/2025\/10\/ru72.png\" alt=\"\"\/><\/p>\n<p>            <img decoding=\"async\" src=\"https:\/\/www.europesays.com\/lv\/wp-content\/uploads\/2025\/10\/ru73.png\" alt=\"\"\/><\/p>\n<p>Ta\u010du tie\u0161i \u0161aj\u0101s dien\u0101s par\u0101d\u012bj\u0101s da\u013c\u0113ji perif\u0113ro kan\u0101lu rakstur\u012bga iez\u012bme \u2014 to sp\u0113ja drusku pakritiz\u0113t.<\/p>\n<p>            <img decoding=\"async\" src=\"https:\/\/www.europesays.com\/lv\/wp-content\/uploads\/2025\/10\/ru74.jpg\" alt=\"\"\/><\/p>\n<p>\u00a0<\/p>\n<p>4. Emocion\u0101l\u0101 kulmin\u0101cija<\/p>\n<p>Par mediju galveno notikumu k\u013cuva Krievijas prezidenta viz\u012bte Mulino poligon\u0101 16.septembr\u012b, aiz\u0113nojot visu p\u0101r\u0113jo.Krievijas Pirmais kan\u0101ls\u00a0par to\u00a0<a href=\"https:\/\/www.1tv.ru\/news\/2025-09-16\/520871-vladimir_putin_v_mulino_nablyudal_za_rossiysko_belorusskimi_ucheniyami_zapad_2025\" onclick=\"javascript:window.open(&#039;https:\/\/www.1tv.ru\/news\/2025-09-16\/520871-vladimir_putin_v_mulino_nablyudal_za_rossiysko_belorusskimi_ucheniyami_zapad_2025&#039;, &#039;_blank&#039;, &#039;noopener&#039;); return false;\" target=\"_blank\" rel=\"nofollow noopener\">p\u0101rraid\u012bja\u00a0<\/a>10 min\u016b\u0161u si\u017eetu.<\/p>\n<p>Citi sekoja \u0161im piem\u0113ram, bet &#8220;Telegram&#8221; bija burtiski spr\u0101dziens. Kan\u0101ls &#8220;\u041c\u0438\u0440 \u0441\u0435\u0433\u043e\u0434\u043d\u044f \u0441 &#8220;\u042e\u0440\u0438\u0439 \u041f\u043e\u0434\u043e\u043b\u044f\u043a\u0430&#8221;&#8221;<a href=\"https:\/\/t.me\/yurasumy\/24768\" onclick=\"javascript:window.open(&#039;https:\/\/t.me\/yurasumy\/24768&#039;, &#039;_blank&#039;, &#039;noopener&#039;); return false;\" target=\"_blank\" rel=\"nofollow\">public\u0113ja\u00a0<\/a>\u012bsu Krem\u013ca preses dienesta video, kur\u0101 Vladimirs Putins uzskait\u012bja m\u0101c\u012bb\u0101s iesaist\u012bto vien\u012bbu un apr\u012bkojuma skaitu. Ieraksts sav\u0101ca 1,65 miljonus skat\u012bjumu \u2014 vair\u0101k nek\u0101 daudzas TV programmas.<\/p>\n<p>Gandr\u012bz visi analiz\u0113tie &#8220;Telegram&#8221; kan\u0101li uzsv\u0113ra Putina uniformu. Z\u012bm\u012bgi, ka 16. septembr\u012b praktiski visi kan\u0101li un pla\u0161sazi\u0146as l\u012bdzek\u013ci vienlaikus atk\u0101rtoja Putina nor\u0101d\u012bto skaitli &#8220;100 000 karav\u012bru&#8221;. \u0160is skaitlis da\u017e\u0101dos avotos vienas dienas laik\u0101 par\u0101d\u012bj\u0101s 47 reizes, aptuvenu apl\u0113si p\u0101rv\u0113r\u0161ot par &#8220;neapstr\u012bdamu faktu&#8221;.<\/p>\n<p><a id=\"2\" name=\"2\"\/>Galvenie v\u0113st\u012bjumi<\/p>\n<p>            <img decoding=\"async\" src=\"https:\/\/www.europesays.com\/lv\/wp-content\/uploads\/2025\/10\/ru76.png\" alt=\"\"\/><\/p>\n<p><a id=\"3\" name=\"3\"\/>Kas at\u0161\u0137iras no Baltkrievijas?<\/p>\n<p>Kam\u0113r Baltkrievijas valsts mediji cent\u0101s izskat\u012bties diplom\u0101tiski, uzsverot &#8220;mierm\u012bl\u012bbu&#8221; un &#8220;aizsardz\u012bbu&#8221;, k\u0101 ar\u012b izvairoties no konkr\u0113tu m\u0113r\u0137a valstu nosauk\u0161anas, Krievijas kan\u0101li bija daudz agres\u012bv\u0101ki.<\/p>\n<p>\u012apa\u0161i uzkr\u012bto\u0161a at\u0161\u0137ir\u012bba ir kodoliero\u010du apcer\u0113\u0161ana. Kam\u0113r Baltkrievijas mediji mask\u0113ti run\u0101ja par &#8220;attur\u0113\u0161anu&#8221;, Krievijas kan\u0101li izmantoja &#8220;iesild\u012b\u0161an\u0101s&#8221; metodi \u2014 pak\u0101peniski sagatavojot sabiedr\u012bbu t\u0101 iesp\u0113jam\u012bbai.<\/p>\n<p>Baltkrievijas un Krievijas ofici\u0101lie mediji t\u0113loja &#8220;labos policistus&#8221; \u2014 diplom\u0101tiskus, atv\u0113rtus un mieru m\u012blo\u0161us. Krievijas &#8220;Telegram&#8221; kan\u0101li t\u0113loja &#8220;sliktos policistus&#8221;, sakot lietas, ko ofici\u0101lie avoti neteiktu.<\/p>\n","protected":false},"excerpt":{"rendered":"Kots ir viens no Krievijas slaven\u0101kajiem milit\u0101rajiem blogeriem valst\u012b ar vair\u0101k nek\u0101 pusmiljonu sekot\u0101ju. \u017de\u0161ova, savuk\u0101rt, ir Polijas&hellip;\n","protected":false},"author":2,"featured_media":27812,"comment_status":"","ping_status":"","sticky":false,"template":"","format":"standard","meta":{"footnotes":""},"categories":[14],"tags":[23,57,28,29,32,33,22,30,31,35,39,38,36,37,34,40,20,26,27,24,25,54,55,56,21,58],"class_list":{"0":"post-27811","1":"post","2":"type-post","3":"status-publish","4":"format-standard","5":"has-post-thumbnail","7":"category-zinas-no-arvalstim","8":"tag-aktualitates","9":"tag-arvalstim","10":"tag-breaking-news","11":"tag-breakingnews","12":"tag-featured-news","13":"tag-featurednews","14":"tag-headlines","15":"tag-latest-news","16":"tag-latestnews","17":"tag-latvia","18":"tag-latvian","19":"tag-latviesu","20":"tag-latviesu-valoda","21":"tag-latviesuvaloda","22":"tag-latvija","23":"tag-lv","24":"tag-news","25":"tag-popularakas-zinas","26":"tag-popularakaszinas","27":"tag-top-stories","28":"tag-topstories","29":"tag-world","30":"tag-world-news","31":"tag-worldnews","32":"tag-zinas","33":"tag-zinas-no-arvalstim"},"share_on_mastodon":{"url":"","error":""},"_links":{"self":[{"href":"https:\/\/www.europesays.com\/lv\/wp-json\/wp\/v2\/posts\/27811","targetHints":{"allow":["GET"]}}],"collection":[{"href":"https:\/\/www.europesays.com\/lv\/wp-json\/wp\/v2\/posts"}],"about":[{"href":"https:\/\/www.europesays.com\/lv\/wp-json\/wp\/v2\/types\/post"}],"author":[{"embeddable":true,"href":"https:\/\/www.europesays.com\/lv\/wp-json\/wp\/v2\/users\/2"}],"replies":[{"embeddable":true,"href":"https:\/\/www.europesays.com\/lv\/wp-json\/wp\/v2\/comments?post=27811"}],"version-history":[{"count":0,"href":"https:\/\/www.europesays.com\/lv\/wp-json\/wp\/v2\/posts\/27811\/revisions"}],"wp:featuredmedia":[{"embeddable":true,"href":"https:\/\/www.europesays.com\/lv\/wp-json\/wp\/v2\/media\/27812"}],"wp:attachment":[{"href":"https:\/\/www.europesays.com\/lv\/wp-json\/wp\/v2\/media?parent=27811"}],"wp:term":[{"taxonomy":"category","embeddable":true,"href":"https:\/\/www.europesays.com\/lv\/wp-json\/wp\/v2\/categories?post=27811"},{"taxonomy":"post_tag","embeddable":true,"href":"https:\/\/www.europesays.com\/lv\/wp-json\/wp\/v2\/tags?post=27811"}],"curies":[{"name":"wp","href":"https:\/\/api.w.org\/{rel}","templated":true}]}}