{"id":27817,"date":"2025-10-22T05:35:07","date_gmt":"2025-10-22T05:35:07","guid":{"rendered":"https:\/\/www.europesays.com\/lv\/27817\/"},"modified":"2025-10-22T05:35:07","modified_gmt":"2025-10-22T05:35:07","slug":"es-negribu-izniekotu-tiksanos-tramps-skaidro-kadel-atliek-samitu-ar-putinu","status":"publish","type":"post","link":"https:\/\/www.europesays.com\/lv\/27817\/","title":{"rendered":"&#8220;Es negribu izniekotu tik\u0161anos.&#8221; Tramps skaidro, k\u0101d\u0113\u013c atliek samitu ar Putinu"},"content":{"rendered":"<p>Tramps 16. oktobr\u012b pazi\u0146oja, ka dr\u012bzum\u0101 tiksies ar Putinu Budape\u0161t\u0101. K\u0101 iesp\u0113jamais tik\u0161an\u0101s norises laiks tika min\u0113tas divas ned\u0113\u013cas.<\/p>\n<p>&#8220;Es negribu izniekotu tik\u0161anos,&#8221; Tramps otrdien \u017eurn\u0101listiem sac\u012bja Ov\u0101laj\u0101 kabinet\u0101, atbildot uz jaut\u0101jumu, k\u0101p\u0113c tik\u0161an\u0101s ar Putinu tiek atlikta.<\/p>\n<blockquote class=\"quote ck-widget\" contenteditable=\"false\">\n<p>&#8220;Es negribu, lai laiks tiktu izniekots velt\u012bgi, t\u0101p\u0113c es skat\u012b\u0161os, kas notiek,&#8221; piebilda prezidents.<\/p>\n<\/blockquote>\n<p>Uz zi\u0146u a\u0123ent\u016bras AFP \u017eurn\u0101lista jaut\u0101jumu, kas ir main\u012bjis vi\u0146a l\u0113mumu, Tramps atbild\u0113ja: &#8220;Daudz kas notiek kara front\u0113. Un m\u0113s n\u0101kamaj\u0101s div\u0101s dien\u0101s inform\u0113sim j\u016bs par to, ko dar\u0101m.&#8221;<\/p>\n<p>Ar\u012b ASV valsts sekret\u0101rs Marko Rubio un Krievijas \u0101rlietu ministrs Sergejs Lavrovs p\u0113c pirmdien notiku\u0161\u0101s telefonsarunas atc\u0113la gaid\u012bto tik\u0161anos, kur\u0101 bija paredz\u0113ts vienoties par Budape\u0161tas samitu, pazi\u0146oja Baltais nams.<\/p>\n","protected":false},"excerpt":{"rendered":"Tramps 16. oktobr\u012b pazi\u0146oja, ka dr\u012bzum\u0101 tiksies ar Putinu Budape\u0161t\u0101. K\u0101 iesp\u0113jamais tik\u0161an\u0101s norises laiks tika min\u0113tas divas&hellip;\n","protected":false},"author":2,"featured_media":27818,"comment_status":"","ping_status":"","sticky":false,"template":"","format":"standard","meta":{"footnotes":""},"categories":[14],"tags":[23,57,28,29,8403,542,32,33,22,30,31,35,39,38,36,37,34,40,20,26,27,24,25,235,54,55,56,21,58],"class_list":{"0":"post-27817","1":"post","2":"type-post","3":"status-publish","4":"format-standard","5":"has-post-thumbnail","7":"category-zinas-no-arvalstim","8":"tag-aktualitates","9":"tag-arvalstim","10":"tag-breaking-news","11":"tag-breakingnews","12":"tag-budapesta","13":"tag-donalds-tramps","14":"tag-featured-news","15":"tag-featurednews","16":"tag-headlines","17":"tag-latest-news","18":"tag-latestnews","19":"tag-latvia","20":"tag-latvian","21":"tag-latviesu","22":"tag-latviesu-valoda","23":"tag-latviesuvaloda","24":"tag-latvija","25":"tag-lv","26":"tag-news","27":"tag-popularakas-zinas","28":"tag-popularakaszinas","29":"tag-top-stories","30":"tag-topstories","31":"tag-vladimirs-putins","32":"tag-world","33":"tag-world-news","34":"tag-worldnews","35":"tag-zinas","36":"tag-zinas-no-arvalstim"},"share_on_mastodon":{"url":"","error":""},"_links":{"self":[{"href":"https:\/\/www.europesays.com\/lv\/wp-json\/wp\/v2\/posts\/27817","targetHints":{"allow":["GET"]}}],"collection":[{"href":"https:\/\/www.europesays.com\/lv\/wp-json\/wp\/v2\/posts"}],"about":[{"href":"https:\/\/www.europesays.com\/lv\/wp-json\/wp\/v2\/types\/post"}],"author":[{"embeddable":true,"href":"https:\/\/www.europesays.com\/lv\/wp-json\/wp\/v2\/users\/2"}],"replies":[{"embeddable":true,"href":"https:\/\/www.europesays.com\/lv\/wp-json\/wp\/v2\/comments?post=27817"}],"version-history":[{"count":0,"href":"https:\/\/www.europesays.com\/lv\/wp-json\/wp\/v2\/posts\/27817\/revisions"}],"wp:featuredmedia":[{"embeddable":true,"href":"https:\/\/www.europesays.com\/lv\/wp-json\/wp\/v2\/media\/27818"}],"wp:attachment":[{"href":"https:\/\/www.europesays.com\/lv\/wp-json\/wp\/v2\/media?parent=27817"}],"wp:term":[{"taxonomy":"category","embeddable":true,"href":"https:\/\/www.europesays.com\/lv\/wp-json\/wp\/v2\/categories?post=27817"},{"taxonomy":"post_tag","embeddable":true,"href":"https:\/\/www.europesays.com\/lv\/wp-json\/wp\/v2\/tags?post=27817"}],"curies":[{"name":"wp","href":"https:\/\/api.w.org\/{rel}","templated":true}]}}