{"id":27823,"date":"2025-10-22T05:53:07","date_gmt":"2025-10-22T05:53:07","guid":{"rendered":"https:\/\/www.europesays.com\/lv\/27823\/"},"modified":"2025-10-22T05:53:07","modified_gmt":"2025-10-22T05:53:07","slug":"tramps-atlicis-tiksanos-ar-putinu-lai-neizniekotu-laiku-jauns-lv","status":"publish","type":"post","link":"https:\/\/www.europesays.com\/lv\/27823\/","title":{"rendered":"Tramps atlicis tik\u0161anos ar Putinu, lai \u201cneizniekotu laiku\u201d &#8211; Jauns.lv"},"content":{"rendered":"<ol>\n<li><a href=\"https:\/\/news.google.com\/rss\/articles\/CBMimgFBVV95cUxOWFl5ZXFaNTQwa0l6VndkMzhqaWczU21uZTdSVEhmN1JvT1VyUGdQSVNQR05qdkJoTy1RSGFoeXFEOFZ4Y3FVMzlwdV85d1J2NnZjT3lpcFIzRGphTXIyNHo4N3BCTkRUZEpveWpYNHd3LWlnX2VqT0Q3c0Y4bHR3YmM4bC1MeVBPMjJpaUJNQmg3c25HeTFNcFVB?oc=5\" target=\"_blank\" rel=\"nofollow noopener\">Tramps atlicis tik\u0161anos ar Putinu, lai \u201cneizniekotu laiku\u201d<\/a>&nbsp;&nbsp;Jauns.lv<\/li>\n<li><a href=\"https:\/\/news.google.com\/rss\/articles\/CBMihwFBVV95cUxQRHgtVWZUMjVTNTJJeEFzNG0yZDlSQktwUS1XaURPUGs2a3VHNEw2MHJwRkRiTlF1YThDNFlER294Q29FLUxqTXVJWk03QjQwS1dwZ2RsQTV5RGFoajZhZThZSXVRY2Y0dWJGSVllRUVNOUpBS0hDVE9PTU1pLVQ1T1dMMkFkWFE?oc=5\" target=\"_blank\" rel=\"nofollow noopener\">K\u0101 izg\u0101z\u0101s Trampa un Putina Budape\u0161tas samita pl\u0101ni<\/a>&nbsp;&nbsp;TVNET<\/li>\n<li><a href=\"https:\/\/news.google.com\/rss\/articles\/CBMitAFBVV95cUxPNlFpWlduaXpGN3BwNlRFMDVyckx2MXRsQkI3ZS1FUjVBdUhfZkQ5MHFVSm01OVFhTTA2NFF0d0R5WnVxTHprRm1xdFhac2tsQ281RzdIUmZiN3hoZlROQVp4cW95UzRUOXdVVDRlWnV3bUttUDVWUEU1Skl5Y3JnRWdIWkg1T2lnR01wVVZWc0dPZTQtYUg4U3pnODh2Z0p3c2JaRl9MMTFIMVRlMEp1YnQ5Zm0?oc=5\" target=\"_blank\" rel=\"nofollow noopener\">Tramps pazi\u0146o, ka tuv\u0101kaj\u0101 n\u0101kotn\u0113 ar Putinu netiksies; NATO \u0123ener\u0101lsekret\u0101rs devies uz Va\u0161ingtonu<\/a>&nbsp;&nbsp;LA.LV<\/li>\n<li><a href=\"https:\/\/news.google.com\/rss\/articles\/CBMimAFBVV95cUxNTWhZRGVCQm9BYV9mRnhLVHBSdF9iYXRHMEItRElHUWE1V2hZVUQ3NTY4T3V3QVJMQnVZRXlTZnc3OXdnWmZVYnU0NFdSVzgwSTV1MzhWV21WRlhtcG80eDdFd0lCMTVlNl9hdGhlaHdqbkRKSWNzT294NGE4M2d3SHJfVnN2S0ZMTDNOSHFaLTYzTEpRQmc2eg?oc=5\" target=\"_blank\" rel=\"nofollow noopener\">Rubio tik\u0161an\u0101s ar Lavrovu ir atlikta, zi\u0146o CNN<\/a>&nbsp;&nbsp;Delfi<\/li>\n<li><a href=\"https:\/\/news.google.com\/rss\/articles\/CBMivgFBVV95cUxPVm1La18zbEttQ0p0cU8wVS13bGpwcnZNd1VlOE5VaEdINmdrY3d3S3Z0VmFiUGNwVDdKaUY2OEtRVjVQMm50bDhHOWdPbVR0bTNWNWRMVjEzcm9yY0c3V1dvZzkyb0tCeTV6T18tRTFvbkx2VzZ2X081Q2duTzRFOGZsRlVZME9WdnkwaXo1TzdGYUxVdlpKS3BZejdtSWdTOE1QV3N3eUtsZUo4TnRiY1RtdVhrT3RPUVlPSEp3?oc=5\" target=\"_blank\" rel=\"nofollow noopener\">VIDEO Aiz priek\u0161kara: &#8220;Zaud\u0113t\u0101js&#8221; Zelenskis, &#8220;pazemojums Eiropai&#8221; Budape\u0161t\u0101 un &#8220;nacistisk\u0101&#8221; Latvija<\/a>&nbsp;&nbsp;Apollo.lv<\/li>\n<\/ol>\n","protected":false},"excerpt":{"rendered":"Tramps atlicis tik\u0161anos ar Putinu, lai \u201cneizniekotu laiku\u201d&nbsp;&nbsp;Jauns.lv K\u0101 izg\u0101z\u0101s Trampa un Putina Budape\u0161tas samita pl\u0101ni&nbsp;&nbsp;TVNET Tramps pazi\u0146o,&hellip;\n","protected":false},"author":2,"featured_media":27824,"comment_status":"","ping_status":"","sticky":false,"template":"","format":"standard","meta":{"footnotes":""},"categories":[14],"tags":[23,57,28,29,32,33,22,30,31,35,39,38,36,37,34,40,20,26,27,24,25,54,55,56,21,58],"class_list":{"0":"post-27823","1":"post","2":"type-post","3":"status-publish","4":"format-standard","5":"has-post-thumbnail","7":"category-zinas-no-arvalstim","8":"tag-aktualitates","9":"tag-arvalstim","10":"tag-breaking-news","11":"tag-breakingnews","12":"tag-featured-news","13":"tag-featurednews","14":"tag-headlines","15":"tag-latest-news","16":"tag-latestnews","17":"tag-latvia","18":"tag-latvian","19":"tag-latviesu","20":"tag-latviesu-valoda","21":"tag-latviesuvaloda","22":"tag-latvija","23":"tag-lv","24":"tag-news","25":"tag-popularakas-zinas","26":"tag-popularakaszinas","27":"tag-top-stories","28":"tag-topstories","29":"tag-world","30":"tag-world-news","31":"tag-worldnews","32":"tag-zinas","33":"tag-zinas-no-arvalstim"},"share_on_mastodon":{"url":"","error":""},"_links":{"self":[{"href":"https:\/\/www.europesays.com\/lv\/wp-json\/wp\/v2\/posts\/27823","targetHints":{"allow":["GET"]}}],"collection":[{"href":"https:\/\/www.europesays.com\/lv\/wp-json\/wp\/v2\/posts"}],"about":[{"href":"https:\/\/www.europesays.com\/lv\/wp-json\/wp\/v2\/types\/post"}],"author":[{"embeddable":true,"href":"https:\/\/www.europesays.com\/lv\/wp-json\/wp\/v2\/users\/2"}],"replies":[{"embeddable":true,"href":"https:\/\/www.europesays.com\/lv\/wp-json\/wp\/v2\/comments?post=27823"}],"version-history":[{"count":0,"href":"https:\/\/www.europesays.com\/lv\/wp-json\/wp\/v2\/posts\/27823\/revisions"}],"wp:featuredmedia":[{"embeddable":true,"href":"https:\/\/www.europesays.com\/lv\/wp-json\/wp\/v2\/media\/27824"}],"wp:attachment":[{"href":"https:\/\/www.europesays.com\/lv\/wp-json\/wp\/v2\/media?parent=27823"}],"wp:term":[{"taxonomy":"category","embeddable":true,"href":"https:\/\/www.europesays.com\/lv\/wp-json\/wp\/v2\/categories?post=27823"},{"taxonomy":"post_tag","embeddable":true,"href":"https:\/\/www.europesays.com\/lv\/wp-json\/wp\/v2\/tags?post=27823"}],"curies":[{"name":"wp","href":"https:\/\/api.w.org\/{rel}","templated":true}]}}