{"id":27827,"date":"2025-10-22T05:55:08","date_gmt":"2025-10-22T05:55:08","guid":{"rendered":"https:\/\/www.europesays.com\/lv\/27827\/"},"modified":"2025-10-22T05:55:08","modified_gmt":"2025-10-22T05:55:08","slug":"tramps-komente-lemumu-tomer-netikties-ar-putinu","status":"publish","type":"post","link":"https:\/\/www.europesays.com\/lv\/27827\/","title":{"rendered":"Tramps koment\u0113 l\u0113mumu tom\u0113r netikties ar Putinu"},"content":{"rendered":"<p>Tramps 16. oktobr\u012b pazi\u0146oja, ka dr\u012bzum\u0101 tiksies ar Putinu Budape\u0161t\u0101. K\u0101 iesp\u0113jamais tik\u0161an\u0101s norises laiks tika min\u0113tas divas ned\u0113\u013cas.<\/p>\n<p>&#8220;Es negribu, lai laiks tiktu izniekots velt\u012bgi, t\u0101p\u0113c es skat\u012b\u0161os, kas notiek,&#8221; piebilda prezidents.<\/p>\n<p>Uz zi\u0146u a\u0123ent\u016bras AFP \u017eurn\u0101lista jaut\u0101jumu, kas ir main\u012bjis vi\u0146a l\u0113mumu, Tramps atbild\u0113ja: &#8220;Daudz kas notiek kara front\u0113. Un m\u0113s n\u0101kamaj\u0101s div\u0101s dien\u0101s inform\u0113sim j\u016bs par to, ko dar\u0101m.&#8221;<\/p>\n<p>Ar\u012b <a href=\"https:\/\/www.tvnet.lv\/term\/555410\/asv\" class=\"topicLink\" target=\"_blank\" rel=\"nofollow noopener\">ASV<\/a> valsts sekret\u0101rs <a href=\"https:\/\/www.tvnet.lv\/term\/556395\/marko-rubio\" class=\"topicLink\" target=\"_blank\" rel=\"nofollow noopener\">Marko Rubio<\/a> un Krievijas \u0101rlietu ministrs <a href=\"https:\/\/www.tvnet.lv\/term\/555639\/sergejs-lavrovs\" class=\"topicLink\" target=\"_blank\" rel=\"nofollow noopener\">Sergejs Lavrovs<\/a> p\u0113c pirmdien notiku\u0161\u0101s telefonsarunas atc\u0113la gaid\u012bto tik\u0161anos, kur\u0101 bija paredz\u0113ts vienoties par Budape\u0161tas samitu, pazi\u0146oja Baltais nams.<\/p>\n","protected":false},"excerpt":{"rendered":"Tramps 16. oktobr\u012b pazi\u0146oja, ka dr\u012bzum\u0101 tiksies ar Putinu Budape\u0161t\u0101. K\u0101 iesp\u0113jamais tik\u0161an\u0101s norises laiks tika min\u0113tas divas&hellip;\n","protected":false},"author":2,"featured_media":23928,"comment_status":"","ping_status":"","sticky":false,"template":"","format":"standard","meta":{"footnotes":""},"categories":[5],"tags":[23,292,28,29,542,32,33,22,30,31,35,39,38,36,37,34,40,2093,20,26,27,2092,24,25,235,21],"class_list":{"0":"post-27827","1":"post","2":"type-post","3":"status-publish","4":"format-standard","5":"has-post-thumbnail","7":"category-aktualitates","8":"tag-aktualitates","9":"tag-asv","10":"tag-breaking-news","11":"tag-breakingnews","12":"tag-donalds-tramps","13":"tag-featured-news","14":"tag-featurednews","15":"tag-headlines","16":"tag-latest-news","17":"tag-latestnews","18":"tag-latvia","19":"tag-latvian","20":"tag-latviesu","21":"tag-latviesu-valoda","22":"tag-latviesuvaloda","23":"tag-latvija","24":"tag-lv","25":"tag-marko-rubio","26":"tag-news","27":"tag-popularakas-zinas","28":"tag-popularakaszinas","29":"tag-sergejs-lavrovs","30":"tag-top-stories","31":"tag-topstories","32":"tag-vladimirs-putins","33":"tag-zinas"},"share_on_mastodon":{"url":"","error":""},"_links":{"self":[{"href":"https:\/\/www.europesays.com\/lv\/wp-json\/wp\/v2\/posts\/27827","targetHints":{"allow":["GET"]}}],"collection":[{"href":"https:\/\/www.europesays.com\/lv\/wp-json\/wp\/v2\/posts"}],"about":[{"href":"https:\/\/www.europesays.com\/lv\/wp-json\/wp\/v2\/types\/post"}],"author":[{"embeddable":true,"href":"https:\/\/www.europesays.com\/lv\/wp-json\/wp\/v2\/users\/2"}],"replies":[{"embeddable":true,"href":"https:\/\/www.europesays.com\/lv\/wp-json\/wp\/v2\/comments?post=27827"}],"version-history":[{"count":0,"href":"https:\/\/www.europesays.com\/lv\/wp-json\/wp\/v2\/posts\/27827\/revisions"}],"wp:featuredmedia":[{"embeddable":true,"href":"https:\/\/www.europesays.com\/lv\/wp-json\/wp\/v2\/media\/23928"}],"wp:attachment":[{"href":"https:\/\/www.europesays.com\/lv\/wp-json\/wp\/v2\/media?parent=27827"}],"wp:term":[{"taxonomy":"category","embeddable":true,"href":"https:\/\/www.europesays.com\/lv\/wp-json\/wp\/v2\/categories?post=27827"},{"taxonomy":"post_tag","embeddable":true,"href":"https:\/\/www.europesays.com\/lv\/wp-json\/wp\/v2\/tags?post=27827"}],"curies":[{"name":"wp","href":"https:\/\/api.w.org\/{rel}","templated":true}]}}