{"id":27834,"date":"2025-10-22T06:07:10","date_gmt":"2025-10-22T06:07:10","guid":{"rendered":"https:\/\/www.europesays.com\/lv\/27834\/"},"modified":"2025-10-22T06:07:10","modified_gmt":"2025-10-22T06:07:10","slug":"pamodas-no-liela-blikska-mazberni-nakti-izglabj-omites-dzivibu","status":"publish","type":"post","link":"https:\/\/www.europesays.com\/lv\/27834\/","title":{"rendered":"&#8220;Pamod\u0101s no liela bl\u012bk\u0161\u0137a.&#8221; Mazb\u0113rni nakt\u012b izgl\u0101bj om\u012btes dz\u012bv\u012bbu"},"content":{"rendered":"<p><a href=\"https:\/\/www.apollo.lv\/term\/555550\/nmpd\" class=\"topicLink\" target=\"_blank\" rel=\"nofollow noopener\">NMPD<\/a> raksta, ka pirms k\u0101da laika sa\u0146\u0113mu\u0161i izsaukumu pie seniores, kurai negaid\u012bti nakt\u012b k\u013cuva slikti. Laim\u012bgas sagad\u012b\u0161an\u0101s p\u0113c pie vi\u0146as taj\u0101 br\u012bd\u012b atrad\u0101s mazb\u0113rni \u2013 divpadsmit un septi\u0146us gadus veci.<\/p>\n<p>&#8220;Vec\u0101kais b\u0113rns nakt\u012b pamod\u0101s no liela bl\u012bk\u0161\u0137a un steidz\u0101s pie savas vecm\u0101mi\u0146as, kuru ieraudz\u012bja gu\u013cam uz zemes. Mazmeita cent\u0101s vi\u0146u piecelt aug\u0161\u0101, ta\u010du tas neizdev\u0101s. B\u0113rns neapjuka un zvan\u012bja uz \u0101rk\u0101rtas t\u0101lruni, lai izsauktu m\u016bsu medi\u0137u brig\u0101di. Lai ar\u012b ome nevar\u0113ja pakustin\u0101t ne rokas, ne k\u0101jas, par laimi, runas sp\u0113ja bija saglab\u0101ta. Mazmeita tur\u0113ja omei telefonu pie auss un vi\u0146a pati st\u0101st\u012bja dispe\u010deram, kas noticis. Simptomi liecin\u0101ja, ka tas ir insults,&#8221; st\u0101sta NMPD.<\/p>\n<p>Jau p\u0113c neilga br\u012b\u017ea ierad\u0101s NMPD medi\u0137i, kuri sniedza pal\u012bdz\u012bbu un nog\u0101d\u0101ja vecm\u0101mi\u0146u slimn\u012bc\u0101.<\/p>\n<p>NMPD p\u0113c notiku\u0161\u0101 sa\u0146\u0113mu\u0161i zi\u0146u no omes tuviniekiem: &#8220;Vi\u0146a atlabst un j\u016btas jau lab\u0101k. Ar\u012b slimn\u012bcas \u0101rsti uzsv\u0113ra \u2013 tik operat\u012bva nok\u013c\u016b\u0161ana slimn\u012bc\u0101 atst\u0101s vesel\u012bbai minim\u0101las sekas vai t\u0101du neb\u016bs pat visp\u0101r.&#8221;<\/p>\n<p>Speci\u0101listi uzsver \u2013 ja b\u0113rni neb\u016btu r\u012bkojo\u0161ies, iesp\u0113jams, \u0161im st\u0101stam b\u016btu pavisam cits izn\u0101kums.<\/p>\n<p>NMPD komanda saka lielu paldies abiem b\u0113rniem, kuri deva savai omei iesp\u0113ju dz\u012bvot!<\/p>\n<p>&#8220;Mala\u010di!&#8221; aizkustino\u0161\u0101 st\u0101sta nobeigum\u0101 raksta dienesta p\u0101rst\u0101vji.<\/p>\n<p>Insults ir lok\u0101li asinsrites trauc\u0113jumi vien\u0101 vai vair\u0101kos galvas smadze\u0146u asinsvados, kas izraisa p\u0113k\u0161\u0146u (ak\u016btu) viena vai vair\u0101ku galvas smadze\u0146u apvidu apasi\u0146o\u0161anas pasliktin\u0101\u0161anos. K\u0101 rezult\u0101t\u0101 tiek trauc\u0113ta vai z\u016bd iesaist\u012bt\u0101 smadze\u0146u apvidus funkcijas. Insults var b\u016bt i\u0161\u0113misks \u2013 saist\u012bts ar k\u0101da smadze\u0146u asinsvada nosprosto\u0161anos tromba d\u0113\u013c, vai hemor\u0101\u0123isks \u2013 saist\u012bts ar k\u0101da asinsvada pl\u012bsumu un asinsizpl\u016bdumu galvas smadzen\u0113s.<\/p>\n<p>Pla\u0161\u0101ku inform\u0101ciju par insultu un t\u0101 atpaz\u012b\u0161anu var atrast <a target=\"_blank\" rel=\"noopener noreferrer nofollow\" href=\"https:\/\/www.nmpd.gov.lv\/lv\/insults?fbclid=IwY2xjawNkpoVleHRuA2FlbQIxMABicmlkETFsWjJiZGpDU2JGQVFZRW5CAR4d4DQ7lLEg3rhUg1tgBusVjKmp90SIV38joZsZS4WjzDSkA9K9HLmQVARF8w_aem__hUV_I7TYSTGZEZWoLDn1Q&amp;utm_source=https%3A%2F%2Fl.facebook.com%2F\">NMPD m\u0101jaslap\u0101<\/a>.<\/p>\n","protected":false},"excerpt":{"rendered":"NMPD raksta, ka pirms k\u0101da laika sa\u0146\u0113mu\u0161i izsaukumu pie seniores, kurai negaid\u012bti nakt\u012b k\u013cuva slikti. Laim\u012bgas sagad\u012b\u0161an\u0101s p\u0113c&hellip;\n","protected":false},"author":2,"featured_media":27835,"comment_status":"","ping_status":"","sticky":false,"template":"","format":"standard","meta":{"footnotes":""},"categories":[5],"tags":[23,28,29,32,33,22,30,31,35,39,38,36,37,34,40,20,3938,26,27,24,25,181,21],"class_list":{"0":"post-27834","1":"post","2":"type-post","3":"status-publish","4":"format-standard","5":"has-post-thumbnail","7":"category-aktualitates","8":"tag-aktualitates","9":"tag-breaking-news","10":"tag-breakingnews","11":"tag-featured-news","12":"tag-featurednews","13":"tag-headlines","14":"tag-latest-news","15":"tag-latestnews","16":"tag-latvia","17":"tag-latvian","18":"tag-latviesu","19":"tag-latviesu-valoda","20":"tag-latviesuvaloda","21":"tag-latvija","22":"tag-lv","23":"tag-news","24":"tag-nmpd","25":"tag-popularakas-zinas","26":"tag-popularakaszinas","27":"tag-top-stories","28":"tag-topstories","29":"tag-veseliba","30":"tag-zinas"},"share_on_mastodon":{"url":"","error":""},"_links":{"self":[{"href":"https:\/\/www.europesays.com\/lv\/wp-json\/wp\/v2\/posts\/27834","targetHints":{"allow":["GET"]}}],"collection":[{"href":"https:\/\/www.europesays.com\/lv\/wp-json\/wp\/v2\/posts"}],"about":[{"href":"https:\/\/www.europesays.com\/lv\/wp-json\/wp\/v2\/types\/post"}],"author":[{"embeddable":true,"href":"https:\/\/www.europesays.com\/lv\/wp-json\/wp\/v2\/users\/2"}],"replies":[{"embeddable":true,"href":"https:\/\/www.europesays.com\/lv\/wp-json\/wp\/v2\/comments?post=27834"}],"version-history":[{"count":0,"href":"https:\/\/www.europesays.com\/lv\/wp-json\/wp\/v2\/posts\/27834\/revisions"}],"wp:featuredmedia":[{"embeddable":true,"href":"https:\/\/www.europesays.com\/lv\/wp-json\/wp\/v2\/media\/27835"}],"wp:attachment":[{"href":"https:\/\/www.europesays.com\/lv\/wp-json\/wp\/v2\/media?parent=27834"}],"wp:term":[{"taxonomy":"category","embeddable":true,"href":"https:\/\/www.europesays.com\/lv\/wp-json\/wp\/v2\/categories?post=27834"},{"taxonomy":"post_tag","embeddable":true,"href":"https:\/\/www.europesays.com\/lv\/wp-json\/wp\/v2\/tags?post=27834"}],"curies":[{"name":"wp","href":"https:\/\/api.w.org\/{rel}","templated":true}]}}