{"id":27840,"date":"2025-10-22T06:19:08","date_gmt":"2025-10-22T06:19:08","guid":{"rendered":"https:\/\/www.europesays.com\/lv\/27840\/"},"modified":"2025-10-22T06:19:08","modified_gmt":"2025-10-22T06:19:08","slug":"ukraina-ar-storm-shadow-raketem-veic-veiksmigu-triecienu-pa-krievijas-kimisko-rupnicu-brjanskas-apgabala","status":"publish","type":"post","link":"https:\/\/www.europesays.com\/lv\/27840\/","title":{"rendered":"Ukraina ar &#8220;Storm Shadow&#8221; ra\u0137et\u0113m veic veiksm\u012bgu triecienu pa Krievijas \u0137\u012bmisko r\u016bpn\u012bcu Brjanskas apgabal\u0101"},"content":{"rendered":"<p>&#8220;Tika veikts mas\u012bvs kombin\u0113ts ra\u0137e\u0161u un gaisa trieciens, tai skait\u0101 izmantojot gaisa palaistas ra\u0137etes &#8220;Storm Shadow&#8221;, kas veiksm\u012bgi caursita Krievijas pretgaisa aizsardz\u012bbas sist\u0113mu,&#8221; teikts \u0122ener\u0101l\u0161t\u0101ba pazi\u0146ojum\u0101 lietotn\u0113 &#8220;Telegram&#8221;.<\/p>\n<p>\u0122ener\u0101l\u0161t\u0101bs pav\u0113st\u012bja, ka nodar\u012bt\u0101 kait\u0113juma pilnais apm\u0113rs v\u0113l tiek nov\u0113rt\u0113ts, un uzsv\u0113ra \u0161\u012bs r\u016bpn\u012bcas svar\u012bgumu Krievijas aizsardz\u012bbas r\u016bpniec\u012bb\u0101.<\/p>\n<p>Saska\u0146\u0101 ar ofici\u0101lu inform\u0101ciju \u0161\u012b r\u016bpn\u012bca ir viena no Krievijas vado\u0161aj\u0101m spr\u0101gstvielu ra\u017eot\u0101j\u0101m. T\u0101 ra\u017eo artil\u0113rijas \u0161\u0101vi\u0146us un ra\u0137e\u0161u kaujas galvi\u0146as.<\/p>\n<p>Savuk\u0101rt Krievijas armija otrdienas vakar\u0101 pazi\u0146oja, ka esot notriekusi 57 Ukrainas dronus virs Brjanskas apgabala. Netika ofici\u0101li zi\u0146ots par nodar\u012bto kait\u0113jumu, bet apgabala gubernators Aleksandrs Bogomazs pazi\u0146oja, ka ir nos\u016bt\u012bti \u0101rk\u0101rt\u0113jo situ\u0101ciju dienesti.<\/p>\n","protected":false},"excerpt":{"rendered":"&#8220;Tika veikts mas\u012bvs kombin\u0113ts ra\u0137e\u0161u un gaisa trieciens, tai skait\u0101 izmantojot gaisa palaistas ra\u0137etes &#8220;Storm Shadow&#8221;, kas veiksm\u012bgi&hellip;\n","protected":false},"author":2,"featured_media":27841,"comment_status":"","ping_status":"","sticky":false,"template":"","format":"standard","meta":{"footnotes":""},"categories":[5],"tags":[23,28,29,32,33,22,234,74,30,31,35,39,38,36,37,34,40,20,26,27,24,25,276,21],"class_list":{"0":"post-27840","1":"post","2":"type-post","3":"status-publish","4":"format-standard","5":"has-post-thumbnail","7":"category-aktualitates","8":"tag-aktualitates","9":"tag-breaking-news","10":"tag-breakingnews","11":"tag-featured-news","12":"tag-featurednews","13":"tag-headlines","14":"tag-krievija","15":"tag-krievijas-iebrukums-ukraina","16":"tag-latest-news","17":"tag-latestnews","18":"tag-latvia","19":"tag-latvian","20":"tag-latviesu","21":"tag-latviesu-valoda","22":"tag-latviesuvaloda","23":"tag-latvija","24":"tag-lv","25":"tag-news","26":"tag-popularakas-zinas","27":"tag-popularakaszinas","28":"tag-top-stories","29":"tag-topstories","30":"tag-ukraina","31":"tag-zinas"},"share_on_mastodon":{"url":"","error":""},"_links":{"self":[{"href":"https:\/\/www.europesays.com\/lv\/wp-json\/wp\/v2\/posts\/27840","targetHints":{"allow":["GET"]}}],"collection":[{"href":"https:\/\/www.europesays.com\/lv\/wp-json\/wp\/v2\/posts"}],"about":[{"href":"https:\/\/www.europesays.com\/lv\/wp-json\/wp\/v2\/types\/post"}],"author":[{"embeddable":true,"href":"https:\/\/www.europesays.com\/lv\/wp-json\/wp\/v2\/users\/2"}],"replies":[{"embeddable":true,"href":"https:\/\/www.europesays.com\/lv\/wp-json\/wp\/v2\/comments?post=27840"}],"version-history":[{"count":0,"href":"https:\/\/www.europesays.com\/lv\/wp-json\/wp\/v2\/posts\/27840\/revisions"}],"wp:featuredmedia":[{"embeddable":true,"href":"https:\/\/www.europesays.com\/lv\/wp-json\/wp\/v2\/media\/27841"}],"wp:attachment":[{"href":"https:\/\/www.europesays.com\/lv\/wp-json\/wp\/v2\/media?parent=27840"}],"wp:term":[{"taxonomy":"category","embeddable":true,"href":"https:\/\/www.europesays.com\/lv\/wp-json\/wp\/v2\/categories?post=27840"},{"taxonomy":"post_tag","embeddable":true,"href":"https:\/\/www.europesays.com\/lv\/wp-json\/wp\/v2\/tags?post=27840"}],"curies":[{"name":"wp","href":"https:\/\/api.w.org\/{rel}","templated":true}]}}