{"id":27850,"date":"2025-10-22T06:51:08","date_gmt":"2025-10-22T06:51:08","guid":{"rendered":"https:\/\/www.europesays.com\/lv\/27850\/"},"modified":"2025-10-22T06:51:08","modified_gmt":"2025-10-22T06:51:08","slug":"doncics-sezonu-sak-ar-43-punktiem-un-zaudejumu-losandzelosa","status":"publish","type":"post","link":"https:\/\/www.europesays.com\/lv\/27850\/","title":{"rendered":"Don\u010di\u010ds sezonu s\u0101k ar 43 punktiem un zaud\u0113jumu Losand\u017eelos\u0101"},"content":{"rendered":"<p>Don\u010di\u010ds izc\u0113l\u0101s ar 43+12 un devi\u0146\u0101m rezultat\u012bv\u0101m piesp\u0113l\u0113m, ta\u010du &#8220;Lakers&#8221; sav\u0101 laukum\u0101 atzina pretinieku p\u0101r\u0101kumu ar 109:119 (22:28, 32:27, 25:35, 30:29).<\/p>\n<p>Vismaz 40 punktus sp\u0113l\u0113 Don\u010di\u010ds guva jau 47. reizi sav\u0101 <a href=\"https:\/\/sports.tvnet.lv\/term\/10004\/nba\" class=\"topicLink\" target=\"_blank\" rel=\"nofollow noopener\">NBA<\/a> karjer\u0101.<\/p>\n<p>\u0160aj\u0101 ma\u010d\u0101 pirmo reizi 23 gadu ilg\u0101s NBA karjeras laik\u0101 sezonas pirmaj\u0101 sp\u0113l\u0113 traumas d\u0113\u013c laukum\u0101 nevar\u0113ja doties &#8220;Lakers&#8221; sp\u012bdeklis Lebrons D\u017eeimss.<\/p>\n<p>&#8220;Lakers&#8221; rind\u0101s rezultat\u012bv\u0101kais ar 26 punktiem bija Ostins Gr\u012bns, bet divciparu skaitli g\u016btajos punktos sasniedza v\u0113l tikai Deandre Eitons, kura kont\u0101 desmit punkti.<\/p>\n<p>Uzvar\u0113t\u0101ju sast\u0101v\u0101 ar 31 punktu izc\u0113l\u0101s <a href=\"https:\/\/sports.tvnet.lv\/term\/574117\/dzimijs-batlers\" class=\"topicLink\" target=\"_blank\" rel=\"nofollow noopener\">D\u017eimijs Batlers<\/a>, kur\u0161 realiz\u0113ja visus 16 soda metienus, 23 punktus guva Stefans Karijs, bet pa 17 punktiem katrs &#8211; D\u017eonatans Kaminga un Badijs Hils.<\/p>\n<p>Jaun\u0101s sezonas atkl\u0101\u0161anas sp\u0113l\u0113 \u010dempioni Oklahomasitijas &#8220;Thunder&#8221; otraj\u0101 papildlaik\u0101 ar 125:124 (27:30, 24:27, 24:22, 29:25, 11:11, 10:9) sav\u0101 laukum\u0101 p\u0101rsp\u0113ja Hj\u016bstonas &#8220;Rockets&#8221; basketbolistus.<\/p>\n","protected":false},"excerpt":{"rendered":"Don\u010di\u010ds izc\u0113l\u0101s ar 43+12 un devi\u0146\u0101m rezultat\u012bv\u0101m piesp\u0113l\u0113m, ta\u010du &#8220;Lakers&#8221; sav\u0101 laukum\u0101 atzina pretinieku p\u0101r\u0101kumu ar 109:119 (22:28,&hellip;\n","protected":false},"author":2,"featured_media":27851,"comment_status":"","ping_status":"","sticky":false,"template":"","format":"standard","meta":{"footnotes":""},"categories":[17],"tags":[8573,1462,35,39,38,36,37,34,5787,40,1258,1262,67],"class_list":{"0":"post-27850","1":"post","2":"type-post","3":"status-publish","4":"format-standard","5":"has-post-thumbnail","7":"category-sports","8":"tag-dzimijs-batlers","9":"tag-hjustonas-rockets","10":"tag-latvia","11":"tag-latvian","12":"tag-latviesu","13":"tag-latviesu-valoda","14":"tag-latviesuvaloda","15":"tag-latvija","16":"tag-luka-doncics","17":"tag-lv","18":"tag-nba","19":"tag-oklahomasitijas-thunder","20":"tag-sports"},"share_on_mastodon":{"url":"","error":""},"_links":{"self":[{"href":"https:\/\/www.europesays.com\/lv\/wp-json\/wp\/v2\/posts\/27850","targetHints":{"allow":["GET"]}}],"collection":[{"href":"https:\/\/www.europesays.com\/lv\/wp-json\/wp\/v2\/posts"}],"about":[{"href":"https:\/\/www.europesays.com\/lv\/wp-json\/wp\/v2\/types\/post"}],"author":[{"embeddable":true,"href":"https:\/\/www.europesays.com\/lv\/wp-json\/wp\/v2\/users\/2"}],"replies":[{"embeddable":true,"href":"https:\/\/www.europesays.com\/lv\/wp-json\/wp\/v2\/comments?post=27850"}],"version-history":[{"count":0,"href":"https:\/\/www.europesays.com\/lv\/wp-json\/wp\/v2\/posts\/27850\/revisions"}],"wp:featuredmedia":[{"embeddable":true,"href":"https:\/\/www.europesays.com\/lv\/wp-json\/wp\/v2\/media\/27851"}],"wp:attachment":[{"href":"https:\/\/www.europesays.com\/lv\/wp-json\/wp\/v2\/media?parent=27850"}],"wp:term":[{"taxonomy":"category","embeddable":true,"href":"https:\/\/www.europesays.com\/lv\/wp-json\/wp\/v2\/categories?post=27850"},{"taxonomy":"post_tag","embeddable":true,"href":"https:\/\/www.europesays.com\/lv\/wp-json\/wp\/v2\/tags?post=27850"}],"curies":[{"name":"wp","href":"https:\/\/api.w.org\/{rel}","templated":true}]}}