{"id":27852,"date":"2025-10-22T06:59:12","date_gmt":"2025-10-22T06:59:12","guid":{"rendered":"https:\/\/www.europesays.com\/lv\/27852\/"},"modified":"2025-10-22T06:59:12","modified_gmt":"2025-10-22T06:59:12","slug":"eiropas-valstis-kopa-ar-ukrainu-veido-kara-izbeigsanas-planu-zino-bloomberg","status":"publish","type":"post","link":"https:\/\/www.europesays.com\/lv\/27852\/","title":{"rendered":"Eiropas valstis kop\u0101 ar Ukrainu veido kara izbeig\u0161anas pl\u0101nu, zi\u0146o &#8220;Bloomberg&#8221;"},"content":{"rendered":"<p>Eiropas valstis patlaban sadarbojas ar Ukrainu, izstr\u0101d\u0101jot 12 punktu kara izbeig\u0161anas pl\u0101nu, atsaucoties uz sarun\u0101m tuvu st\u0101vo\u0161\u0101m person\u0101m, raksta &#8220;Bloomberg&#8221;.<\/p>\n<p>Pl\u0101na deta\u013cas tiek p\u0113d\u0113jo reizi p\u0101rskat\u012btas un v\u0113l var main\u012bties, br\u012bdin\u0101ja inform\u0101cijas avoti, l\u016bdzot neatkl\u0101t vi\u0146u identit\u0101ti, jo apspriedes ir konfidenci\u0101las. Jebkur\u0161 priek\u0161likums b\u016btu j\u0101apstiprina ar\u012b Va\u0161ingtonai, un Eiropas amatpersonas \u0161oned\u0113\u013c var\u0113tu doties viz\u012bt\u0113 uz ASV, teica \u0161\u012bs personas.<\/p>\n<p class=\"m-0\">Seko &#8220;Delfi&#8221; ar\u012b  <a target=\"_blank\" href=\"https:\/\/www.instagram.com\/delfi.lv\/\" rel=\"nofollow noopener\">Instagram<\/a>  un <a target=\"_blank\" href=\"https:\/\/www.youtube.com\/channel\/UCw5foWtcJvAbUm64rv7jwUQ\" rel=\"nofollow noopener\">YouTube<\/a>  profil\u0101 \u2013 pievienojies, lai uzzin\u0101tu svar\u012bg\u0101ko un interesant\u0101ko pirmais!<\/p>\n<p>Publik\u0101cijas saturs vai t\u0101s jebk\u0101da apjoma da\u013ca ir aizsarg\u0101ts autorties\u012bbu objekts Autorties\u012bbu likuma izpratn\u0113, un t\u0101 izmanto\u0161ana bez izdev\u0113ja at\u013caujas ir aizliegta. Vair\u0101k lasi  <a target=\"_blank\" href=\"https:\/\/www.delfi.lv\/noteikumi#autortiesibas\" rel=\"nofollow noopener\">\u0161eit<\/a><script async src=\"\/\/www.instagram.com\/embed.js\"><\/script><\/p>\n","protected":false},"excerpt":{"rendered":"Eiropas valstis patlaban sadarbojas ar Ukrainu, izstr\u0101d\u0101jot 12 punktu kara izbeig\u0161anas pl\u0101nu, atsaucoties uz sarun\u0101m tuvu st\u0101vo\u0161\u0101m person\u0101m,&hellip;\n","protected":false},"author":2,"featured_media":27853,"comment_status":"","ping_status":"","sticky":false,"template":"","format":"standard","meta":{"footnotes":""},"categories":[14],"tags":[23,57,28,29,32,33,22,30,31,35,39,38,36,37,34,40,20,26,27,24,25,276,54,55,56,21,58],"class_list":{"0":"post-27852","1":"post","2":"type-post","3":"status-publish","4":"format-standard","5":"has-post-thumbnail","7":"category-zinas-no-arvalstim","8":"tag-aktualitates","9":"tag-arvalstim","10":"tag-breaking-news","11":"tag-breakingnews","12":"tag-featured-news","13":"tag-featurednews","14":"tag-headlines","15":"tag-latest-news","16":"tag-latestnews","17":"tag-latvia","18":"tag-latvian","19":"tag-latviesu","20":"tag-latviesu-valoda","21":"tag-latviesuvaloda","22":"tag-latvija","23":"tag-lv","24":"tag-news","25":"tag-popularakas-zinas","26":"tag-popularakaszinas","27":"tag-top-stories","28":"tag-topstories","29":"tag-ukraina","30":"tag-world","31":"tag-world-news","32":"tag-worldnews","33":"tag-zinas","34":"tag-zinas-no-arvalstim"},"share_on_mastodon":{"url":"","error":""},"_links":{"self":[{"href":"https:\/\/www.europesays.com\/lv\/wp-json\/wp\/v2\/posts\/27852","targetHints":{"allow":["GET"]}}],"collection":[{"href":"https:\/\/www.europesays.com\/lv\/wp-json\/wp\/v2\/posts"}],"about":[{"href":"https:\/\/www.europesays.com\/lv\/wp-json\/wp\/v2\/types\/post"}],"author":[{"embeddable":true,"href":"https:\/\/www.europesays.com\/lv\/wp-json\/wp\/v2\/users\/2"}],"replies":[{"embeddable":true,"href":"https:\/\/www.europesays.com\/lv\/wp-json\/wp\/v2\/comments?post=27852"}],"version-history":[{"count":0,"href":"https:\/\/www.europesays.com\/lv\/wp-json\/wp\/v2\/posts\/27852\/revisions"}],"wp:featuredmedia":[{"embeddable":true,"href":"https:\/\/www.europesays.com\/lv\/wp-json\/wp\/v2\/media\/27853"}],"wp:attachment":[{"href":"https:\/\/www.europesays.com\/lv\/wp-json\/wp\/v2\/media?parent=27852"}],"wp:term":[{"taxonomy":"category","embeddable":true,"href":"https:\/\/www.europesays.com\/lv\/wp-json\/wp\/v2\/categories?post=27852"},{"taxonomy":"post_tag","embeddable":true,"href":"https:\/\/www.europesays.com\/lv\/wp-json\/wp\/v2\/tags?post=27852"}],"curies":[{"name":"wp","href":"https:\/\/api.w.org\/{rel}","templated":true}]}}