{"id":27858,"date":"2025-10-22T07:03:09","date_gmt":"2025-10-22T07:03:09","guid":{"rendered":"https:\/\/www.europesays.com\/lv\/27858\/"},"modified":"2025-10-22T07:03:09","modified_gmt":"2025-10-22T07:03:09","slug":"video-%e2%9f%a9-ar-doncica-meistarklasi-par-maz-lakers-sak-sezonu-ar-zaudejumu","status":"publish","type":"post","link":"https:\/\/www.europesays.com\/lv\/27858\/","title":{"rendered":"VIDEO \u27e9 Ar Don\u010di\u010da meistarklasi par maz \u2013 &#8220;Lakers&#8221; s\u0101k sezonu ar zaud\u0113jumu"},"content":{"rendered":"<p>&#8220;Warriors&#8221; izbraukum\u0101 uzveica &#8220;Lakers&#8221; vien\u012bbu ar rezult\u0101tu 119:109 (28:22, 27:32, 35:25, 29:30).<\/p>\n<p>Uzvar\u0113t\u0101ju rind\u0101s spilgt\u0101kais sp\u0113l\u0113t\u0101js bija D\u017eimijs Butlers ar 31 punktu. Savuk\u0101rt m\u0101jinieces rind\u0101s Don\u010di\u010ds atz\u012bm\u0113j\u0101s ar 43 punktiem, 12 atl\u0113ku\u0161\u0101m bumb\u0101m un devi\u0146\u0101m rezultat\u012bv\u0101m piesp\u0113l\u0113m.<\/p>\n<p>&#8220;Lakers&#8221; superzvaigzne Lebrons D\u017eeimss muguras s\u0101pju d\u0113\u013c pirmoreiz karjer\u0101 izlaida <a href=\"https:\/\/www.apollo.lv\/term\/10004\/nba\" class=\"topicLink\" target=\"_blank\" rel=\"nofollow noopener\">NBA<\/a> sezonas atkl\u0101\u0161anas sp\u0113li.<\/p>\n<p>Sezonas pirmaj\u0101 sp\u0113l\u0113 \u010dempionvien\u012bba Oklahomasitijas &#8220;Thunder&#8221; sav\u0101 laukum\u0101 bija p\u0101r\u0101ka ar 125:124 (27:30, 24:27, 24:22, 29:25, 11:11, 10:9) p\u0101r Hj\u016bstonas &#8220;Rockets&#8221; vien\u012bbu.<\/p>\n<p>P\u0113d\u0113jos divus punktus ar realiz\u0113tiem soda metieniem 2,3 sekundes pirms otr\u0101 papildlaika beig\u0101m uzvar\u0113t\u0101ju rind\u0101s guva pag\u0101ju\u0161\u0101s sezonas v\u0113rt\u012bg\u0101kais sp\u0113l\u0113t\u0101js jeb MVP \u0160ejs Gild\u017eess-Aleksandrs. Vi\u0146\u0161 pamatlaika izska\u0146\u0101 ar\u012b 2,1 sekundi pirms ma\u010da nosl\u0113guma pan\u0101ca neiz\u0161\u0137irtu 104:104.<\/p>\n<p>&#8220;Thunder&#8221; l\u012bderis Gild\u017eess-Aleksandrs pirmaj\u0101 puslaik\u0101 guva tikai piecus punktus, bet ma\u010du nosl\u0113dza ar 35 punktiem, v\u0113l 28 punktus guva \u010cets Holmgrens, bet 16 punktus pievienoja Eid\u017eejs Mi\u010dels.<\/p>\n<p>&#8220;Rockets&#8221; no zaud\u0113juma negl\u0101ba Alperena \u0160engina 39+11 un septi\u0146as rezultat\u012bvas piesp\u0113les, kam\u0113r biju\u0161ais &#8220;Thunder&#8221; sp\u0113l\u0113t\u0101js Kevins Durents izc\u0113l\u0101s ar 23 punktiem un devi\u0146\u0101m bumb\u0101m zem groziem, bet 18 punktus guva Eimens Tompsons.<\/p>\n<p>\u0160\u012b bija tikai sest\u0101 reize NBA v\u0113stur\u0113, kad sezonas atkl\u0101\u0161anas ma\u010d\u0101 nepiecie\u0161ami divi papildlaiki un pirm\u0101 t\u0101da reize kop\u0161 2005. gada.<\/p>\n<p>Pag\u0101ju\u0161aj\u0101 sezon\u0101 &#8220;Thunder&#8221; fin\u0101ls\u0113rij\u0101 l\u012bdz \u010detriem pan\u0101kumiem ar 4-3 p\u0101rsp\u0113ja Indi\u0101nas &#8220;Pacers&#8221; vien\u012bbu.<\/p>\n","protected":false},"excerpt":{"rendered":"&#8220;Warriors&#8221; izbraukum\u0101 uzveica &#8220;Lakers&#8221; vien\u012bbu ar rezult\u0101tu 119:109 (28:22, 27:32, 35:25, 29:30). Uzvar\u0113t\u0101ju rind\u0101s spilgt\u0101kais sp\u0113l\u0113t\u0101js bija D\u017eimijs&hellip;\n","protected":false},"author":2,"featured_media":27859,"comment_status":"","ping_status":"","sticky":false,"template":"","format":"standard","meta":{"footnotes":""},"categories":[17],"tags":[145,35,39,38,36,37,34,5787,40,1258,67],"class_list":{"0":"post-27858","1":"post","2":"type-post","3":"status-publish","4":"format-standard","5":"has-post-thumbnail","7":"category-sports","8":"tag-basketbols","9":"tag-latvia","10":"tag-latvian","11":"tag-latviesu","12":"tag-latviesu-valoda","13":"tag-latviesuvaloda","14":"tag-latvija","15":"tag-luka-doncics","16":"tag-lv","17":"tag-nba","18":"tag-sports"},"share_on_mastodon":{"url":"","error":""},"_links":{"self":[{"href":"https:\/\/www.europesays.com\/lv\/wp-json\/wp\/v2\/posts\/27858","targetHints":{"allow":["GET"]}}],"collection":[{"href":"https:\/\/www.europesays.com\/lv\/wp-json\/wp\/v2\/posts"}],"about":[{"href":"https:\/\/www.europesays.com\/lv\/wp-json\/wp\/v2\/types\/post"}],"author":[{"embeddable":true,"href":"https:\/\/www.europesays.com\/lv\/wp-json\/wp\/v2\/users\/2"}],"replies":[{"embeddable":true,"href":"https:\/\/www.europesays.com\/lv\/wp-json\/wp\/v2\/comments?post=27858"}],"version-history":[{"count":0,"href":"https:\/\/www.europesays.com\/lv\/wp-json\/wp\/v2\/posts\/27858\/revisions"}],"wp:featuredmedia":[{"embeddable":true,"href":"https:\/\/www.europesays.com\/lv\/wp-json\/wp\/v2\/media\/27859"}],"wp:attachment":[{"href":"https:\/\/www.europesays.com\/lv\/wp-json\/wp\/v2\/media?parent=27858"}],"wp:term":[{"taxonomy":"category","embeddable":true,"href":"https:\/\/www.europesays.com\/lv\/wp-json\/wp\/v2\/categories?post=27858"},{"taxonomy":"post_tag","embeddable":true,"href":"https:\/\/www.europesays.com\/lv\/wp-json\/wp\/v2\/tags?post=27858"}],"curies":[{"name":"wp","href":"https:\/\/api.w.org\/{rel}","templated":true}]}}