{"id":278620,"date":"2026-08-27T06:59:12","date_gmt":"2026-08-27T06:59:12","guid":{"rendered":"https:\/\/www.europesays.com\/lv\/278620\/"},"modified":"2026-08-27T06:59:12","modified_gmt":"2026-08-27T06:59:12","slug":"ceturtdienas-horoskops-27-augusts-1188-lv","status":"publish","type":"post","link":"https:\/\/www.europesays.com\/lv\/278620\/","title":{"rendered":"Ceturtdienas horoskops: 27. augusts &#8211; 1188.lv"},"content":{"rendered":"<ol>\n<li><a href=\"https:\/\/news.google.com\/rss\/articles\/CBMic0FVX3lxTFBWYXJmNGItdUpXZExHV3gzcGdqT2lrS01XNkg3SmdtLUJqZ0dRN2g5Qlh2dUZEbU0tc3EwM1kxN1FUdGVCTEROckpVU3dlb0p0c3dIQXNIWEx0UGN3SDh0UG5zRjBqanVvLVZPeUNMbVBWVWM?oc=5\" target=\"_blank\" rel=\"nofollow noopener\">Ceturtdienas horoskops: 27. augusts<\/a>&nbsp;&nbsp;1188.lv<\/li>\n<li><a href=\"https:\/\/news.google.com\/rss\/articles\/CBMickFVX3lxTE9VdzZpZDVFRXlSc20wa1pCb2xoMXdVUGxCdXduakU4RXFZNENRVkpVT3lYQWVvVHRteVNTbk1UVnZEYkxIN24tR0RzQkNFdldhSTBEOUlOdGZtV0lmYWVRVWxLUkRLUDhGOUh4QnExOUNkQQ?oc=5\" target=\"_blank\" rel=\"nofollow noopener\">Horoskops ceturtdienai, 27. augustam<\/a>&nbsp;&nbsp;Apollo.lv<\/li>\n<li><a href=\"https:\/\/news.google.com\/rss\/articles\/CBMiwwFBVV95cUxPT1BKQUV2eTlzQjlJRzRKZ3VpVy0xbnJRa2ZqNUUwS0l0SGZGbnYtNG81UlBwdWUzcy1KeGZIamMyeHJsTEJON1RRSVVrMGFHUnFEMkdWSHNNTU5FUldmTVJZd0RzNlFaWEVPUUhGQlhxek9xS25JWU5hQ25pd3p6bzNSdUlLV0ZBTk9TZk5DdjRSUWc2YzJ1UGJ6VnhBV1hURGV3MkYtUlh2VXNIZHVXc2dMeWJtWHpxakFXTlVObklLVjg?oc=5\" target=\"_blank\" rel=\"nofollow noopener\">Horoskopi 27. augustam. Neierobe\u017eo savu izt\u0113li, \u0161\u012b diena var atnest k\u0101du patie\u0161\u0101m interesantu un v\u0113rt\u012bgu ideju<\/a>&nbsp;&nbsp;LA.LV<\/li>\n<li><a href=\"https:\/\/news.google.com\/rss\/articles\/CBMitAFBVV95cUxOczBhUlBpaFpQZHRkQ2F1WjVVTDhqQ2pFbmo3Tjc3M0xaZ1A2ckRMTGZQOHFYalhEaU4yS25ObktXZEtxTmpaUUFYNHF4VU84Ync1VWNxLVJyaWZEOUtLRF9WVjQwcUhXRkc0bWtlNGVJNlFVTlF5RG1DWTBULWJwTnl1c0xXMEVVTEpnbHNEYVhkLVpTSWRfaHNsWmdnbEVUdV9reUx5ZXh0OTBweDRLWHhzckc?oc=5\" target=\"_blank\" rel=\"nofollow noopener\">Volodina par 2026. gada 27. augustu: \u0161is datums nes\u012bs \u012bpa\u0161u veiksmi tie\u0161i \u010detr\u0101m z\u012bm\u0113m<\/a>&nbsp;&nbsp;Dzentlmenis.lv<\/li>\n<li><a href=\"https:\/\/news.google.com\/rss\/articles\/CBMitwFBVV95cUxPU1VOVjI3TGZRYzNKREpKMGVqTHNwYXVLcExtUlI1WWZnLVIyQ1JSQk1HbnZ6V0ZCc3dJbE5Vdnp0YmM1WUhES3AwN0Z6ZWs0ejBxb2R1bFdsWGdEcUNWOFk4bWYxckxpcWpZY0t1V1RMbERXQ05OTHg5a0RfYVpaellzV05UNWppVHNOZWp2SlNhVkhJVmJLazBxeGM5Z3llTUM4TUt0LU5tQTBrVmpOdm5LdzZQeFU?oc=5\" target=\"_blank\" rel=\"nofollow noopener\">4 \u0137\u012bnie\u0161u Zodiaka z\u012bmes, kas 27. august\u0101 beidzot atst\u0101s probl\u0113mas pag\u0101tn\u0113<\/a>&nbsp;&nbsp;Kaipkada.lt<\/li>\n<\/ol>\n","protected":false},"excerpt":{"rendered":"Ceturtdienas horoskops: 27. augusts&nbsp;&nbsp;1188.lv Horoskops ceturtdienai, 27. augustam&nbsp;&nbsp;Apollo.lv Horoskopi 27. augustam. Neierobe\u017eo savu izt\u0113li, \u0161\u012b diena var atnest&hellip;\n","protected":false},"author":2,"featured_media":278621,"comment_status":"","ping_status":"","sticky":false,"template":"","format":"standard","meta":{"footnotes":"","_share_on_mastodon":"0"},"categories":[5],"tags":[129,6378,1746,23,28,29,32,33,22,30,31,35,39,38,36,37,34,40,20,26,27,6379,1747,6380,1748,24,25,21],"class_list":["post-278620","post","type-post","status-publish","format-standard","has-post-thumbnail","category-aktualitates","tag-__typenameadvicekeyword","tag-id1751","tag-id98","tag-aktualitates","tag-breaking-news","tag-breakingnews","tag-featured-news","tag-featurednews","tag-headlines","tag-latest-news","tag-latestnews","tag-latvia","tag-latvian","tag-latviesu","tag-latviesu-valoda","tag-latviesuvaloda","tag-latvija","tag-lv","tag-news","tag-popularakas-zinas","tag-popularakaszinas","tag-slugastrologija","tag-slughoroskops","tag-titleastrologija","tag-titlehoroskops","tag-top-stories","tag-topstories","tag-zinas"],"share_on_mastodon":{"url":"https:\/\/pubeurope.com\/@lv\/117166182594096040","error":""},"_links":{"self":[{"href":"https:\/\/www.europesays.com\/lv\/wp-json\/wp\/v2\/posts\/278620","targetHints":{"allow":["GET"]}}],"collection":[{"href":"https:\/\/www.europesays.com\/lv\/wp-json\/wp\/v2\/posts"}],"about":[{"href":"https:\/\/www.europesays.com\/lv\/wp-json\/wp\/v2\/types\/post"}],"author":[{"embeddable":true,"href":"https:\/\/www.europesays.com\/lv\/wp-json\/wp\/v2\/users\/2"}],"replies":[{"embeddable":true,"href":"https:\/\/www.europesays.com\/lv\/wp-json\/wp\/v2\/comments?post=278620"}],"version-history":[{"count":0,"href":"https:\/\/www.europesays.com\/lv\/wp-json\/wp\/v2\/posts\/278620\/revisions"}],"wp:featuredmedia":[{"embeddable":true,"href":"https:\/\/www.europesays.com\/lv\/wp-json\/wp\/v2\/media\/278621"}],"wp:attachment":[{"href":"https:\/\/www.europesays.com\/lv\/wp-json\/wp\/v2\/media?parent=278620"}],"wp:term":[{"taxonomy":"category","embeddable":true,"href":"https:\/\/www.europesays.com\/lv\/wp-json\/wp\/v2\/categories?post=278620"},{"taxonomy":"post_tag","embeddable":true,"href":"https:\/\/www.europesays.com\/lv\/wp-json\/wp\/v2\/tags?post=278620"}],"curies":[{"name":"wp","href":"https:\/\/api.w.org\/{rel}","templated":true}]}}