{"id":27868,"date":"2025-10-22T07:10:05","date_gmt":"2025-10-22T07:10:05","guid":{"rendered":"https:\/\/www.europesays.com\/lv\/27868\/"},"modified":"2025-10-22T07:10:05","modified_gmt":"2025-10-22T07:10:05","slug":"investejot-pusmiljonu-eiro-rekonstruets-k-senukai-veikals-cesis-dienas-bizness","status":"publish","type":"post","link":"https:\/\/www.europesays.com\/lv\/27868\/","title":{"rendered":"Invest\u0113jot pusmiljonu eiro, rekonstru\u0113ts K Senukai veikals C\u0113s\u012bs :: Dienas Bizness"},"content":{"rendered":"<p class=\"text-font font-size--text-xlarge margin-3--bottom font-weight--bold padding-1--top\">B\u016bvniec\u012bbas, remonta un m\u0101jsaimniec\u012bbas pre\u010du t\u012bkls \u201cKesko Senukai\u201d turpina izaugsmi. P\u0113c rekonstrukcijas durvis v\u0113ris \u201cK Senukai\u201d veikals C\u0113s\u012bs, kura apr\u012bkojum\u0101 un darba vides uzlabo\u0161an\u0101 invest\u0113ti vair\u0101k nek\u0101 500 000 eiro.<\/p>\n<p class=\"text-font font-size--text-xlarge margin-3--bottom\">Veikal\u0101 C\u0113s\u012bs p\u0113c rekonstrukcijas papla\u0161in\u0101ts sadz\u012bves tehnikas, m\u0101jsaimniec\u012bbas pre\u010du, tekstila un citu kategoriju sortiments, tostarp visu ar apdari un b\u016bvniec\u012bbu saist\u012bto pre\u010du kl\u0101sts. Papildus tam klientiem ir iesp\u0113ja veikal\u0101 uz vietas v\u0113l \u0113rt\u0101k sa\u0146emt preces, kas ieg\u0101d\u0101tas \u201cK Senukai\u201d interneta veikal\u0101.<\/p>\n<p class=\"text-font font-size--text-xlarge margin-3--bottom\">Rekonstrukcijas gait\u0101 uzlabotas telpas un infrastrukt\u016bra veikala darbiniekiem, radot \u0113rt\u0101kus un dro\u0161\u0101kus ikdienas darba apst\u0101k\u013cus. B\u016btiska invest\u012bciju da\u013ca ieguld\u012bta resursu taup\u012b\u0161an\u0101 un ietekmes uz vidi mazin\u0101\u0161an\u0101, nomainot veikala apgaismojumu uz energoefekt\u012bv\u0101ku risin\u0101jumu: veikala telp\u0101s uzst\u0101d\u012bts energoefekt\u012bvs LED apgaismojums, kas samazin\u0101s elektroener\u0123ijas pat\u0113ri\u0146u.<\/p>\n<p class=\"text-font font-size--text-xlarge margin-3--bottom\">\u201cEsam gandar\u012bti pazi\u0146ot par rekonstrukcijas pabeig\u0161anu C\u0113su veikal\u0101. Ikdien\u0101 apkalpojam da\u017e\u0101da profila klientus \u2013 b\u016bvdarbu un apdares darbu meistarus, uz\u0146\u0113mumus, mazumtirdzniec\u012bbas klientus \u2013, t\u0101p\u0113c mums ir svar\u012bgi past\u0101v\u012bgi uzlabot iepirk\u0161an\u0101s pieredzi un papla\u0161in\u0101t sortimentu. V\u0113rt\u012bgs ieguvums m\u016bsu klientiem b\u016bs iesp\u0113ja \u0113rt\u0101k sa\u0146emt interneta veikal\u0101 pas\u016bt\u012btos pirkumus, kas nodro\u0161in\u0101s v\u0113l lab\u0101ku pre\u010du pieejam\u012bbu un iepirk\u0161an\u0101s pieredzi. Rekonstrukcijas gait\u0101 esam \u012bpa\u0161i par\u016bp\u0113ju\u0161ies ar\u012b par darba vides uzlabo\u0161anu m\u016bsu darbiniekiem. Kopum\u0101 \u0161is projekts ir b\u016btisks solis, lai n\u0101kotn\u0113 v\u0113l vair\u0101k stiprin\u0101tu m\u016bsu l\u012bderpoz\u012bcijas re\u0123iona b\u016bvniec\u012bbas, remonta un m\u0101jsaimniec\u012bbas pre\u010du tirg\u016b,\u201d saka \u201cK Senukai\u201d izpilddirektore Viktorija Voi\u010denko.<\/p>\n<p class=\"text-font font-size--text-xlarge margin-3--bottom\">Vi\u0146a uzsver, ka \u0161is projekts ir noz\u012bm\u012bgs solis uz\u0146\u0113muma turpm\u0101kai l\u012bderpoz\u012bcijas nostiprin\u0101\u0161anai re\u0123iona b\u016bvniec\u012bbas, renov\u0101cijas un m\u0101jsaimniec\u012bbas pre\u010du tirg\u016b.<\/p>\n<p class=\"text-font font-size--text-xlarge margin-3--bottom\">K\u0101 jau iepriek\u0161 zi\u0146ots, \u201cKesko Senukai\u201d mazumtirdzniec\u012bbas t\u012bkls uzs\u0101k intens\u012bvu papla\u0161in\u0101\u0161anos Latvij\u0101, Lietuv\u0101 un Igaunij\u0101. Uz\u0146\u0113mums pl\u0101no atv\u0113rt vair\u0101k nek\u0101 30 jaunu veikalu vis\u0101 re\u0123ion\u0101. Pa\u0161laik akt\u012bvi tiek mekl\u0113ti gan zemes gabali, gan telpas jaun\u0101m mazumtirdzniec\u012bbas viet\u0101m.<\/p>\n<p class=\"text-font font-size--text-xlarge margin-3--bottom\">Papildus tam \u201cKesko Senukai\u201d tuv\u0101kaj\u0101 n\u0101kotn\u0113 pl\u0101no ar\u012b jaunas invest\u012bcijas un partner\u012bbas virzienus. Uz\u0146\u0113mums invest\u0113s nekustam\u0101 \u012bpa\u0161uma projektos, papla\u0161in\u0101s fran\u0161\u012bzes t\u012bklu un ieg\u0101d\u0101sies jaunus mazumtirdzniec\u012bbas uz\u0146\u0113mumus Baltijas re\u0123ion\u0101.<\/p>\n<p class=\"text-font font-size--text-xlarge margin-3--bottom\">Pa\u0161laik \u201cKesko Senukai t\u012bklu\u201d veido 94 veikali, kas darbojas gan uz \u012bpa\u0161umties\u012bbu, gan uz fran\u0161\u012bzes pamata Latvij\u0101, Lietuv\u0101 un Igaunij\u0101. Uz\u0146\u0113mumam pieder ar\u012b e-komercijas uz\u0146\u0113mums \u201cKesko Senukai Digital\u201d, kas p\u0101rvalda se\u0161us e-veikalus: K-Senukai.lv, 1A.lv, Senukai.lt, 1A.lt, K-Rauta.ee un 1A.ee.<\/p>\n","protected":false},"excerpt":{"rendered":"B\u016bvniec\u012bbas, remonta un m\u0101jsaimniec\u012bbas pre\u010du t\u012bkls \u201cKesko Senukai\u201d turpina izaugsmi. P\u0113c rekonstrukcijas durvis v\u0113ris \u201cK Senukai\u201d veikals C\u0113s\u012bs,&hellip;\n","protected":false},"author":2,"featured_media":27869,"comment_status":"","ping_status":"","sticky":false,"template":"","format":"standard","meta":{"footnotes":""},"categories":[16],"tags":[869,77,870,76,867,35,39,38,36,37,34,871,868,40,21],"class_list":{"0":"post-27868","1":"post","2":"type-post","3":"status-publish","4":"format-standard","5":"has-post-thumbnail","7":"category-bizness","8":"tag-biznesa-zinas","9":"tag-bizness","10":"tag-bizness-latvija","11":"tag-business","12":"tag-dienas-zinas","13":"tag-latvia","14":"tag-latvian","15":"tag-latviesu","16":"tag-latviesu-valoda","17":"tag-latviesuvaloda","18":"tag-latvija","19":"tag-latvijas-biznesa-zinas","20":"tag-latvijas-zinas","21":"tag-lv","22":"tag-zinas"},"share_on_mastodon":{"url":"","error":""},"_links":{"self":[{"href":"https:\/\/www.europesays.com\/lv\/wp-json\/wp\/v2\/posts\/27868","targetHints":{"allow":["GET"]}}],"collection":[{"href":"https:\/\/www.europesays.com\/lv\/wp-json\/wp\/v2\/posts"}],"about":[{"href":"https:\/\/www.europesays.com\/lv\/wp-json\/wp\/v2\/types\/post"}],"author":[{"embeddable":true,"href":"https:\/\/www.europesays.com\/lv\/wp-json\/wp\/v2\/users\/2"}],"replies":[{"embeddable":true,"href":"https:\/\/www.europesays.com\/lv\/wp-json\/wp\/v2\/comments?post=27868"}],"version-history":[{"count":0,"href":"https:\/\/www.europesays.com\/lv\/wp-json\/wp\/v2\/posts\/27868\/revisions"}],"wp:featuredmedia":[{"embeddable":true,"href":"https:\/\/www.europesays.com\/lv\/wp-json\/wp\/v2\/media\/27869"}],"wp:attachment":[{"href":"https:\/\/www.europesays.com\/lv\/wp-json\/wp\/v2\/media?parent=27868"}],"wp:term":[{"taxonomy":"category","embeddable":true,"href":"https:\/\/www.europesays.com\/lv\/wp-json\/wp\/v2\/categories?post=27868"},{"taxonomy":"post_tag","embeddable":true,"href":"https:\/\/www.europesays.com\/lv\/wp-json\/wp\/v2\/tags?post=27868"}],"curies":[{"name":"wp","href":"https:\/\/api.w.org\/{rel}","templated":true}]}}