{"id":27878,"date":"2025-10-22T07:16:08","date_gmt":"2025-10-22T07:16:08","guid":{"rendered":"https:\/\/www.europesays.com\/lv\/27878\/"},"modified":"2025-10-22T07:16:08","modified_gmt":"2025-10-22T07:16:08","slug":"alfa-romeo-pagarina-giulia-un-stelvio-muzu-jaunas-paaudzes-modeli-krietni-kavesies","status":"publish","type":"post","link":"https:\/\/www.europesays.com\/lv\/27878\/","title":{"rendered":"\u201cAlfa Romeo\u201d pagarina \u201cGiulia\u201d un \u201cStelvio\u201d m\u016b\u017eu, jaun\u0101s paaudzes mode\u013ci krietni kav\u0113sies"},"content":{"rendered":"<p>It\u0101\u013cu autora\u017eot\u0101js Alfa Romeo pazi\u0146ojis, ka \u0161obr\u012bd aktu\u0101lie Giulia un Stelvio mode\u013ci paliks aprit\u0113 v\u0113l vismaz l\u012bdz 2027. gadam, komp\u0101nijai mainot s\u0101kotn\u0113ji iecer\u0113tos pl\u0101nus \u0161os abus auto aizvietot ar elektriskaj\u0101m versij\u0101m.\n<\/p>\n<p>Ja s\u0101kotn\u0113jais pl\u0101ns paredz\u0113ja Giulia un Stelvio turpm\u0101k pied\u0101v\u0101t elektrisk\u0101 izpild\u012bjum\u0101, tad tagad Alfa Romeo steidz p\u0101rstr\u0101d\u0101t jaun\u0101s paaudzes mode\u013cus, lai tajos var\u0113tu izmantot hibr\u012bdsist\u0113mas.\n<\/p>\n<p>\u0160obr\u012bd aktu\u0101lie mode\u013ci ir aprit\u0113 jau kop\u0161 2015. gada, bet kop\u0161 t\u0101 laika izmai\u0146as biju\u0161as relat\u012bvi nelielas, t\u0101p\u0113c nozares eksperti pau\u017e ba\u017eas par abu ma\u0161\u012bnu perspekt\u012bv\u0101m tirg\u016b, turkl\u0101t Alfa Romeo ir j\u0101pan\u0101k, lai \u0161ie mode\u013ci atbilstu izme\u0161u un dro\u0161\u012bbas pras\u012bb\u0101m.\n<\/p>\n<p>Jaunais Stelvio tiek b\u016bv\u0113ts, izmantojot Stellantis koncerna STLA Large platformu, kas l\u012bdz \u0161im pielietota tikai Dodge Charger. Pla\u0161\u0101kas inform\u0101cijas par topo\u0161o modeli gan nav, bet skaidrs, ka tiks izmantoti iek\u0161dedzes motori, ra\u017eot\u0101ja p\u0101rst\u0101vjiem pau\u017eot, ka l\u0113mums p\u0101riet tikai uz elektrisko piedzi\u0146u neatmaks\u0101tos.<\/p>\n","protected":false},"excerpt":{"rendered":"It\u0101\u013cu autora\u017eot\u0101js Alfa Romeo pazi\u0146ojis, ka \u0161obr\u012bd aktu\u0101lie Giulia un Stelvio mode\u013ci paliks aprit\u0113 v\u0113l vismaz l\u012bdz 2027.&hellip;\n","protected":false},"author":2,"featured_media":27879,"comment_status":"","ping_status":"","sticky":false,"template":"","format":"standard","meta":{"footnotes":""},"categories":[16],"tags":[77,76,35,39,38,36,37,34,40],"class_list":{"0":"post-27878","1":"post","2":"type-post","3":"status-publish","4":"format-standard","5":"has-post-thumbnail","7":"category-bizness","8":"tag-bizness","9":"tag-business","10":"tag-latvia","11":"tag-latvian","12":"tag-latviesu","13":"tag-latviesu-valoda","14":"tag-latviesuvaloda","15":"tag-latvija","16":"tag-lv"},"share_on_mastodon":{"url":"","error":""},"_links":{"self":[{"href":"https:\/\/www.europesays.com\/lv\/wp-json\/wp\/v2\/posts\/27878","targetHints":{"allow":["GET"]}}],"collection":[{"href":"https:\/\/www.europesays.com\/lv\/wp-json\/wp\/v2\/posts"}],"about":[{"href":"https:\/\/www.europesays.com\/lv\/wp-json\/wp\/v2\/types\/post"}],"author":[{"embeddable":true,"href":"https:\/\/www.europesays.com\/lv\/wp-json\/wp\/v2\/users\/2"}],"replies":[{"embeddable":true,"href":"https:\/\/www.europesays.com\/lv\/wp-json\/wp\/v2\/comments?post=27878"}],"version-history":[{"count":0,"href":"https:\/\/www.europesays.com\/lv\/wp-json\/wp\/v2\/posts\/27878\/revisions"}],"wp:featuredmedia":[{"embeddable":true,"href":"https:\/\/www.europesays.com\/lv\/wp-json\/wp\/v2\/media\/27879"}],"wp:attachment":[{"href":"https:\/\/www.europesays.com\/lv\/wp-json\/wp\/v2\/media?parent=27878"}],"wp:term":[{"taxonomy":"category","embeddable":true,"href":"https:\/\/www.europesays.com\/lv\/wp-json\/wp\/v2\/categories?post=27878"},{"taxonomy":"post_tag","embeddable":true,"href":"https:\/\/www.europesays.com\/lv\/wp-json\/wp\/v2\/tags?post=27878"}],"curies":[{"name":"wp","href":"https:\/\/api.w.org\/{rel}","templated":true}]}}