{"id":27884,"date":"2025-10-22T07:19:08","date_gmt":"2025-10-22T07:19:08","guid":{"rendered":"https:\/\/www.europesays.com\/lv\/27884\/"},"modified":"2025-10-22T07:19:08","modified_gmt":"2025-10-22T07:19:08","slug":"ukraina-trieciena-krievijai-trapa-kimiskajai-rupnicai-brjanska-apollo-lv","status":"publish","type":"post","link":"https:\/\/www.europesays.com\/lv\/27884\/","title":{"rendered":"Ukraina triecien\u0101 Krievijai tr\u0101pa \u0137\u012bmiskajai r\u016bpn\u012bcai Brjansk\u0101 &#8211; Apollo.lv"},"content":{"rendered":"<ol>\n<li><a href=\"https:\/\/news.google.com\/rss\/articles\/CBMilwFBVV95cUxObnlsd1RPTHhKbFhxbjBSQUJxOUxjOHNmUmw3LUJ0Q1NPNVYzOFg5M3N6ay1kb1ZUOFhVeVVLQUwwWTZNYm5xTWRHcS1UX3pTdFpHZmV2TGpicFRYTjlZYXpPYjZqSGs3ckZTUTdyYU15Uk5rSE5sV3RUeVVsZVg3TFN6X0JDX1h1MFdNSE83R3dkb1Eyb040?oc=5\" target=\"_blank\" rel=\"nofollow noopener\">Ukraina triecien\u0101 Krievijai tr\u0101pa \u0137\u012bmiskajai r\u016bpn\u012bcai Brjansk\u0101<\/a>&nbsp;&nbsp;Apollo.lv<\/li>\n<li><a href=\"https:\/\/news.google.com\/rss\/articles\/CBMizgFBVV95cUxONGx0OVFqVGNNUXY3Y0pMY2dsWlN1eGFsVVh1RFFfdVBORXVRaWVGLVpKaFlqUktsdWtzSGZGLU9pdThRQUtrUGVkdXA1ZGI5OHJWQ0ZEa2tCYlczQXFXSk50Q3FGd21PdlA0VEgxdy00SXRXYUxRclFFNUxLeE9ZWDRnS0Q1NEdhNzJfV3hQWFpiUHhXN3NSRWExR1N0SEFTenE5ZHRhUG9HbGkzUXQ5QVh3MVgyaUtWc19LOGM5cVI3TDJMZlpTdV94OTNkdw?oc=5\" target=\"_blank\" rel=\"nofollow noopener\">Ukraina ar &#8220;Storm Shadow&#8221; ra\u0137et\u0113m veic veiksm\u012bgu triecienu pa Krievijas \u0137\u012bmisko r\u016bpn\u012bcu Brjanskas apgabal\u0101<\/a>&nbsp;&nbsp;TVNET<\/li>\n<li><a href=\"https:\/\/news.google.com\/rss\/articles\/CBMijgJBVV95cUxPUHRoMzN0X1ZNcjR4TFJoeHRyRlF5ZUplUHY5OVlhZjdIckY4TmdxZi0wM2F6U2RNRUNmel9DMm1kckl2RndRSVg2d3FVdlFmaUtGLVYxVVBZREVtRXVudXdZb0Nwa000dzZhbVJhQlpvTllpQUNyLWdHOTVGVjlGYkg1eUF3OEU3amRTV2FCcVZwcWlINDVSZUo1RmRURHZUanhMV3NTVjJaMmlwWW1idGZHTmRwV1RqeHlRREFtNmdrTTk0Q015VEdtalhhMnFMeWhWM2tBTHFBUmJlNFA3bVI0RlFENDlwTDlnczVFYlZnNTZDRzQ5eFg3cnZXT0hPNWVnY1YyMWlDeTlhd1E?oc=5\" target=\"_blank\" rel=\"nofollow noopener\">TEKSTA TIE\u0160RAIDE. Krievijas kar\u0161 Ukrain\u0101: atkal dronu uzbrukum\u0101 cietusi Orenburgas g\u0101zes p\u0101rstr\u0101des r\u016bpn\u012bca, kas esot viena no liel\u0101kaj\u0101m pasaul\u0113<\/a>&nbsp;&nbsp;Jauns.lv<\/li>\n<li><a href=\"https:\/\/news.google.com\/rss\/articles\/CBMi9gFBVV95cUxNUHEtZ0lHZE93cVJWLVoxVkpHcy1aRHRiZ2JaTVdYRFFPbG1ELW15cHRjY2hGcVduU0UtWnRkTXJUbU11X205aGw4aG5idE5CZ2pBd2NhRzRXcElGRWd5OGhxQ1J5MnhZSEgzZ3dSeVdneWQ4NU1LdWZkenJzMkJsRVNrczVMMzlvYnkzMXptTHRYbGVvRzlKS3dHRnVrcll1dmZEazAzUVAybTZJUnJ6ZEpUMzZYNDBvcFFXQlRNS3NZbnFEbk50LTR1X1NuWE1Gci1IcDBQbVE4eFd5bFJtS3d5MEFJZ0oxb1VHUmVuQ0JVLXZJaXc?oc=5\" target=\"_blank\" rel=\"nofollow noopener\">Zelenskis Krievijas uzbrukumu pastiprin\u0101\u0161anos saista ar\u012b ar starptautisk\u0101 spiediena tr\u016bkumu uz Krieviju<\/a>&nbsp;&nbsp;LSM<\/li>\n<li><a href=\"https:\/\/news.google.com\/rss\/articles\/CBMijwFBVV95cUxORlN0eVVQUUJzcG9oaDI2aVo1N3NPS2ZOUXd0TWZPNkRRVTJ5aFBDSXpPZ2dqcllGRGlUOWJyMXFydHdEVDh2a2Q3TndCb1lpZHB4SkRhQWFlRmtKSjlmS2lyMzFSV0tlRUdrUE5EanlCYktVNEYxM0tVY0tLR1ZFZmNCdXEzVGFHRTdSVmwtUQ?oc=5\" target=\"_blank\" rel=\"nofollow noopener\">Krievi uzbruku\u0161i Ukrainai ar se\u0161\u0101m ra\u0137et\u0113m un 98 droniem<\/a>&nbsp;&nbsp;Apollo.lv<\/li>\n<\/ol>\n","protected":false},"excerpt":{"rendered":"Ukraina triecien\u0101 Krievijai tr\u0101pa \u0137\u012bmiskajai r\u016bpn\u012bcai Brjansk\u0101&nbsp;&nbsp;Apollo.lv Ukraina ar &#8220;Storm Shadow&#8221; ra\u0137et\u0113m veic veiksm\u012bgu triecienu pa Krievijas \u0137\u012bmisko&hellip;\n","protected":false},"author":2,"featured_media":27885,"comment_status":"","ping_status":"","sticky":false,"template":"","format":"standard","meta":{"footnotes":""},"categories":[5],"tags":[23,28,29,8580,32,33,22,5514,234,30,31,35,39,38,36,37,34,40,20,26,27,6283,24,25,276,21],"class_list":{"0":"post-27884","1":"post","2":"type-post","3":"status-publish","4":"format-standard","5":"has-post-thumbnail","7":"category-aktualitates","8":"tag-aktualitates","9":"tag-breaking-news","10":"tag-breakingnews","11":"tag-brjanska","12":"tag-featured-news","13":"tag-featurednews","14":"tag-headlines","15":"tag-kimija","16":"tag-krievija","17":"tag-latest-news","18":"tag-latestnews","19":"tag-latvia","20":"tag-latvian","21":"tag-latviesu","22":"tag-latviesu-valoda","23":"tag-latviesuvaloda","24":"tag-latvija","25":"tag-lv","26":"tag-news","27":"tag-popularakas-zinas","28":"tag-popularakaszinas","29":"tag-rupnica","30":"tag-top-stories","31":"tag-topstories","32":"tag-ukraina","33":"tag-zinas"},"share_on_mastodon":{"url":"","error":""},"_links":{"self":[{"href":"https:\/\/www.europesays.com\/lv\/wp-json\/wp\/v2\/posts\/27884","targetHints":{"allow":["GET"]}}],"collection":[{"href":"https:\/\/www.europesays.com\/lv\/wp-json\/wp\/v2\/posts"}],"about":[{"href":"https:\/\/www.europesays.com\/lv\/wp-json\/wp\/v2\/types\/post"}],"author":[{"embeddable":true,"href":"https:\/\/www.europesays.com\/lv\/wp-json\/wp\/v2\/users\/2"}],"replies":[{"embeddable":true,"href":"https:\/\/www.europesays.com\/lv\/wp-json\/wp\/v2\/comments?post=27884"}],"version-history":[{"count":0,"href":"https:\/\/www.europesays.com\/lv\/wp-json\/wp\/v2\/posts\/27884\/revisions"}],"wp:featuredmedia":[{"embeddable":true,"href":"https:\/\/www.europesays.com\/lv\/wp-json\/wp\/v2\/media\/27885"}],"wp:attachment":[{"href":"https:\/\/www.europesays.com\/lv\/wp-json\/wp\/v2\/media?parent=27884"}],"wp:term":[{"taxonomy":"category","embeddable":true,"href":"https:\/\/www.europesays.com\/lv\/wp-json\/wp\/v2\/categories?post=27884"},{"taxonomy":"post_tag","embeddable":true,"href":"https:\/\/www.europesays.com\/lv\/wp-json\/wp\/v2\/tags?post=27884"}],"curies":[{"name":"wp","href":"https:\/\/api.w.org\/{rel}","templated":true}]}}