{"id":278998,"date":"2026-08-27T16:36:25","date_gmt":"2026-08-27T16:36:25","guid":{"rendered":"https:\/\/www.europesays.com\/lv\/278998\/"},"modified":"2026-08-27T16:36:25","modified_gmt":"2026-08-27T16:36:25","slug":"kem-atsaukusi-projektu-par-arkartejas-situacijas-izsludinasanu-austrumu-pierobeza","status":"publish","type":"post","link":"https:\/\/www.europesays.com\/lv\/278998\/","title":{"rendered":"KEM atsaukusi projektu par \u0101rk\u0101rt\u0113j\u0101s situ\u0101cijas izsludin\u0101\u0161anu austrumu pierobe\u017e\u0101"},"content":{"rendered":"<p>Jau zi\u0146ots, ka KEM bija sagatavojusi un iesniegusi saska\u0146o\u0161anai r\u012bkojuma projektu, kas paredz Latvijas Austrumu pierobe\u017e\u0101 l\u012bdz \u0161\u0101 gada 1. decembrim izsludin\u0101t \u0101rk\u0101rt\u0113jo situ\u0101ciju vesel\u012bbas, energoapg\u0101des un \u016bdenssaimniec\u012bbas nozar\u0113, to pamatojot ar Krievijas karadarb\u012bbas eskal\u0101cijas draudiem un nepiecie\u0161am\u012bbu nov\u0113rst iesp\u0113jamo gaisa telpas apdraud\u0113jumu.<\/p>\n<p>\u0100rk\u0101rt\u0113jo situ\u0101ciju bija pied\u0101v\u0101ts izsludin\u0101t Al\u016bksnes, Aug\u0161daugavas, Balvu, Daugavpils, Kr\u0101slavas, L\u012bv\u0101nu, Ludzas, Prei\u013cu un R\u0113zeknes novad\u0101, k\u0101 ar\u012b Daugavpil\u012b un R\u0113zekn\u0113.<\/p>\n<p>KEM skaidroja, ka Latvijas gaisa telp\u0101 vai pie valsts robe\u017eas arvien bie\u017e\u0101k tiek konstat\u0113ti bezpilota gaisa ku\u0123i un citi neidentific\u0113ti objekti, kas potenci\u0101li var apdraud\u0113t sabiedr\u012bbas dro\u0161\u012bbu, cilv\u0113ku vesel\u012bbu un kritisk\u0101s infrastrukt\u016bras darb\u012bbu.<\/p>\n<p>R\u012bkojuma projekts paredz\u0113ja pagaidu iz\u0146\u0113mumus darba laika un virsstundu regul\u0113jum\u0101, papildu atl\u012bdz\u012bbas un darbinieku aizsardz\u012bbas pas\u0101kumus, lai gaisa telpas apdraud\u0113juma laik\u0101 nodro\u0161in\u0101tu kritiski svar\u012bgo pakalpojumu nep\u0101rtraukt\u012bbu.<\/p>\n<p>Klimata un ener\u0123\u0113tikas ministrs J\u0101nis Vitenbergs (NA) ceturtdien skaidroja, ka sagatavotais r\u012bkojuma projekts par \u0101rk\u0101rt\u0113j\u0101s situ\u0101cijas izsludin\u0101\u0161anu Latvijas pierobe\u017e\u0101 nav sign\u0101ls par gaid\u0101mu iebrukumu, bet prevent\u012bva r\u012bc\u012bba, lai nodro\u0161in\u0101tos gad\u012bjumiem, ja gaisa apdraud\u0113juma laik\u0101 j\u0101nodro\u0161ina kritiski svar\u012bgu pakalpojumu nep\u0101rtraukt\u012bba.<\/p>\n<p>KEM uzsv\u0113ra, ka r\u012bkojuma projekts &#8220;Par \u0101rk\u0101rt\u0113j\u0101s situ\u0101cijas izsludin\u0101\u0161anu Latvijas Austrumu pierobe\u017eas teritorij\u0101&#8221; neparedz izsludin\u0101t \u0101rk\u0101rt\u0113jo situ\u0101ciju, bet gan r\u012bc\u012bbu \u0101rk\u0101rt\u0113j\u0101s situ\u0101cijas izsludin\u0101\u0161anas gad\u012bjum\u0101.<\/p>\n","protected":false},"excerpt":{"rendered":"Jau zi\u0146ots, ka KEM bija sagatavojusi un iesniegusi saska\u0146o\u0161anai r\u012bkojuma projektu, kas paredz Latvijas Austrumu pierobe\u017e\u0101 l\u012bdz \u0161\u0101&hellip;\n","protected":false},"author":2,"featured_media":278999,"comment_status":"","ping_status":"","sticky":false,"template":"","format":"standard","meta":{"footnotes":"","_share_on_mastodon":"0"},"categories":[12],"tags":[23,625,28,29,32,33,22,5477,30,31,35,39,38,36,37,34,1590,34599,40,20,26,27,1588,24,25,21],"class_list":["post-278998","post","type-post","status-publish","format-standard","has-post-thumbnail","category-latvija","tag-aktualitates","tag-austrumu-robeza","tag-breaking-news","tag-breakingnews","tag-featured-news","tag-featurednews","tag-headlines","tag-klimata-un-energetikas-ministrija","tag-latest-news","tag-latestnews","tag-latvia","tag-latvian","tag-latviesu","tag-latviesu-valoda","tag-latviesuvaloda","tag-latvija","tag-latvijas-robeza","tag-latvijas-baltkrievijas-robeza","tag-lv","tag-news","tag-popularakas-zinas","tag-popularakaszinas","tag-robeza","tag-top-stories","tag-topstories","tag-zinas"],"share_on_mastodon":{"url":"https:\/\/pubeurope.com\/@lv\/117168451382988657","error":""},"_links":{"self":[{"href":"https:\/\/www.europesays.com\/lv\/wp-json\/wp\/v2\/posts\/278998","targetHints":{"allow":["GET"]}}],"collection":[{"href":"https:\/\/www.europesays.com\/lv\/wp-json\/wp\/v2\/posts"}],"about":[{"href":"https:\/\/www.europesays.com\/lv\/wp-json\/wp\/v2\/types\/post"}],"author":[{"embeddable":true,"href":"https:\/\/www.europesays.com\/lv\/wp-json\/wp\/v2\/users\/2"}],"replies":[{"embeddable":true,"href":"https:\/\/www.europesays.com\/lv\/wp-json\/wp\/v2\/comments?post=278998"}],"version-history":[{"count":0,"href":"https:\/\/www.europesays.com\/lv\/wp-json\/wp\/v2\/posts\/278998\/revisions"}],"wp:featuredmedia":[{"embeddable":true,"href":"https:\/\/www.europesays.com\/lv\/wp-json\/wp\/v2\/media\/278999"}],"wp:attachment":[{"href":"https:\/\/www.europesays.com\/lv\/wp-json\/wp\/v2\/media?parent=278998"}],"wp:term":[{"taxonomy":"category","embeddable":true,"href":"https:\/\/www.europesays.com\/lv\/wp-json\/wp\/v2\/categories?post=278998"},{"taxonomy":"post_tag","embeddable":true,"href":"https:\/\/www.europesays.com\/lv\/wp-json\/wp\/v2\/tags?post=278998"}],"curies":[{"name":"wp","href":"https:\/\/api.w.org\/{rel}","templated":true}]}}