{"id":279050,"date":"2026-08-27T18:23:13","date_gmt":"2026-08-27T18:23:13","guid":{"rendered":"https:\/\/www.europesays.com\/lv\/279050\/"},"modified":"2026-08-27T18:23:13","modified_gmt":"2026-08-27T18:23:13","slug":"es-amatpersona-nav-pazimju-ka-krievija-gatavotu-uzbrukumu-nato-valstim","status":"publish","type":"post","link":"https:\/\/www.europesays.com\/lv\/279050\/","title":{"rendered":"ES amatpersona: Nav paz\u012bmju, ka Krievija gatavotu uzbrukumu NATO valst\u012bm"},"content":{"rendered":"<p>Amatpersona noraid\u012bja pie\u0146\u0113mumu par t\u016bl\u012bt\u0113ju apdraud\u0113jumu.<\/p>\n<p>&#8220;Eiropas izl\u016bkdienesti kopum\u0101 neredz nek\u0101du risku, ka <a href=\"https:\/\/www.tvnet.lv\/term\/555452\/krievija\" class=\"topicLink\" target=\"_blank\" rel=\"nofollow noopener\">Krievija<\/a> var\u0113tu uzbrukt Eiropas valst\u012bm, un \u0161is nov\u0113rt\u0113jums nav main\u012bjies,&#8221; teica amatpersona. &#8220;Run\u0101jot par jebk\u0101du draudu Eiropas <a href=\"https:\/\/www.tvnet.lv\/term\/9898\/nato\" class=\"topicLink\" target=\"_blank\" rel=\"nofollow noopener\">NATO<\/a> dal\u012bbvalst\u012bm, m\u0113s neredzam nek\u0101du nov\u0113rt\u0113jumu, ka kaut kas t\u0101ds pa\u0161laik tiktu gatavots.&#8221;<\/p>\n<p>Ta\u010du vi\u0146a ar\u012b nor\u0101d\u012bja, ka nav \u0161aubu, ka &#8220;Krievija akt\u012bvi cen\u0161as rad\u012bt gr\u016bt\u012bbas m\u016bsu valst\u012bm&#8221;, jo <a href=\"https:\/\/www.tvnet.lv\/term\/563151\/eiropas-savieniba\" class=\"topicLink\" target=\"_blank\" rel=\"nofollow noopener\">Eiropas Savien\u012bba<\/a> kop\u0161 Krievijas iebrukuma 2022. gad\u0101 nelok\u0101mi atbalsta Ukrainu.<\/p>\n<p>&#8220;\u0160\u012b Krievijas \u012bstenot\u0101 eskal\u0101cija ir ac\u012bmredzama,&#8221; vi\u0146a teica. &#8220;M\u0113s redzam \u0161os hibr\u012bdos un ne tik hibr\u012bdos uzbrukumus, kas turpin\u0101s, un m\u0113s pie\u0146emam, ka tie turpin\u0101sies.&#8221;<\/p>\n<p>K\u0101 v\u0113st\u012bts, <a href=\"https:\/\/www.tvnet.lv\/term\/555410\/asv\" class=\"topicLink\" target=\"_blank\" rel=\"nofollow noopener\">ASV<\/a> Centr\u0101l\u0101s izl\u016bko\u0161anas p\u0101rvaldes (CIP) direktors D\u017eons Retklifs viz\u012btes laik\u0101 Maskav\u0101 br\u012bdin\u0101jis Krievijas amatpersonas no konflikta eskal\u0101cijas ar NATO, \u012bpa\u0161i ar Igauniju, Latviju un Lietuvu, t\u012bmek\u013ca izdevumam &#8220;Politico&#8221; tre\u0161dien apgalvoju\u0161as divas inform\u0113tas personas.<\/p>\n<p>Retklifa &#8220;viz\u012btes galvenais m\u0113r\u0137is bija br\u012bdin\u0101t no eskal\u0113jo\u0161\u0101m darb\u012bb\u0101m pret Baltijas valst\u012bm&#8221;, izteicies viens no avotiem.<\/p>\n","protected":false},"excerpt":{"rendered":"Amatpersona noraid\u012bja pie\u0146\u0113mumu par t\u016bl\u012bt\u0113ju apdraud\u0113jumu. &#8220;Eiropas izl\u016bkdienesti kopum\u0101 neredz nek\u0101du risku, ka Krievija var\u0113tu uzbrukt Eiropas valst\u012bm,&hellip;\n","protected":false},"author":2,"featured_media":279051,"comment_status":"","ping_status":"","sticky":false,"template":"","format":"standard","meta":{"footnotes":"","_share_on_mastodon":"0"},"categories":[14],"tags":[23,57,292,28,29,36822,42054,514,32,33,22,234,30,31,35,39,38,36,37,34,40,71,20,26,27,24,25,54,55,56,21,58],"class_list":["post-279050","post","type-post","status-publish","format-standard","has-post-thumbnail","category-zinas-no-arvalstim","tag-aktualitates","tag-arvalstim","tag-asv","tag-breaking-news","tag-breakingnews","tag-cip","tag-dzons-retklifs","tag-eiropas-savieniba","tag-featured-news","tag-featurednews","tag-headlines","tag-krievija","tag-latest-news","tag-latestnews","tag-latvia","tag-latvian","tag-latviesu","tag-latviesu-valoda","tag-latviesuvaloda","tag-latvija","tag-lv","tag-nato","tag-news","tag-popularakas-zinas","tag-popularakaszinas","tag-top-stories","tag-topstories","tag-world","tag-world-news","tag-worldnews","tag-zinas","tag-zinas-no-arvalstim"],"share_on_mastodon":{"url":"https:\/\/pubeurope.com\/@lv\/117168872031594211","error":""},"_links":{"self":[{"href":"https:\/\/www.europesays.com\/lv\/wp-json\/wp\/v2\/posts\/279050","targetHints":{"allow":["GET"]}}],"collection":[{"href":"https:\/\/www.europesays.com\/lv\/wp-json\/wp\/v2\/posts"}],"about":[{"href":"https:\/\/www.europesays.com\/lv\/wp-json\/wp\/v2\/types\/post"}],"author":[{"embeddable":true,"href":"https:\/\/www.europesays.com\/lv\/wp-json\/wp\/v2\/users\/2"}],"replies":[{"embeddable":true,"href":"https:\/\/www.europesays.com\/lv\/wp-json\/wp\/v2\/comments?post=279050"}],"version-history":[{"count":0,"href":"https:\/\/www.europesays.com\/lv\/wp-json\/wp\/v2\/posts\/279050\/revisions"}],"wp:featuredmedia":[{"embeddable":true,"href":"https:\/\/www.europesays.com\/lv\/wp-json\/wp\/v2\/media\/279051"}],"wp:attachment":[{"href":"https:\/\/www.europesays.com\/lv\/wp-json\/wp\/v2\/media?parent=279050"}],"wp:term":[{"taxonomy":"category","embeddable":true,"href":"https:\/\/www.europesays.com\/lv\/wp-json\/wp\/v2\/categories?post=279050"},{"taxonomy":"post_tag","embeddable":true,"href":"https:\/\/www.europesays.com\/lv\/wp-json\/wp\/v2\/tags?post=279050"}],"curies":[{"name":"wp","href":"https:\/\/api.w.org\/{rel}","templated":true}]}}