{"id":279154,"date":"2026-08-27T20:46:09","date_gmt":"2026-08-27T20:46:09","guid":{"rendered":"https:\/\/www.europesays.com\/lv\/279154\/"},"modified":"2026-08-27T20:46:09","modified_gmt":"2026-08-27T20:46:09","slug":"es-dalibvalstis-prasa-jaunu-planu-krievijas-iesaldeto-aktivu-nodosanai-ukrainai","status":"publish","type":"post","link":"https:\/\/www.europesays.com\/lv\/279154\/","title":{"rendered":"ES dal\u012bbvalstis prasa jaunu pl\u0101nu Krievijas iesald\u0113to akt\u012bvu nodo\u0161anai Ukrainai"},"content":{"rendered":"<p>P\u0113rn decembr\u012b ES valstis vienoj\u0101s turpin\u0101t darbu pie \u0161\u012b jaut\u0101juma. Tom\u0113r kop\u0161 t\u0101 laika nav bijis nek\u0101du jaunumu, t\u0101p\u0113c vair\u0101kas valstis tagad pieprasa progresa zi\u0146ojumu, teica avoti.<\/p>\n<p>&#8220;L\u012bdz \u0161im neviens nav iesniedzis jaunu priek\u0161likumu, kas neb\u016btu sask\u0101ries ar tiem pa\u0161iem politiskajiem \u0161\u0137\u0113r\u0161\u013ciem, kas past\u0101v\u0113ja decembr\u012b,&#8221; sac\u012bja viena ES amatpersona. &#8220;Mums nav burvju balt\u0101 tru\u0161a, ko izvilkt no cepures. Bet m\u0113s varam pilnveidot un piel\u0101got tos pa\u0161us juridiskos priek\u0161likumus, un, ja main\u012bsies politisk\u0101 situ\u0101cija, iesp\u0113jams, tie tiks apstiprin\u0101ti,&#8221; piebilda avots.<\/p>\n<p>Depozit\u0101rij\u0101 &#8220;Euroclear&#8221; atrodas liel\u0101k\u0101 da\u013ca jeb 190 miljardi eiro no kopum\u0101 260 miljardu eiro Krievijas suver\u0113no akt\u012bvu, kas iesald\u0113ti kop\u0161 Maskavas kara s\u0101kuma pret Ukrainu. Decembr\u012b ES apstiprin\u0101ja \u0161o akt\u012bvu iesald\u0113\u0161anu uz nenoteiktu laiku l\u012bdz kara beig\u0101m, un \u0161\u012b iesald\u0113\u0161ana iepriek\u0161 tika regul\u0101ri pagarin\u0101ta.<\/p>\n<p>Pe\u013c\u0146a, ko &#8220;Euroclear&#8221; sa\u0146ems no iesald\u0113to akt\u012bvu p\u0101rvald\u012bbas, kop\u0161 2024. gada tiek izmantota pal\u012bdz\u012bbas finans\u0113\u0161anai Ukrainai.<\/p>\n","protected":false},"excerpt":{"rendered":"P\u0113rn decembr\u012b ES valstis vienoj\u0101s turpin\u0101t darbu pie \u0161\u012b jaut\u0101juma. Tom\u0113r kop\u0161 t\u0101 laika nav bijis nek\u0101du jaunumu,&hellip;\n","protected":false},"author":2,"featured_media":279155,"comment_status":"","ping_status":"","sticky":false,"template":"","format":"standard","meta":{"footnotes":"","_share_on_mastodon":"0"},"categories":[14],"tags":[23,57,2532,28,29,512,514,686,32,33,22,3131,3354,234,74,30,31,35,39,38,36,37,34,40,20,370,72,26,27,1670,24,25,276,54,55,56,21,58,185],"class_list":["post-279154","post","type-post","status-publish","format-standard","has-post-thumbnail","category-zinas-no-arvalstim","tag-aktualitates","tag-arvalstim","tag-belgija","tag-breaking-news","tag-breakingnews","tag-eiropas-komisija","tag-eiropas-savieniba","tag-es-sankcijas","tag-featured-news","tag-featurednews","tag-headlines","tag-kars","tag-kars-ukraina","tag-krievija","tag-krievijas-iebrukums-ukraina","tag-latest-news","tag-latestnews","tag-latvia","tag-latvian","tag-latviesu","tag-latviesu-valoda","tag-latviesuvaloda","tag-latvija","tag-lv","tag-news","tag-niderlande","tag-polija","tag-popularakas-zinas","tag-popularakaszinas","tag-spanija","tag-top-stories","tag-topstories","tag-ukraina","tag-world","tag-world-news","tag-worldnews","tag-zinas","tag-zinas-no-arvalstim","tag-zviedrija"],"share_on_mastodon":{"url":"","error":"Validation failed: Text character limit of 500 exceeded"},"_links":{"self":[{"href":"https:\/\/www.europesays.com\/lv\/wp-json\/wp\/v2\/posts\/279154","targetHints":{"allow":["GET"]}}],"collection":[{"href":"https:\/\/www.europesays.com\/lv\/wp-json\/wp\/v2\/posts"}],"about":[{"href":"https:\/\/www.europesays.com\/lv\/wp-json\/wp\/v2\/types\/post"}],"author":[{"embeddable":true,"href":"https:\/\/www.europesays.com\/lv\/wp-json\/wp\/v2\/users\/2"}],"replies":[{"embeddable":true,"href":"https:\/\/www.europesays.com\/lv\/wp-json\/wp\/v2\/comments?post=279154"}],"version-history":[{"count":0,"href":"https:\/\/www.europesays.com\/lv\/wp-json\/wp\/v2\/posts\/279154\/revisions"}],"wp:featuredmedia":[{"embeddable":true,"href":"https:\/\/www.europesays.com\/lv\/wp-json\/wp\/v2\/media\/279155"}],"wp:attachment":[{"href":"https:\/\/www.europesays.com\/lv\/wp-json\/wp\/v2\/media?parent=279154"}],"wp:term":[{"taxonomy":"category","embeddable":true,"href":"https:\/\/www.europesays.com\/lv\/wp-json\/wp\/v2\/categories?post=279154"},{"taxonomy":"post_tag","embeddable":true,"href":"https:\/\/www.europesays.com\/lv\/wp-json\/wp\/v2\/tags?post=279154"}],"curies":[{"name":"wp","href":"https:\/\/api.w.org\/{rel}","templated":true}]}}