{"id":27917,"date":"2025-10-22T08:16:14","date_gmt":"2025-10-22T08:16:14","guid":{"rendered":"https:\/\/www.europesays.com\/lv\/27917\/"},"modified":"2025-10-22T08:16:14","modified_gmt":"2025-10-22T08:16:14","slug":"razotaju-cenu-limenis-gada-laika-palielinajies-par-14-menesa-laika-par-01","status":"publish","type":"post","link":"https:\/\/www.europesays.com\/lv\/27917\/","title":{"rendered":"Ra\u017eot\u0101ju cenu l\u012bmenis gada laik\u0101 palielin\u0101jies par 1,4%, m\u0113ne\u0161a laik\u0101 \u2013 par 0,1%"},"content":{"rendered":"<p>2025. gada septembr\u012b, sal\u012bdzinot ar 2024. gada septembri, vid\u0113jais ra\u017eot\u0101ju cenu l\u012bmenis Latvijas r\u016bpniec\u012bb\u0101 palielin\u0101jies par 1,4%, liecina Centr\u0101l\u0101s statistikas p\u0101rvaldes dati. Sal\u012bdzinot ar \u0161\u0101 gada augustu, ra\u017eot\u0101ju cenu l\u012bmenis palielin\u0101jies par 0,1%.\u00a0<\/p>\n<p>Viet\u0113j\u0101 tirg\u016b realiz\u0113tajai produkcijai cenu l\u012bmenis 2025.\u00a0gada septembr\u012b, sal\u012bdzinot ar 2024.\u00a0gada septembri, palielin\u0101j\u0101s par 0,3\u00a0%, eksport\u0113tajai produkcijai \u2013 par 2,4\u00a0%. Eksportam uz eirozonas valst\u012bm cenas pieauga par 2,4\u00a0%, eksportam uz valst\u012bm \u0101rpus eirozonas \u2013 par 2,3\u00a0%.<\/p>\n<p>Ra\u017eot\u0101ju cenu l\u012bmeni gada laik\u0101 visvair\u0101k ietekm\u0113ja cenu pieaugums koksnes, koka un kor\u0137a izstr\u0101d\u0101jumu ra\u017eo\u0161an\u0101; vair\u0101k\u0101s p\u0101rtikas produktu ra\u017eo\u0161anas apak\u0161klas\u0113s; ieguves r\u016bpniec\u012bb\u0101 un karjeru izstr\u0101d\u0113; atkritumu sav\u0101k\u0161an\u0101, apstr\u0101d\u0113 un izvieto\u0161an\u0101 un materi\u0101lu p\u0101rstr\u0101d\u0113; \u0137\u012bmisko vielu un \u0137\u012bmisko produktu ra\u017eo\u0161an\u0101. Pazemino\u0161a ietekme bija cenu samazin\u0101jumam elektroener\u0123ijas, g\u0101zes apg\u0101des, siltumapg\u0101des un gaisa kondicion\u0113\u0161anas nozar\u0113; datoru, elektronisko un optisko iek\u0101rtu ra\u017eo\u0161an\u0101.<\/p>\n<p><img decoding=\"async\" src=\"https:\/\/www.europesays.com\/lv\/wp-content\/uploads\/2025\/10\/76F6V46DI.PNG\" alt=\"\"\/><\/p>\n<p>2025.\u00a0gada septembr\u012b, sal\u012bdzinot ar augustu, ra\u017eot\u0101ju cenu l\u012bmenis Latvijas r\u016bpniec\u012bb\u0101 palielin\u0101j\u0101s par 0,1\u00a0%. Viet\u0113j\u0101 tirg\u016b realiz\u0113tajai produkcijai cenu l\u012bmenis nemain\u012bj\u0101s, savuk\u0101rt eksport\u0113tajai produkcijai pieauga par 0,3\u00a0%. Eksportam uz eirozonas valst\u012bm cenu l\u012bmenis palielin\u0101j\u0101s par 0,5\u00a0%, eksportam uz valst\u012bm \u0101rpus eirozonas \u2013 par 0,1\u00a0%.<\/p>\n<p>Paaugstino\u0161a ietekme uz kop\u0113jo ra\u017eot\u0101ju cenu l\u012bmeni m\u0113ne\u0161a laik\u0101 bija cenu pieaugumam koksnes, koka un kor\u0137a izstr\u0101d\u0101jumu ra\u017eo\u0161an\u0101; ieguves r\u016bpniec\u012bb\u0101 un karjeru izstr\u0101d\u0113.<\/p>\n<p>Ra\u017eot\u0101ju cenu p\u0101rmai\u0146as<\/p>\n<p style=\"text-align: center;\">(procentos)<\/p>\n<p>&#13;<br \/>\n&#13;<\/p>\n<tr>&#13;<\/p>\n<td rowspan=\"2\" class=\"grayCell\">\u00a0<\/td>\n<p>&#13;<\/p>\n<td colspan=\"2\" class=\"grayCell\">2025.\u00a0gada septembris, sal\u012bdzinot ar<\/td>\n<p>&#13;<br \/>\n<\/tr>\n<p>&#13;<\/p>\n<tr>&#13;<\/p>\n<td class=\"grayCell\">2025.\u00a0gada augustu<\/td>\n<p>&#13;<\/p>\n<td class=\"grayCell\">2024.\u00a0gada septembri<\/td>\n<p>&#13;<br \/>\n<\/tr>\n<p>&#13;<\/p>\n<tr>&#13;<\/p>\n<td>Visa r\u016bpniec\u012bbas produkcija<\/td>\n<p>&#13;<\/p>\n<td>0,1<\/td>\n<p>&#13;<\/p>\n<td>1,4<\/td>\n<p>&#13;<br \/>\n<\/tr>\n<p>&#13;<\/p>\n<tr>&#13;<\/p>\n<td>Ieguves r\u016bpniec\u012bba un karjeru izstr\u0101de<\/td>\n<p>&#13;<\/p>\n<td>2,7<\/td>\n<p>&#13;<\/p>\n<td>13,9<\/td>\n<p>&#13;<br \/>\n<\/tr>\n<p>&#13;<\/p>\n<tr>&#13;<\/p>\n<td>Apstr\u0101des r\u016bpniec\u012bba<\/td>\n<p>&#13;<\/p>\n<td>0,1<\/td>\n<p>&#13;<\/p>\n<td>1,9<\/td>\n<p>&#13;<br \/>\n<\/tr>\n<p>&#13;<\/p>\n<tr>&#13;<\/p>\n<td>Elektroener\u0123ija, g\u0101zes apg\u0101de, siltumapg\u0101de un gaisa kondicion\u0113\u0161ana<\/td>\n<p>&#13;<\/p>\n<td>0,0<\/td>\n<p>&#13;<\/p>\n<td>-3,6<\/td>\n<p>&#13;<br \/>\n<\/tr>\n<p>&#13;<\/p>\n<tr>&#13;<\/p>\n<td>\u016adens apg\u0101de; notek\u016bde\u0146u, atkritumu apsaimnieko\u0161ana un san\u0101cija<\/td>\n<p>&#13;<\/p>\n<td>-0,2<\/td>\n<p>&#13;<\/p>\n<td>6,2<\/td>\n<p>&#13;<br \/>\n<\/tr>\n<p>&#13;<\/p>\n<tr>&#13;<\/p>\n<td>Viet\u0113j\u0101 tirg\u016b realiz\u0113t\u0101 produkcija<\/td>\n<p>&#13;<\/p>\n<td>0,0<\/td>\n<p>&#13;<\/p>\n<td>0,3<\/td>\n<p>&#13;<br \/>\n<\/tr>\n<p>&#13;<\/p>\n<tr>&#13;<\/p>\n<td>Ieguves r\u016bpniec\u012bba un karjeru izstr\u0101de<\/td>\n<p>&#13;<\/p>\n<td>2,4<\/td>\n<p>&#13;<\/p>\n<td>12,7<\/td>\n<p>&#13;<br \/>\n<\/tr>\n<p>&#13;<\/p>\n<tr>&#13;<\/p>\n<td>Apstr\u0101des r\u016bpniec\u012bba<\/td>\n<p>&#13;<\/p>\n<td>0,2<\/td>\n<p>&#13;<\/p>\n<td>0,9<\/td>\n<p>&#13;<br \/>\n<\/tr>\n<p>&#13;<\/p>\n<tr>&#13;<\/p>\n<td>Elektroener\u0123ija, g\u0101zes apg\u0101de, siltumapg\u0101de un gaisa kondicion\u0113\u0161ana<\/td>\n<p>&#13;<\/p>\n<td>-0,5<\/td>\n<p>&#13;<\/p>\n<td>-3,4<\/td>\n<p>&#13;<br \/>\n<\/tr>\n<p>&#13;<\/p>\n<tr>&#13;<\/p>\n<td>\u016adens apg\u0101de; notek\u016bde\u0146u, atkritumu apsaimnieko\u0161ana un san\u0101cija<\/td>\n<p>&#13;<\/p>\n<td>0,1<\/td>\n<p>&#13;<\/p>\n<td>8,4<\/td>\n<p>&#13;<br \/>\n<\/tr>\n<p>&#13;<\/p>\n<tr>&#13;<\/p>\n<td>Eksport\u0113t\u0101 produkcija\u00a0<\/td>\n<p>&#13;<\/p>\n<td>0,3<\/td>\n<p>&#13;<\/p>\n<td>2,4<\/td>\n<p>&#13;<br \/>\n<\/tr>\n<p>&#13;<\/p>\n<tr>&#13;<\/p>\n<td>Ieguves r\u016bpniec\u012bba un karjeru izstr\u0101de<\/td>\n<p>&#13;<\/p>\n<td>2,9<\/td>\n<p>&#13;<\/p>\n<td>14,7<\/td>\n<p>&#13;<br \/>\n<\/tr>\n<p>&#13;<\/p>\n<tr>&#13;<\/p>\n<td>Apstr\u0101des r\u016bpniec\u012bba<\/td>\n<p>&#13;<\/p>\n<td>0,1<\/td>\n<p>&#13;<\/p>\n<td>2,5<\/td>\n<p>&#13;<br \/>\n<\/tr>\n<p>&#13;<\/p>\n<tr>&#13;<\/p>\n<td>\u016adens apg\u0101de; notek\u016bde\u0146u, atkritumu apsaimnieko\u0161ana un san\u0101cija<\/td>\n<p>&#13;<\/p>\n<td>-2,3<\/td>\n<p>&#13;<\/p>\n<td>-10,5<\/td>\n<p>&#13;<br \/>\n<\/tr>\n<p>&#13;<br \/>\n&#13;<\/p>\n<p>Inform\u0101cija par ra\u017eot\u0101ju cenu p\u0101rmai\u0146\u0101m r\u016bpniec\u012bb\u0101 2025.\u00a0gada\u00a0oktobr\u012b tiks public\u0113ta 24.\u00a0novembr\u012b.<\/p>\n<p>Pla\u0161\u0101ka inform\u0101cija par ra\u017eot\u0101ju cenu p\u0101rmai\u0146\u0101m r\u016bpniec\u012bb\u0101 pieejama ofici\u0101l\u0101s statistikas port\u0101l\u0101 sada\u013c\u0101\u00a0<a href=\"https:\/\/stat.gov.lv\/lv\/statistikas-temas\/valsts-ekonomika\/razotaju-cenas\" target=\"_blank\" rel=\"nofollow noopener\">\u201cRa\u017eot\u0101ju cenas\u201d<\/a>.<\/p>\n<p>Metodolo\u0123isk\u0101 inform\u0101cija:<\/p>\n<p>Ra\u017eot\u0101ju cenu indekss r\u016bpniec\u012bb\u0101 ir \u012bstermi\u0146a statistikas r\u0101d\u012bt\u0101js, kas raksturo r\u016bpniec\u012bbas produkcijas un pakalpojumu cenu p\u0101rmai\u0146as noteikt\u0101 laika period\u0101.<\/p>\n<p>Lai nov\u0113rt\u0113tu, cik liel\u0101 m\u0113r\u0101 noteikta nozare ietekm\u0113 kop\u0113jo ra\u017eot\u0101ju cenu indeksu r\u016bpniec\u012bb\u0101, jeb k\u0101ds ir \u0161\u012bs nozares ieguld\u012bjums kop\u0113j\u0101 ra\u017eot\u0101ju cenu indeks\u0101 r\u016bpniec\u012bb\u0101, tiek veikts ietekmes apr\u0113\u0137ins. Nozares ar neliel\u0101m cenu p\u0101rmai\u0146\u0101m, bet lielu \u012bpatsvaru indeks\u0101, kop\u0113jo ra\u017eot\u0101ju cenu indeksu r\u016bpniec\u012bb\u0101 var ietekm\u0113t vair\u0101k nek\u0101 nozares ar nelielu \u012bpatsvaru indeks\u0101, bet liel\u0101m cenu p\u0101rmai\u0146\u0101m.<\/p>\n<p>Inform\u0101ciju par ra\u017eot\u0101ju cen\u0101m r\u016bpniec\u012bb\u0101 sniedz vair\u0101k k\u0101 600 uz\u0146\u0113mumu. Ra\u017eot\u0101ju cenu indeksa r\u016bpniec\u012bb\u0101 apr\u0113\u0137inos papildus izmanto ar\u012b Sabiedrisko pakalpojumu regul\u0113\u0161anas komisijas apstiprin\u0101tos tarifus atsevi\u0161\u0137iem pakalpojumiem un uz\u0146\u0113mumiem. Indeksa apr\u0113\u0137inos tiek izmantotas vair\u0101k k\u0101 2,5 t\u016bksto\u0161i cenu, no t\u0101m 1,3 t\u016bksto\u0161i par viet\u0113j\u0101 tirg\u016b un ap 1,2 t\u016bksto\u0161i par eksporta tirgos realiz\u0113to produkciju un r\u016bpnieciskajiem pakalpojumiem.<\/p>\n<p>Publiskoto ra\u017eot\u0101ju cenu indeksu r\u016bpniec\u012bb\u0101 labojumi par iepriek\u0161\u0113jo periodu, tiek veikti, ja ir laboti, preciz\u0113ti vai nov\u0113loti sa\u0146emti dati, un ir konstat\u0113ta b\u016btiska (vair\u0101k par 0,1 procentpunktu) labojumu ietekme uz kop\u0113jo cenu indeksu 12 m\u0113ne\u0161u ietvaros.<\/p>\n<p>Pla\u0161\u0101ka inform\u0101cija par ra\u017eot\u0101ju cenu indeksu r\u016bpniec\u012bb\u0101 pieejama ofici\u0101l\u0101s statistikas port\u0101la sada\u013c\u0101\u00a0<a href=\"https:\/\/stat.gov.lv\/lv\/metadati\/2457-razotaju-cenu-indeksi-rupnieciba\/det\" target=\"_blank\" rel=\"nofollow noopener\">\u201cApraksto\u0161ie metadati\u201d<\/a>.<\/p>\n<p>          <img decoding=\"async\" src=\"https:\/\/www.europesays.com\/lv\/wp-content\/uploads\/2025\/10\/1761042487_335_logo-lv.png\" alt=\"\"\/><\/p>\n<p>                  \u0160\u012b inform\u0101cija ir publisks pazi\u0146ojums un neatspogu\u013co LV port\u0101la viedokli. Par t\u0101s saturu atbild ies\u016bt\u012bt\u0101js. <a data-popup=\"rules\">Public\u0113\u0161anas noteikumi<\/a><\/p>\n","protected":false},"excerpt":{"rendered":"2025. gada septembr\u012b, sal\u012bdzinot ar 2024. gada septembri, vid\u0113jais ra\u017eot\u0101ju cenu l\u012bmenis Latvijas r\u016bpniec\u012bb\u0101 palielin\u0101jies par 1,4%, liecina&hellip;\n","protected":false},"author":2,"featured_media":27918,"comment_status":"","ping_status":"","sticky":false,"template":"","format":"standard","meta":{"footnotes":""},"categories":[16],"tags":[77,76,35,39,38,36,37,34,40],"class_list":{"0":"post-27917","1":"post","2":"type-post","3":"status-publish","4":"format-standard","5":"has-post-thumbnail","7":"category-bizness","8":"tag-bizness","9":"tag-business","10":"tag-latvia","11":"tag-latvian","12":"tag-latviesu","13":"tag-latviesu-valoda","14":"tag-latviesuvaloda","15":"tag-latvija","16":"tag-lv"},"share_on_mastodon":{"url":"","error":""},"_links":{"self":[{"href":"https:\/\/www.europesays.com\/lv\/wp-json\/wp\/v2\/posts\/27917","targetHints":{"allow":["GET"]}}],"collection":[{"href":"https:\/\/www.europesays.com\/lv\/wp-json\/wp\/v2\/posts"}],"about":[{"href":"https:\/\/www.europesays.com\/lv\/wp-json\/wp\/v2\/types\/post"}],"author":[{"embeddable":true,"href":"https:\/\/www.europesays.com\/lv\/wp-json\/wp\/v2\/users\/2"}],"replies":[{"embeddable":true,"href":"https:\/\/www.europesays.com\/lv\/wp-json\/wp\/v2\/comments?post=27917"}],"version-history":[{"count":0,"href":"https:\/\/www.europesays.com\/lv\/wp-json\/wp\/v2\/posts\/27917\/revisions"}],"wp:featuredmedia":[{"embeddable":true,"href":"https:\/\/www.europesays.com\/lv\/wp-json\/wp\/v2\/media\/27918"}],"wp:attachment":[{"href":"https:\/\/www.europesays.com\/lv\/wp-json\/wp\/v2\/media?parent=27917"}],"wp:term":[{"taxonomy":"category","embeddable":true,"href":"https:\/\/www.europesays.com\/lv\/wp-json\/wp\/v2\/categories?post=27917"},{"taxonomy":"post_tag","embeddable":true,"href":"https:\/\/www.europesays.com\/lv\/wp-json\/wp\/v2\/tags?post=27917"}],"curies":[{"name":"wp","href":"https:\/\/api.w.org\/{rel}","templated":true}]}}