{"id":27919,"date":"2025-10-22T08:17:07","date_gmt":"2025-10-22T08:17:07","guid":{"rendered":"https:\/\/www.europesays.com\/lv\/27919\/"},"modified":"2025-10-22T08:17:07","modified_gmt":"2025-10-22T08:17:07","slug":"kas-sagaida-bijuso-francijas-prezidentu-sarkozi-la-sante-cietuma","status":"publish","type":"post","link":"https:\/\/www.europesays.com\/lv\/27919\/","title":{"rendered":"Kas sagaida biju\u0161o Francijas prezidentu Sarkoz\u012b La Sant\u00e9 cietum\u0101?"},"content":{"rendered":"<p class=\"descr\">Biju\u0161ais Francijas prezidents tiks tur\u0113ts izol\u0101cij\u0101 un vi\u0146am l\u012bdzi b\u016bs &#8220;Gr\u0101fa Monte Kristo&#8221; gr\u0101matas eksempl\u0101rs, raksta \u201cThe Guardian\u201d.<\/p>\n<p>Iesp\u0113jams, Francijas le\u0123end\u0101r\u0101kaj\u0101 cietum\u0101 La Sant\u00e9, biju\u0161ais Francijas prezidents Nikol\u0101 Sarkoz\u012b izciet\u012bs piecu gadu cietumsodu par noziedz\u012bgu sazv\u0113rest\u012bbu, lai piesaist\u012btu kampa\u0146as l\u012bdzek\u013cus no L\u012bbijas. Tas ir vien\u012bgais cietums Par\u012bzes pils\u0113tas robe\u017e\u0101s.<\/p>\n<p>Cietums atrodas galvaspils\u0113tas dienvidu Monparnasas rajon\u0101, tas tika atv\u0113rts 1867. gad\u0101 un taj\u0101 tika izpild\u012bti vismaz 40 n\u0101vessodi, p\u0113d\u0113jais &#8211; 1972. gad\u0101. Cietums tika da\u013c\u0113ji sl\u0113gts renov\u0101cijai 2014. gad\u0101, bet piecus gadus v\u0113l\u0101k tika atv\u0113rts no jauna un \u0161obr\u012bd taj\u0101 atrodas vair\u0101k nek\u0101 1100 ieslodz\u012bto.<\/p>\n<p>Starp slaven\u0101kajiem no biju\u0161ajiem ieslodz\u012btajiem ir dzejnieks Gijoms Apolin\u0113rs, bl\u0113d\u012bgais tirgot\u0101js \u017deroms Kervjels, ier\u0113dnis un nacistu l\u012bdzstr\u0101dnieks Moriss Papons, uz\u0146\u0113m\u0113js un politi\u0137is Bern\u0101rs Tapijs, 70. gadu terorists Karloss \u0160ak\u0101lis un mode\u013cu a\u0123ents \u017dans Liks Brunels.<\/p>\n<p>Iev\u0113rojami vai riskam pak\u013cauti ieslodz\u012btie parasti tiek tur\u0113ti cietuma QB4 noda\u013c\u0101 jeb t\u0101 sauktaj\u0101s \u201cVIP telp\u0101s\u201d &#8211; atsevi\u0161\u0137\u0101s kamer\u0101s, nevis parastaj\u0101s tr\u012bs cilv\u0113ku vien\u012bb\u0101s, un dro\u0161\u012bbas apsv\u0113rumu d\u0113\u013c ar\u012b \u0101ra aktivit\u0101\u0161u laik\u0101 tiek tur\u0113ti vieni.<\/p>\n<p>Noda\u013ca, kas atrodas pirmaj\u0101 st\u0101v\u0101, sast\u0101v no 19 identisk\u0101m kamer\u0101m un \u012bpa\u0161a vingro\u0161anas laukuma, t\u0101p\u0113c ieslodz\u012btajiem nav j\u0101kontakt\u0113jas ar citiem ieslodz\u012btajiem, lai gan vi\u0146i joproj\u0101m ir pak\u013cauti svilpieniem un izsmieklam un no tuvum\u0101 eso\u0161aj\u0101m kamer\u0101m.<\/p>\n<p>Galvenok\u0101rt \u0161\u012b iemesla d\u0113\u013c ar\u012b Sarkoz\u012b tiks tur\u0113ts izol\u0101cijas kamer\u0101, kas atrodas atsevi\u0161\u0137\u0101 sp\u0101rn\u0101. Apst\u0101k\u013ci ir l\u012bdz\u012bgi k\u0101 QB4 &#8211; biju\u0161ais prezidents sav\u0101 kamer\u0101 atrad\u012bsies viens pats un, to pametot, vi\u0146u pavad\u012bs apsargs.<\/p>\n<p>&#8220;M\u0113r\u0137is ir izvair\u012bties no jebk\u0101diem incidentiem, t\u0101p\u0113c mums ir j\u0101liedz vi\u0146am tikties ar ieslodz\u012btajiem,&#8221; laikrakstam \u201cLe Monde\u201d past\u0101st\u012bja cietuma avots. <\/p>\n<p>&#8220;Vienk\u0101r\u0161\u0101kais un efekt\u012bv\u0101kais risin\u0101jums ir nos\u016bt\u012bt Nikol\u0101 Sarkoz\u012b tie\u0161i uz vieninieku kameru.&#8221;<\/p>\n<p>Gan izol\u0101cijas, gan VIP kameras ir identiskas t\u0101m, kas atrodas citur cietum\u0101 &#8211; vid\u0113ji aptuveni 10 kvadr\u0101tmetru lielas, ar logu p\u0101rsegiem, kas paredz\u0113ti sazi\u0146as ierobe\u017eo\u0161anai, gultu, nelielu rakst\u0101mgaldu, du\u0161u, tualeti un fiks\u0113to t\u0101lruni ar iepriek\u0161 ierakst\u012btiem numuriem.<\/p>\n<p>Sarkoz\u012b sa\u0146ems regul\u0101ras malt\u012btes, ta\u010du vi\u0146am b\u016bs pieejama ar\u012b \u0113dn\u012bca, kur vi\u0146\u0161 var\u0113s ieg\u0101d\u0101ties produktus \u0113diena gatavo\u0161anai, k\u0101 ar\u012b neliels vingro\u0161anas pagalms, sporta z\u0101le un bibliot\u0113ka. Vi\u0146\u0161 var iznom\u0101t ledusskapi par 7,50 eiro m\u0113nes\u012b un televizoru par 14,15 eiro.<\/p>\n<p>Iz\u0146emot tr\u012bs at\u013cautas viz\u012btes ned\u0113\u013c\u0101, vi\u0146\u0161 liel\u0101koties b\u016bs viens.<\/p>\n<p>Sarkoz\u012b, kur\u0161 past\u0101v\u012bgi ir noliedzis savu vainu, ir teicis, ka \u0146ems l\u012bdzi J\u0113zus biogr\u0101fiju un Aleksandra Dim\u0101 rom\u0101na \u201cGr\u0101fs Monte Kristo\u201d eksempl\u0101ru, kur\u0101 nevain\u012bgs v\u012brietis tiek noties\u0101ts un ielikts cietumu, bet izb\u0113g, lai atriebtos.<\/p>\n<p>Sarkoz\u012b advok\u0101ts \u017dans Mi\u0161els Daru\u0101 sac\u012bja, ka vi\u0146\u0161 \u0146em l\u012bdzi ar\u012b ausu aizb\u0101\u017e\u0146us, jo cietum\u0101 nakt\u012b var b\u016bt trok\u0161\u0146aini, un vair\u0101kus d\u017eemperus, jo kameras var b\u016bt aukstas. Sarkoz\u012b ir pazi\u0146ojis, ka nebaid\u0101s pavad\u012bt laiku cietum\u0101 un pl\u0101no to izmantot, lai uzrakst\u012btu gr\u0101matu.<\/p>\n<p>Tom\u0113r nav skaidrs, <a href=\"https:\/\/nra.lv\/pasaule\/502596-francijas-eksprezidentam-sarkozi-piespriez-piecus-gadus-cietuma.htm\" data-item-link=\"true\" data-item-id=\"502596\" rel=\"nofollow noopener\" target=\"_blank\">cik ilgi vi\u0146\u0161 faktiski paliks cietum\u0101 <\/a>&#8211; vi\u0146a advok\u0101ti jau ir iesniegu\u0161i pieteikumu par vi\u0146a pirmstermi\u0146a atbr\u012bvo\u0161anu.<\/p>\n<p>Francijas ties\u012bbu eksperti ir nor\u0101d\u012bju\u0161i, ka vi\u0146\u0161 var\u0113tu tikt atbr\u012bvots m\u0113ne\u0161a laik\u0101.<\/p>\n<p>\t\t\t\t\t\tinfo<\/p>\n<p>Uzzini pirmais<br \/>kas interesants noticis Latvij\u0101 un pasaul\u0113,<br \/>pievienojoties mums <a href=\"https:\/\/t.me\/neatkariga\" rel=\"nofollow\">Telegram<\/a> vai <a href=\"https:\/\/whatsapp.com\/channel\/0029VaMLFUH5K3zLU5s4wm3y\" rel=\"nofollow noopener\" target=\"_blank\">Whatsapp<\/a> kan\u0101l\u0101<\/p>\n","protected":false},"excerpt":{"rendered":"Biju\u0161ais Francijas prezidents tiks tur\u0113ts izol\u0101cij\u0101 un vi\u0146am l\u012bdzi b\u016bs &#8220;Gr\u0101fa Monte Kristo&#8221; gr\u0101matas eksempl\u0101rs, raksta \u201cThe Guardian\u201d.&hellip;\n","protected":false},"author":2,"featured_media":27920,"comment_status":"","ping_status":"","sticky":false,"template":"","format":"standard","meta":{"footnotes":""},"categories":[14],"tags":[23,57,28,29,32,33,22,30,31,35,39,38,36,37,34,40,20,26,27,24,25,54,55,56,21,58],"class_list":{"0":"post-27919","1":"post","2":"type-post","3":"status-publish","4":"format-standard","5":"has-post-thumbnail","7":"category-zinas-no-arvalstim","8":"tag-aktualitates","9":"tag-arvalstim","10":"tag-breaking-news","11":"tag-breakingnews","12":"tag-featured-news","13":"tag-featurednews","14":"tag-headlines","15":"tag-latest-news","16":"tag-latestnews","17":"tag-latvia","18":"tag-latvian","19":"tag-latviesu","20":"tag-latviesu-valoda","21":"tag-latviesuvaloda","22":"tag-latvija","23":"tag-lv","24":"tag-news","25":"tag-popularakas-zinas","26":"tag-popularakaszinas","27":"tag-top-stories","28":"tag-topstories","29":"tag-world","30":"tag-world-news","31":"tag-worldnews","32":"tag-zinas","33":"tag-zinas-no-arvalstim"},"share_on_mastodon":{"url":"","error":""},"_links":{"self":[{"href":"https:\/\/www.europesays.com\/lv\/wp-json\/wp\/v2\/posts\/27919","targetHints":{"allow":["GET"]}}],"collection":[{"href":"https:\/\/www.europesays.com\/lv\/wp-json\/wp\/v2\/posts"}],"about":[{"href":"https:\/\/www.europesays.com\/lv\/wp-json\/wp\/v2\/types\/post"}],"author":[{"embeddable":true,"href":"https:\/\/www.europesays.com\/lv\/wp-json\/wp\/v2\/users\/2"}],"replies":[{"embeddable":true,"href":"https:\/\/www.europesays.com\/lv\/wp-json\/wp\/v2\/comments?post=27919"}],"version-history":[{"count":0,"href":"https:\/\/www.europesays.com\/lv\/wp-json\/wp\/v2\/posts\/27919\/revisions"}],"wp:featuredmedia":[{"embeddable":true,"href":"https:\/\/www.europesays.com\/lv\/wp-json\/wp\/v2\/media\/27920"}],"wp:attachment":[{"href":"https:\/\/www.europesays.com\/lv\/wp-json\/wp\/v2\/media?parent=27919"}],"wp:term":[{"taxonomy":"category","embeddable":true,"href":"https:\/\/www.europesays.com\/lv\/wp-json\/wp\/v2\/categories?post=27919"},{"taxonomy":"post_tag","embeddable":true,"href":"https:\/\/www.europesays.com\/lv\/wp-json\/wp\/v2\/tags?post=27919"}],"curies":[{"name":"wp","href":"https:\/\/api.w.org\/{rel}","templated":true}]}}