{"id":27923,"date":"2025-10-22T08:19:08","date_gmt":"2025-10-22T08:19:08","guid":{"rendered":"https:\/\/www.europesays.com\/lv\/27923\/"},"modified":"2025-10-22T08:19:08","modified_gmt":"2025-10-22T08:19:08","slug":"luvra-atkal-atverta-apmekletajiem-tvnet","status":"publish","type":"post","link":"https:\/\/www.europesays.com\/lv\/27923\/","title":{"rendered":"Luvra atkal atv\u0113rta apmekl\u0113t\u0101jiem &#8211; TVNET"},"content":{"rendered":"<ol>\n<li><a href=\"https:\/\/news.google.com\/rss\/articles\/CBMib0FVX3lxTE5KXzlwaHRxcHRFSmdxLUdPVURhRVBadkEwQTJ2UnNNWDJlMHM0QUJLaFdqRnN2QlJYa1duM0wxVTl2Z2dLWXdvdmhGVDJCSHNDeUJPeHIwUzlfclFockwtZngyanFvdDllTDlOaFJHRQ?oc=5\" target=\"_blank\" rel=\"nofollow noopener\">Luvra atkal atv\u0113rta apmekl\u0113t\u0101jiem<\/a>&nbsp;&nbsp;TVNET<\/li>\n<li><a href=\"https:\/\/news.google.com\/rss\/articles\/CBMijAFBVV95cUxORUh6SkhINmVvMGJxdDZCRGtHSkdSazFQQWM2VHlfa0xQTG9qZUFIZzZoblNINVFjbndySHdudmd6dWduQ1JabDg0akVicUlaNTBianJaRjRtenZfTXdNZ0o0VXFZdEZidW1iLWNwSjhTdHZWOUhDTXBKRHlfM29mc0NVOFNqWkdZYnlheA?oc=5\" target=\"_blank\" rel=\"nofollow noopener\">&#8220;Mums ir dar\u012b\u0161ana ar Lup\u0113nu.&#8221; Z\u0101dz\u012bba Luvr\u0101 k\u0101 no seri\u0101la<\/a>&nbsp;&nbsp;Apollo.lv<\/li>\n<li><a href=\"https:\/\/news.google.com\/rss\/articles\/CBMiugFBVV95cUxQc0xUVlA0QUR6akR1NWZrbWlLa1J5amFDaFJoM2czYm5rM29HRWoyLWRyalBpMjV5VE5rMmlpOVlXYUFNc1VaZlJxMXpuWWJZRlhuSE1DQVVSZ3VCbnBwUEQwZ3AtdEEzYTYzbndGMl9yX0hyWnJ1dzlxUERncEJBa1RHYmRaR3p6YktFTXZkT3VoMnJsVDdZZW9fTGFESkFja1NReXNJdU5OcmxfWk91ZjFpUHRXblhtN3c?oc=5\" target=\"_blank\" rel=\"nofollow noopener\">Luvr\u0101 nozagto d\u0101rglietu v\u0113rt\u012bbu l\u0113\u0161 88 miljonu eiro apm\u0113r\u0101 \/ Raksts<\/a>&nbsp;&nbsp;LSM<\/li>\n<li><a href=\"https:\/\/news.google.com\/rss\/articles\/CBMi1AFBVV95cUxOaF9BNHdyMGc5ZmFvcUx0VnZMZG94SDJwLW1iQlh4dzR1eEJWX2dWbkxJZi1HZ3Q1RzMydkVnLWplRkFWaVRZSHZ5Nm80bkJfcEkwZHJ2Qi1uWW1Kd2Z6VkhZWjd5TThuejBpNWpkSVlxZFFEVHBYd09qWW8wWWV0RDBrSzJLa2p2d0RkYXZhNUNhY0s0RU5tTWVTQUxMdDQ2cE1TVmFvaDgwMzBGME1sLXY4MFpuTk5BaTZnc1VjWk9QUXNZSEsydGNMQVY4OGN3eDAzQw?oc=5\" target=\"_blank\" rel=\"nofollow noopener\">Noskaidrots, k\u0101da bija aptuven\u0101 Luvr\u0101 nolaup\u012bto d\u0101rglietu v\u0113rt\u012bba &#8211; summa rakst\u0101ma ar aso\u0146iem cipariem<\/a>&nbsp;&nbsp;Jauns.lv<\/li>\n<li><a href=\"https:\/\/news.google.com\/rss\/articles\/CBMi0gFBVV95cUxNMV9oVExFNXVaaXVXTkVkUnowMFczM0dtTUhNZlJMcVRGdDJiWWRKVWFjM1phQ0JLaEVzM2FkZkFFbWhtLU8zRW1HYXdoREJua0U0cmgxZHpvZzdwcVBRVkRZU2JtTDdXUlhwVG4wOGJ6aDZ0MlBrdXFmUGV4N2NpempweWMtWkF6dElZcHQxc0VLT2V0LUxVNmdyLW9rdHR3aThSTkRNMkdXWGdJV3F1T0laakVRZVpYQkNKbGtoN3RTUFo4NWRLeWpDNUdrN2FTMFE?oc=5\" target=\"_blank\" rel=\"nofollow noopener\">\u00abTelegram\u00bb izveidot\u0101js Durovs pied\u0101v\u0101 ieg\u0101d\u0101ties Luvr\u0101 nozagt\u0101s d\u0101rglietas un neatdot Francijai<\/a>&nbsp;&nbsp;Santa.lv<\/li>\n<\/ol>\n","protected":false},"excerpt":{"rendered":"Luvra atkal atv\u0113rta apmekl\u0113t\u0101jiem&nbsp;&nbsp;TVNET &#8220;Mums ir dar\u012b\u0161ana ar Lup\u0113nu.&#8221; Z\u0101dz\u012bba Luvr\u0101 k\u0101 no seri\u0101la&nbsp;&nbsp;Apollo.lv Luvr\u0101 nozagto d\u0101rglietu v\u0113rt\u012bbu&hellip;\n","protected":false},"author":2,"featured_media":27924,"comment_status":"","ping_status":"","sticky":false,"template":"","format":"standard","meta":{"footnotes":""},"categories":[5],"tags":[23,28,29,32,33,1309,22,30,31,35,39,38,36,37,34,7894,40,2286,20,26,27,24,25,190,21],"class_list":{"0":"post-27923","1":"post","2":"type-post","3":"status-publish","4":"format-standard","5":"has-post-thumbnail","7":"category-aktualitates","8":"tag-aktualitates","9":"tag-breaking-news","10":"tag-breakingnews","11":"tag-featured-news","12":"tag-featurednews","13":"tag-francija","14":"tag-headlines","15":"tag-latest-news","16":"tag-latestnews","17":"tag-latvia","18":"tag-latvian","19":"tag-latviesu","20":"tag-latviesu-valoda","21":"tag-latviesuvaloda","22":"tag-latvija","23":"tag-luvra","24":"tag-lv","25":"tag-maksla","26":"tag-news","27":"tag-popularakas-zinas","28":"tag-popularakaszinas","29":"tag-top-stories","30":"tag-topstories","31":"tag-zadziba","32":"tag-zinas"},"share_on_mastodon":{"url":"","error":""},"_links":{"self":[{"href":"https:\/\/www.europesays.com\/lv\/wp-json\/wp\/v2\/posts\/27923","targetHints":{"allow":["GET"]}}],"collection":[{"href":"https:\/\/www.europesays.com\/lv\/wp-json\/wp\/v2\/posts"}],"about":[{"href":"https:\/\/www.europesays.com\/lv\/wp-json\/wp\/v2\/types\/post"}],"author":[{"embeddable":true,"href":"https:\/\/www.europesays.com\/lv\/wp-json\/wp\/v2\/users\/2"}],"replies":[{"embeddable":true,"href":"https:\/\/www.europesays.com\/lv\/wp-json\/wp\/v2\/comments?post=27923"}],"version-history":[{"count":0,"href":"https:\/\/www.europesays.com\/lv\/wp-json\/wp\/v2\/posts\/27923\/revisions"}],"wp:featuredmedia":[{"embeddable":true,"href":"https:\/\/www.europesays.com\/lv\/wp-json\/wp\/v2\/media\/27924"}],"wp:attachment":[{"href":"https:\/\/www.europesays.com\/lv\/wp-json\/wp\/v2\/media?parent=27923"}],"wp:term":[{"taxonomy":"category","embeddable":true,"href":"https:\/\/www.europesays.com\/lv\/wp-json\/wp\/v2\/categories?post=27923"},{"taxonomy":"post_tag","embeddable":true,"href":"https:\/\/www.europesays.com\/lv\/wp-json\/wp\/v2\/tags?post=27923"}],"curies":[{"name":"wp","href":"https:\/\/api.w.org\/{rel}","templated":true}]}}