{"id":279232,"date":"2026-08-28T02:05:10","date_gmt":"2026-08-28T02:05:10","guid":{"rendered":"https:\/\/www.europesays.com\/lv\/279232\/"},"modified":"2026-08-28T02:05:10","modified_gmt":"2026-08-28T02:05:10","slug":"guntis-veits-un-inguna-milestiba-un-muzika","status":"publish","type":"post","link":"https:\/\/www.europesays.com\/lv\/279232\/","title":{"rendered":"Guntis Veits un Ing\u016bna: M\u012blest\u012bba un m\u016bzika"},"content":{"rendered":"<p>Guntis Veits, zin\u0101ms Latvijas m\u016bzi\u0137is, ir piev\u0113rsis sabiedr\u012bbas uzman\u012bbu ne tikai ar savu muzik\u0101lo darb\u012bbu, bet ar\u012b ar jaun\u0101m attiec\u012bb\u0101m. Lai gan pats Guntis nav v\u0113l\u0113jies pla\u0161i izpausties par savu priv\u0101to dz\u012bvi, vi\u0146a jaun\u0101 m\u012b\u013cot\u0101 Ing\u016bna ir atkl\u0101jusi vi\u0146u attiec\u012bbas sav\u0101 soci\u0101laj\u0101 t\u012bkl\u0101, nor\u0101dot, ka vi\u0146i kop\u0101 ir kop\u0161 19. augusta. Attiec\u012bbu s\u0101kum\u0101 p\u0101ris ir pavad\u012bjis laiku kop\u0101, izbaudot romantiskas pastaigas Par\u012bz\u0113 un piedz\u012bvojot neaizmirstamas br\u012bvdienas uz ku\u0123a.<\/p>\n<p>Guntis Veits un vi\u0146a m\u012blest\u012bba: Jaunas s\u0101kums<\/p>\n<p>Gunta Veita m\u016bzika ir bijusi svar\u012bga da\u013ca no Latvijas kult\u016bras ainavas, un vi\u0146a person\u012bg\u0101 dz\u012bve tagad ir piev\u0113rsusi uzman\u012bbu ne maz\u0101k. Vi\u0146a attiec\u012bbas ar Ing\u016bnu ir k\u013cuvu\u0161as par izplat\u012btu sarunu t\u0113mu. P\u0101ris ir redzams kop\u012bg\u0101s fotogr\u0101fij\u0101s, kur\u0101s domin\u0113 smaidi un laime, ko vi\u0146i izstaro. \u0160\u0101das publisk\u0101s izpausmes liecina par to, ka vi\u0146i ir atradu\u0161i laimi viens otr\u0101.<\/p>\n<p>Ing\u016bnas loma Gunta dz\u012bv\u0113<\/p>\n<p>Ing\u016bna, kas ir akt\u012bva soci\u0101lajos t\u012bklos, ir devusi iesp\u0113ju faniem un interesentiem nedaudz ieskat\u012bties vi\u0146u attiec\u012bb\u0101s. Vi\u0146as public\u0113tie fotoatt\u0113li un ieraksti par\u0101da, cik svar\u012bgas ir \u0161\u012bs attiec\u012bbas vi\u0146ai. Ing\u016bna izpau\u017e savas saj\u016btas un prieku, ko vi\u0146a piedz\u012bvo kop\u0101 ar Gunti, kas ir \u0101rk\u0101rt\u012bgi svar\u012bgi, \u0146emot v\u0113r\u0101, cik bie\u017ei sabiedr\u012bb\u0101 tiek v\u0113rsta uzman\u012bba uz slaven\u012bbu priv\u0101taj\u0101m dz\u012bv\u0113m.<\/p>\n<p>Sabiedr\u012bbas reakcija<\/p>\n<p>Sabiedr\u012bbas interese par Gunta un Ing\u016bnas attiec\u012bb\u0101m ir liela, jo vi\u0146i abi ir sabiedr\u012bb\u0101 paz\u012bstami. \u0160\u0101das attiec\u012bbas bie\u017ei vien rada gan atbalstu, gan kritiku. M\u016bzi\u0137is ir nol\u0113mis saglab\u0101t priv\u0101tumu, tom\u0113r \u0161\u012b situ\u0101cija ir aktu\u0101la daudziem faniem, kuri v\u0113las redz\u0113t vi\u0146a laimi un attiec\u012bbu att\u012bst\u012bbu.<\/p>\n<p>M\u016bzika un m\u012blest\u012bba<\/p>\n<p>M\u016bzika un m\u012blest\u012bba ir cie\u0161i saist\u012btas, un Guntis Veits ir pier\u0101d\u012bjis, ka vi\u0146a rado\u0161ais process var att\u012bst\u012bties no priv\u0101t\u0101s dz\u012bves pieredzes. Jauni attiec\u012bbu posmi bie\u017ei vien ietekm\u0113 m\u0101kslinieka rado\u0161o izpausmi, radot jaunas dziesmas un melodijas, kas var atspogu\u013cot vi\u0146a dz\u012bves notikumus.<\/p>\n<p>Nosl\u0113gum\u0101<\/p>\n<p>Gunta Veita un Ing\u016bnas attiec\u012bbas ir piem\u0113rs tam, k\u0101 m\u012blest\u012bba var ienest prieku un jaunas kr\u0101sas ikdienas dz\u012bv\u0113, pat ja tas attiecas uz sabiedr\u012bb\u0101 paz\u012bstam\u0101m person\u012bb\u0101m. Lai gan Guntis izv\u0113las saglab\u0101t savu priv\u0101to dz\u012bvi no pla\u0161as publicit\u0101tes, vi\u0146a laime ir ac\u012bmredzama. Fani un sekot\u0101ji noteikti gaida, lai redz\u0113tu, k\u0101 \u0161\u012bs attiec\u012bbas att\u012bst\u012bsies, un cer, ka t\u0101s iedvesmos jaunas muzik\u0101las rad\u012b\u0161anas.<\/p>\n<p>\n        \u0160\u012b raksta sagatavo\u0161an\u0101 izmantots m\u0101ksl\u012bgais intelekts, izmantojot internet\u0101 pieejamo inform\u0101ciju. Ja pamani k\u013c\u016bdu raksti mums \u0161eit: reklama@latvijasslavenibas.lv\n    <\/p>\n","protected":false},"excerpt":{"rendered":"Guntis Veits, zin\u0101ms Latvijas m\u016bzi\u0137is, ir piev\u0113rsis sabiedr\u012bbas uzman\u012bbu ne tikai ar savu muzik\u0101lo darb\u012bbu, bet ar\u012b ar&hellip;\n","protected":false},"author":2,"featured_media":279233,"comment_status":"","ping_status":"","sticky":false,"template":"","format":"standard","meta":{"footnotes":"","_share_on_mastodon":"0"},"categories":[19],"tags":[89,90,35,39,38,36,37,34,40],"class_list":["post-279232","post","type-post","status-publish","format-standard","has-post-thumbnail","category-izklaide","tag-entertainment","tag-izklaide","tag-latvia","tag-latvian","tag-latviesu","tag-latviesu-valoda","tag-latviesuvaloda","tag-latvija","tag-lv"],"share_on_mastodon":{"url":"https:\/\/pubeurope.com\/@lv\/117170688666499884","error":""},"_links":{"self":[{"href":"https:\/\/www.europesays.com\/lv\/wp-json\/wp\/v2\/posts\/279232","targetHints":{"allow":["GET"]}}],"collection":[{"href":"https:\/\/www.europesays.com\/lv\/wp-json\/wp\/v2\/posts"}],"about":[{"href":"https:\/\/www.europesays.com\/lv\/wp-json\/wp\/v2\/types\/post"}],"author":[{"embeddable":true,"href":"https:\/\/www.europesays.com\/lv\/wp-json\/wp\/v2\/users\/2"}],"replies":[{"embeddable":true,"href":"https:\/\/www.europesays.com\/lv\/wp-json\/wp\/v2\/comments?post=279232"}],"version-history":[{"count":0,"href":"https:\/\/www.europesays.com\/lv\/wp-json\/wp\/v2\/posts\/279232\/revisions"}],"wp:featuredmedia":[{"embeddable":true,"href":"https:\/\/www.europesays.com\/lv\/wp-json\/wp\/v2\/media\/279233"}],"wp:attachment":[{"href":"https:\/\/www.europesays.com\/lv\/wp-json\/wp\/v2\/media?parent=279232"}],"wp:term":[{"taxonomy":"category","embeddable":true,"href":"https:\/\/www.europesays.com\/lv\/wp-json\/wp\/v2\/categories?post=279232"},{"taxonomy":"post_tag","embeddable":true,"href":"https:\/\/www.europesays.com\/lv\/wp-json\/wp\/v2\/tags?post=279232"}],"curies":[{"name":"wp","href":"https:\/\/api.w.org\/{rel}","templated":true}]}}