{"id":27929,"date":"2025-10-22T08:23:08","date_gmt":"2025-10-22T08:23:08","guid":{"rendered":"https:\/\/www.europesays.com\/lv\/27929\/"},"modified":"2025-10-22T08:23:08","modified_gmt":"2025-10-22T08:23:08","slug":"ungarija-pagarinats-arkartas-stavoklis-opozicija-bazijas-par-ta-ietekmi-uz-nakama-gada-velesanam-raksts","status":"publish","type":"post","link":"https:\/\/www.europesays.com\/lv\/27929\/","title":{"rendered":"Ung\u0101rij\u0101 pagarin\u0101ts \u0101rk\u0101rtas st\u0101voklis; opoz\u012bcija ba\u017e\u012bjas par t\u0101 ietekmi uz n\u0101kam\u0101 gada v\u0113l\u0113\u0161an\u0101m \/ Raksts"},"content":{"rendered":"<p>Ung\u0101rijas parlaments otrdien v\u0113l uz 180 dien\u0101m pagarin\u0101ja \u0101rk\u0101rtas st\u0101vokli valst\u012b. Tas b\u016bs sp\u0113k\u0101 vismaz l\u012bdz n\u0101kam\u0101 gada 14. maijam.\u00a0<\/p>\n<p>L\u012bdz ar to ir liela iesp\u0113jam\u012bba, ka \u0101rk\u0101rtas st\u0101vok\u013ca apst\u0101k\u013cos notiks n\u0101kamgad paredz\u0113t\u0101s Ung\u0101rijas parlamenta v\u0113l\u0113\u0161anas. V\u0113l\u0113\u0161anu datums v\u0113l nav izzi\u0146ots, bet Ung\u0101rijas autorit\u0101rais premjerministrs Viktors Orb\u0101ns iepriek\u0161 ir teicis, ka v\u0113l\u0113\u0161anas var\u0113tu notikt apr\u012bl\u012b.\u00a0<\/p>\n<p>Opoz\u012bcija ba\u017e\u012bjas, ka Orb\u0101ns un vi\u0146a p\u0101rst\u0101v\u0113t\u0101 nacion\u0101lkonservat\u012bv\u0101 partija &#8220;Fidesz&#8221; var\u0113tu izmantot \u0101rk\u0101rtas st\u0101vokli, lai ieg\u016btu sev priek\u0161roc\u012bbas pirms v\u0113l\u0113\u0161an\u0101m.\u00a0<\/p>\n<blockquote>\n<p>\u0100rk\u0101rtas st\u0101vok\u013ca laik\u0101 vald\u012bba var ierobe\u017eot Ung\u0101rijas iedz\u012bvot\u0101ju pamatties\u012bbas, tostarp ties\u012bbas protest\u0113t.\u00a0<\/p>\n<\/blockquote>\n<p>Tom\u0113r amatpersonas apgalvo, ka \u0101rk\u0101rtas st\u0101voklis neietekm\u0113\u0161ot v\u0113l\u0113\u0161anas.\u00a0<\/p>\n<p>Ung\u0101rij\u0101 \u0101rk\u0101rtas st\u0101voklis ir sp\u0113k\u0101 kop\u0161 2020. gada pavasara, kad s\u0101k\u0101s Covid-19 pand\u0113mija. To pagarin\u0101ja p\u0113c Krievijas pilna m\u0113roga iebrukuma Ukrain\u0101 2022. gada febru\u0101r\u012b.<\/p>\n<p>Pirmo reizi kop\u0161 Orb\u0101na atgrie\u0161an\u0101s pie varas 2010. gad\u0101 ir nopietni apdraud\u0113tas vi\u0146a poz\u012bcijas. V\u0113l\u0113t\u0101ju aptaujas r\u0101da, ka n\u0101kam\u0101 gada parlamenta v\u0113l\u0113\u0161an\u0101s labas izredzes uzvar\u0113t ir Orb\u0101na k\u0101dreiz\u0113j\u0101 sabiedrot\u0101 P\u0113tera Ma\u0123ara vad\u012btajai partijai &#8220;Tisza&#8221;.<\/p>\n<p>                    Valodas k\u013c\u016bda rakst\u0101?<\/p>\n<p class=\"d-none d-md-block\">Iez\u012bm\u0113jiet tekstu un spiediet Ctrl+Enter, lai nos\u016bt\u012btu labojamo teksta fragmentu redaktoram! Par faktu k\u013c\u016bd\u0101m l\u016bdzam zi\u0146ot e-past\u0101 <a href=\"https:\/\/www.lsm.lv\/cdn-cgi\/l\/email-protection\" class=\"__cf_email__\" data-cfemail=\"56243332373d353f3c37163a253b783a20\" rel=\"nofollow noopener\" target=\"_blank\">[email\u00a0protected]<\/a>.<\/p>\n<p class=\"d-md-none\">Iez\u012bm\u0113jiet tekstu un spiediet uz Zi\u0146ot par k\u013c\u016bdu pogas, lai nos\u016bt\u012btu labojamo teksta fragmentu redaktoram!<\/p>\n<p>\n                    Zi\u0146ot par k\u013c\u016bdu\n                <\/p>\n","protected":false},"excerpt":{"rendered":"Ung\u0101rijas parlaments otrdien v\u0113l uz 180 dien\u0101m pagarin\u0101ja \u0101rk\u0101rtas st\u0101vokli valst\u012b. Tas b\u016bs sp\u0113k\u0101 vismaz l\u012bdz n\u0101kam\u0101 gada&hellip;\n","protected":false},"author":2,"featured_media":27930,"comment_status":"","ping_status":"","sticky":false,"template":"","format":"standard","meta":{"footnotes":""},"categories":[14],"tags":[23,57,28,29,32,33,22,30,31,35,39,38,36,37,34,40,20,26,27,24,25,54,55,56,21,58],"class_list":{"0":"post-27929","1":"post","2":"type-post","3":"status-publish","4":"format-standard","5":"has-post-thumbnail","7":"category-zinas-no-arvalstim","8":"tag-aktualitates","9":"tag-arvalstim","10":"tag-breaking-news","11":"tag-breakingnews","12":"tag-featured-news","13":"tag-featurednews","14":"tag-headlines","15":"tag-latest-news","16":"tag-latestnews","17":"tag-latvia","18":"tag-latvian","19":"tag-latviesu","20":"tag-latviesu-valoda","21":"tag-latviesuvaloda","22":"tag-latvija","23":"tag-lv","24":"tag-news","25":"tag-popularakas-zinas","26":"tag-popularakaszinas","27":"tag-top-stories","28":"tag-topstories","29":"tag-world","30":"tag-world-news","31":"tag-worldnews","32":"tag-zinas","33":"tag-zinas-no-arvalstim"},"share_on_mastodon":{"url":"","error":""},"_links":{"self":[{"href":"https:\/\/www.europesays.com\/lv\/wp-json\/wp\/v2\/posts\/27929","targetHints":{"allow":["GET"]}}],"collection":[{"href":"https:\/\/www.europesays.com\/lv\/wp-json\/wp\/v2\/posts"}],"about":[{"href":"https:\/\/www.europesays.com\/lv\/wp-json\/wp\/v2\/types\/post"}],"author":[{"embeddable":true,"href":"https:\/\/www.europesays.com\/lv\/wp-json\/wp\/v2\/users\/2"}],"replies":[{"embeddable":true,"href":"https:\/\/www.europesays.com\/lv\/wp-json\/wp\/v2\/comments?post=27929"}],"version-history":[{"count":0,"href":"https:\/\/www.europesays.com\/lv\/wp-json\/wp\/v2\/posts\/27929\/revisions"}],"wp:featuredmedia":[{"embeddable":true,"href":"https:\/\/www.europesays.com\/lv\/wp-json\/wp\/v2\/media\/27930"}],"wp:attachment":[{"href":"https:\/\/www.europesays.com\/lv\/wp-json\/wp\/v2\/media?parent=27929"}],"wp:term":[{"taxonomy":"category","embeddable":true,"href":"https:\/\/www.europesays.com\/lv\/wp-json\/wp\/v2\/categories?post=27929"},{"taxonomy":"post_tag","embeddable":true,"href":"https:\/\/www.europesays.com\/lv\/wp-json\/wp\/v2\/tags?post=27929"}],"curies":[{"name":"wp","href":"https:\/\/api.w.org\/{rel}","templated":true}]}}