{"id":27933,"date":"2025-10-22T08:25:09","date_gmt":"2025-10-22T08:25:09","guid":{"rendered":"https:\/\/www.europesays.com\/lv\/27933\/"},"modified":"2025-10-22T08:25:09","modified_gmt":"2025-10-22T08:25:09","slug":"naudas-trukums-savulaik-apdraudejis-latvijas-radio-ierakstu-tapsanu-un-kulturas-mantojuma-saglabasanu-lente-lv-2","status":"publish","type":"post","link":"https:\/\/www.europesays.com\/lv\/27933\/","title":{"rendered":"Naudas tr\u016bkums savulaik apdraud\u0113jis Latvijas Radio ierakstu tap\u0161anu un kult\u016bras mantojuma saglab\u0101\u0161anu\u00a0\u2014\u00a0Lente.lv"},"content":{"rendered":"<p>Latvijas Radio Fondu Bag\u0101t\u012bbas Un Ierakstu Tap\u0161anas Sare\u017e\u0123\u012bjumi<\/p>\n<p>Latvijas Radio fonot\u0113ka ir patiesi neizm\u0113rojama bag\u0101t\u012bba, ko d\u0113v\u0113 par Latvijas m\u016bzikas kult\u016bras zelta fondu. \u0160\u012b v\u0113rt\u012bg\u0101 kr\u0101juma veido\u0161ana gadu desmitiem vienam ierakstam sekojis otrs, saglab\u0101jot Latvijas muzik\u0101l\u0101s v\u0113stures liec\u012bbas. Tom\u0113r \u0161\u012bs bag\u0101t\u012bbas tap\u0161anu savulaik b\u016btiski ietekm\u0113ja naudas tr\u016bkums, kas sag\u0101d\u0101ja ne mazums r\u016bpju gan radio darbiniekiem, gan m\u016bzi\u0137iem.<\/p>\n<p>Finansi\u0101l\u0101s Gr\u016bt\u012bbas un Zaud\u0113jumi Kult\u016brai<\/p>\n<p>Lai gan Latvijas Radio vienm\u0113r centies saglab\u0101t izcil\u0101kos m\u016bzi\u0137u un kolekt\u012bvu sniegumu, finansi\u0101l\u0101s gr\u016bt\u012bbas, \u012bpa\u0161i devi\u0146desmitajos gados un kr\u012bzes br\u012b\u017eos, liku\u0161as mekl\u0113t nestandarta risin\u0101jumus. Nepietiekamais finans\u0113jums da\u017ek\u0101rt novedis pie situ\u0101cij\u0101m, ka m\u016bzi\u0137i atteiku\u0161ies no ierakstiem, ja netika nodro\u0161in\u0101ts l\u012bguma nosl\u0113g\u0161anai nepiecie\u0161amais atalgojums. Tas rad\u012bjis s\u0101p\u012bgus br\u012b\u017eus un neatsveramus zaud\u0113jumus, jo da\u013ca kult\u016bras mantojuma t\u0101 ar\u012b netika fiks\u0113ta un izk\u016bp\u0113ja gais\u0101.<\/p>\n<p>Fonot\u0113kas Noz\u012bme un T\u0101s Att\u012bst\u012bba<\/p>\n<p>Latvijas Radio fonot\u0113ka, kur\u0101 glab\u0101jas t\u016bksto\u0161iem ierakstu len\u0161u, ska\u0146u plati\u0161u, kompaktdisku un digit\u0101lo failu veid\u0101, ir liel\u0101k\u0101 ska\u0146u ierakstu kr\u0101tuve Latvij\u0101. T\u0101 sniedz unik\u0101lu iesp\u0113ju izsekot tautas v\u0113stures un kult\u016bras att\u012bst\u012bbas l\u012bklo\u010diem, saglab\u0101jot balsis un ska\u0146darbus gan no pag\u0101tnes, gan m\u016bsdien\u0101m. Lai gan m\u016bsdien\u0101s tiek invest\u0113ts infrastrukt\u016bras moderniz\u0101cij\u0101 un studiju rekonstrukcij\u0101, lai atbilstu m\u016bsdienu mediju standartiem, pag\u0101tnes finansi\u0101lie izaicin\u0101jumi joproj\u0101m atg\u0101dina par nepiecie\u0161am\u012bbu nov\u0113rt\u0113t un atbalst\u012bt \u0161o kult\u016bras mantojumu.<\/p>\n","protected":false},"excerpt":{"rendered":"Latvijas Radio Fondu Bag\u0101t\u012bbas Un Ierakstu Tap\u0161anas Sare\u017e\u0123\u012bjumi Latvijas Radio fonot\u0113ka ir patiesi neizm\u0113rojama bag\u0101t\u012bba, ko d\u0113v\u0113 par&hellip;\n","protected":false},"author":2,"featured_media":27934,"comment_status":"","ping_status":"","sticky":false,"template":"","format":"standard","meta":{"footnotes":""},"categories":[5],"tags":[23,28,29,32,33,333,8575,22,1085,30,31,35,39,38,36,37,34,8574,40,8576,20,26,27,24,25,21],"class_list":{"0":"post-27933","1":"post","2":"type-post","3":"status-publish","4":"format-standard","5":"has-post-thumbnail","7":"category-aktualitates","8":"tag-aktualitates","9":"tag-breaking-news","10":"tag-breakingnews","11":"tag-featured-news","12":"tag-featurednews","13":"tag-finansejums","14":"tag-fonoteka","15":"tag-headlines","16":"tag-kulturas-mantojums","17":"tag-latest-news","18":"tag-latestnews","19":"tag-latvia","20":"tag-latvian","21":"tag-latviesu","22":"tag-latviesu-valoda","23":"tag-latviesuvaloda","24":"tag-latvija","25":"tag-latvijas-radio","26":"tag-lv","27":"tag-muzikas-ieraksti","28":"tag-news","29":"tag-popularakas-zinas","30":"tag-popularakaszinas","31":"tag-top-stories","32":"tag-topstories","33":"tag-zinas"},"share_on_mastodon":{"url":"","error":""},"_links":{"self":[{"href":"https:\/\/www.europesays.com\/lv\/wp-json\/wp\/v2\/posts\/27933","targetHints":{"allow":["GET"]}}],"collection":[{"href":"https:\/\/www.europesays.com\/lv\/wp-json\/wp\/v2\/posts"}],"about":[{"href":"https:\/\/www.europesays.com\/lv\/wp-json\/wp\/v2\/types\/post"}],"author":[{"embeddable":true,"href":"https:\/\/www.europesays.com\/lv\/wp-json\/wp\/v2\/users\/2"}],"replies":[{"embeddable":true,"href":"https:\/\/www.europesays.com\/lv\/wp-json\/wp\/v2\/comments?post=27933"}],"version-history":[{"count":0,"href":"https:\/\/www.europesays.com\/lv\/wp-json\/wp\/v2\/posts\/27933\/revisions"}],"wp:featuredmedia":[{"embeddable":true,"href":"https:\/\/www.europesays.com\/lv\/wp-json\/wp\/v2\/media\/27934"}],"wp:attachment":[{"href":"https:\/\/www.europesays.com\/lv\/wp-json\/wp\/v2\/media?parent=27933"}],"wp:term":[{"taxonomy":"category","embeddable":true,"href":"https:\/\/www.europesays.com\/lv\/wp-json\/wp\/v2\/categories?post=27933"},{"taxonomy":"post_tag","embeddable":true,"href":"https:\/\/www.europesays.com\/lv\/wp-json\/wp\/v2\/tags?post=27933"}],"curies":[{"name":"wp","href":"https:\/\/api.w.org\/{rel}","templated":true}]}}