{"id":27938,"date":"2025-10-22T08:29:07","date_gmt":"2025-10-22T08:29:07","guid":{"rendered":"https:\/\/www.europesays.com\/lv\/27938\/"},"modified":"2025-10-22T08:29:07","modified_gmt":"2025-10-22T08:29:07","slug":"notikums-kas-sagadaja-prieka-bridi-visiem-krievu-propagandistiem","status":"publish","type":"post","link":"https:\/\/www.europesays.com\/lv\/27938\/","title":{"rendered":"Notikums, kas sag\u0101d\u0101ja prieka br\u012bdi visiem krievu propagandistiem"},"content":{"rendered":"<p class=\"descr\">Aizvad\u012bt\u0101s ned\u0113\u013cas liel\u0101kais zaud\u0113t\u0101js ir Ukrainas prezidents Volodimirs Zelenskis un Eiropas &#8220;kara partija&#8221;, to sv\u0113tdienas, 19.oktobra, vakar\u0101 priec\u012bgi skand\u0113ja visi krievu propagandisti.<\/p>\n<p>L\u012bksm\u012bbai ir divi galvenie iemesli &#8211; ASV prezidenta <a href=\"https:\/\/nra.lv\/birka\/donalds-tramps\/\" target=\"_blank\" rel=\"noopener nofollow\">Donalda Trampa<\/a> atteikums nodot Ukrainai t\u0101l\u0101s darb\u012bbas r\u0101diusa ra\u0137etes &#8220;Tomahawk&#8221; un Trampa un Krievijas diktatora Putina tik\u0161an\u0101s vietas izv\u0113le &#8211; Budape\u0161ta.<\/p>\n<p>Krievi jau piektdien, 17.oktobr\u012b, v\u0113l pirms Trampa tik\u0161an\u0101s ar Zelenski pazi\u0146oja, ka p\u0113c ASV prezidenta un Putina telefonsarunas ir skaidrs, ka nek\u0101da &#8220;<a href=\"https:\/\/nra.lv\/birka\/tomahawk\/\" target=\"_blank\" rel=\"noopener nofollow\">Tomahawk<\/a>&#8221; nodo\u0161ana Ukrainai nenotiks.<\/p>\n<p>Gan <a href=\"https:\/\/nra.lv\/birka\/vladimirs-putins\/\" target=\"_blank\" rel=\"noopener nofollow\">Krem\u013ca diktators<\/a>, gan Krievijas \u0101rlietu ministrs Sergejs Lavrovs visu aizvad\u012bto ned\u0113\u013cu uzsv\u0113ra, ka &#8220;Tomahawk&#8221; visp\u0101r neietekm\u0113s Ukrainas kara gaitu, bet kait\u0113jums Krievijas un ASV attiec\u012bb\u0101m b\u016b\u0161ot milz\u012bgs, un Maskavas atbilde b\u016b\u0161ot \u013coti p\u0101rliecino\u0161a un Va\u0161ingtonai s\u0101p\u012bga.<\/p>\n<p><a href=\"https:\/\/nra.lv\/birka\/sergejs-lavrovs\/\" target=\"_blank\" rel=\"noopener nofollow\">Lavrovs<\/a>, izdarot spiedienu, nor\u0101d\u012bja, ka &#8220;Tomahawk&#8221; nodo\u0161anas gad\u012bjum\u0101 Va\u0161ingtona b\u016b\u0161ot tie\u0161i iesaist\u012bjusies kar\u0101. Jo palaist un not\u0113m\u0113t sp\u0101rnot\u0101s ra\u0137etes protot tikai amerik\u0101\u0146i. Vienlaikus ministrs apgalvoja, ka Ankorid\u017eas [pils\u0113ta A\u013cask\u0101, kur notika Trampa un Putina pirm\u0101 tik\u0161an\u0101s] gars nav sevi izsm\u0113lis, bet Tramps atrodas kara kurin\u0101t\u0101ju ietekm\u0113, kas grib vi\u0146u &#8220;novest no \u012bsten\u0101 ce\u013ca&#8221;.<\/p>\n<p>Diem\u017e\u0113l Trampa atteikums <a href=\"https:\/\/nra.lv\/birka\/volodimirs-zelenskis\/\" target=\"_blank\" rel=\"noopener nofollow\">Zelenskim<\/a> un v\u0113l\u0101kais spiediens atteikties no Donbasa ir v\u0113rt\u0113jams k\u0101 spo\u017es Krem\u013ca diplom\u0101tijas pan\u0101kums.<\/p>\n<p>L\u012bdztekus krievi izsm\u0113ja Zelenska viz\u012bti ASV, pazi\u0146ojot, ka vi\u0146\u0161 uz turieni dev\u0101s &#8220;cer\u012bbu sp\u0101rnots, bet atgriez\u0101s piln\u012bb\u0101 sakauts&#8221;. <a href=\"https:\/\/nra.lv\/birka\/kremla-propagandisti\/\" target=\"_blank\" rel=\"noopener nofollow\">Propagandisti<\/a> ironiz\u0113ja, ka Tramps Zelenskim atv\u0113l\u0113ja \u013coti maz laika jo 17.oktobra vakar\u0101 v\u0113l\u0113j\u0101s doties uz savu vasarn\u012bcu sp\u0113l\u0113t golfu un golfa somas krav\u0101\u0161ana Trampam esot daudz svar\u012bg\u0101ka par Zelenski.<\/p>\n<p>Krievi ar\u012b \u013coti priec\u0101jas par <a href=\"https:\/\/nra.lv\/birka\/trampa-un-putina-tiksanas-budapesta\/\" target=\"_blank\" rel=\"noopener nofollow\">Budape\u0161tas<\/a> izv\u0113li Trampa un Putina tik\u0161an\u0101s reizei, jo tas, zinot Orb\u0101na nost\u0101ju, ir pazemojums Eiropai. K\u0101 pazi\u0146oja raid\u012bjuma &#8220;60 min\u016btes&#8221; vad\u012bt\u0101js Jevge\u0146ijs Popovs, izcili ir tas, ka uz Budape\u0161tu &#8220;nevilksies&#8221; eiropie\u0161u &#8220;kara kurin\u0101t\u0101ji&#8221;, jo esot gr\u016bti iedom\u0101ties, ka Urzula fon der Leiena dotos pie Orb\u0101na.<\/p>\n<p>Propagandisti pie\u013c\u0101va iesp\u0113ju, ka Tramps &#8220;aizvilks uz Budape\u0161tu ar\u012b Zelenski&#8221;, ta\u010du tas varot b\u016bt tikai t\u0101p\u0113c, lai ukrainis parakst\u012btu kapitul\u0101ciju.<\/p>\n<p>Uz Krievijas politiku fokus\u0113t\u0101s domn\u012bcas &#8220;R.Politik&#8221; anal\u012bti\u0137is Bal\u0101\u017es Jarabiks nor\u0101da, ka Trampam, Putinam un <a href=\"https:\/\/nra.lv\/birka\/viktors-orbans\/\" target=\"_blank\" rel=\"noopener nofollow\">Orb\u0101nam<\/a> Budape\u0161ta ir \u013coti izdev\u012bga. Tramps atbalsta savu tuv\u0101ko Eiropas sabiedroto, Orb\u0101ns r\u012bko ilgi gaid\u012bto miera samitu, bet Putins simboliski atgrie\u017eas ES p\u0113c 3,5 kara gadiem.<\/p>\n<p>Savuk\u0101rt <a href=\"https:\/\/nra.lv\/birka\/kijiva\/\" target=\"_blank\" rel=\"noopener nofollow\">Kijivai<\/a> un Briselei, k\u0101 uzskata Jarabiks, aina ir dr\u016bm\u0101ka. Ukraina zina, ka &#8220;Tomahawk&#8221; neierad\u012bsies, un ES ir beigusies nauda. Iesald\u0113tie Krievijas akt\u012bvi tagad ir vien\u012bg\u0101 iesp\u0113ja notur\u0113t Ukrainu virs \u016bdens. ASV milit\u0101r\u0101 pal\u012bdz\u012bba n\u0101kamos gadus joproj\u0101m ir neaizst\u0101jama.<\/p>\n<p>&#8220;Zelenskis ir pak\u013cauts milz\u012bgam spiedienam. Krievijai ir milit\u0101ras priek\u0161roc\u012bbas; <a href=\"https:\/\/nra.lv\/birka\/kars-ukraina\/\" target=\"_blank\" rel=\"noopener nofollow\">Ukraina<\/a> saskaras ar pieaugo\u0161u bud\u017eeta defic\u012btu, sar\u016bko\u0161iem popularit\u0101tes reitingiem (Zalu\u017enijs un Budanovs aptauj\u0101s ir vad\u012bb\u0101), pieaugo\u0161u iek\u0161\u0113jo nedro\u0161\u012bbu. Budape\u0161ta 2.0 netiks labi uz\u0146emta pa\u0161u m\u0101j\u0101s,&#8221; v\u0113sta Jarabiks.<\/p>\n<p>P\u0113d\u0113jais ir attiecin\u0101ms uz Ukrainas sabiedr\u012bbas noska\u0146ojumu, kas diezin vai akcept\u0113tu to, ja Zelenskis piekristu krieviem atdot <a href=\"https:\/\/nra.lv\/birka\/okupacija\/\" target=\"_blank\" rel=\"noopener nofollow\">okup\u0113t\u0101s<\/a> Donbasa teritorijas.<\/p>\n<p>P\u0113c Jarabika dom\u0101m, \u012bstais jaut\u0101jums ir par to, vai Budape\u0161ta k\u013c\u016bs par v\u0113l vienu A\u013casku? Proti, par klusu ASV un Krievijas savstarp\u0113ju sapratni un pirmsv\u0113l\u0113\u0161anu posmu Orb\u0101nam, vai ar\u012b t\u0101 faktiski tuvin\u0101s kara beigas. Jebkur\u0101 gad\u012bjum\u0101 ce\u013c\u0161 ved tuv\u0101k kara beig\u0101m, tikai ne saska\u0146\u0101 ar <a href=\"https:\/\/nra.lv\/birka\/eiropas-savieniba\/\" target=\"_blank\" rel=\"noopener nofollow\">ES noteikumiem<\/a>.<\/p>\n<p>\t\t\t\t\t\tinfo<\/p>\n<p>Uzzini pirmais<br \/>kas interesants noticis Latvij\u0101 un pasaul\u0113,<br \/>pievienojoties mums <a href=\"https:\/\/t.me\/neatkariga\" rel=\"nofollow\">Telegram<\/a> vai <a href=\"https:\/\/whatsapp.com\/channel\/0029VaMLFUH5K3zLU5s4wm3y\" rel=\"nofollow noopener\" target=\"_blank\">Whatsapp<\/a> kan\u0101l\u0101<\/p>\n","protected":false},"excerpt":{"rendered":"Aizvad\u012bt\u0101s ned\u0113\u013cas liel\u0101kais zaud\u0113t\u0101js ir Ukrainas prezidents Volodimirs Zelenskis un Eiropas &#8220;kara partija&#8221;, to sv\u0113tdienas, 19.oktobra, vakar\u0101 priec\u012bgi&hellip;\n","protected":false},"author":2,"featured_media":27939,"comment_status":"","ping_status":"","sticky":false,"template":"","format":"standard","meta":{"footnotes":""},"categories":[14],"tags":[23,57,28,29,32,33,22,30,31,35,39,38,36,37,34,40,20,26,27,24,25,54,55,56,21,58],"class_list":{"0":"post-27938","1":"post","2":"type-post","3":"status-publish","4":"format-standard","5":"has-post-thumbnail","7":"category-zinas-no-arvalstim","8":"tag-aktualitates","9":"tag-arvalstim","10":"tag-breaking-news","11":"tag-breakingnews","12":"tag-featured-news","13":"tag-featurednews","14":"tag-headlines","15":"tag-latest-news","16":"tag-latestnews","17":"tag-latvia","18":"tag-latvian","19":"tag-latviesu","20":"tag-latviesu-valoda","21":"tag-latviesuvaloda","22":"tag-latvija","23":"tag-lv","24":"tag-news","25":"tag-popularakas-zinas","26":"tag-popularakaszinas","27":"tag-top-stories","28":"tag-topstories","29":"tag-world","30":"tag-world-news","31":"tag-worldnews","32":"tag-zinas","33":"tag-zinas-no-arvalstim"},"share_on_mastodon":{"url":"","error":""},"_links":{"self":[{"href":"https:\/\/www.europesays.com\/lv\/wp-json\/wp\/v2\/posts\/27938","targetHints":{"allow":["GET"]}}],"collection":[{"href":"https:\/\/www.europesays.com\/lv\/wp-json\/wp\/v2\/posts"}],"about":[{"href":"https:\/\/www.europesays.com\/lv\/wp-json\/wp\/v2\/types\/post"}],"author":[{"embeddable":true,"href":"https:\/\/www.europesays.com\/lv\/wp-json\/wp\/v2\/users\/2"}],"replies":[{"embeddable":true,"href":"https:\/\/www.europesays.com\/lv\/wp-json\/wp\/v2\/comments?post=27938"}],"version-history":[{"count":0,"href":"https:\/\/www.europesays.com\/lv\/wp-json\/wp\/v2\/posts\/27938\/revisions"}],"wp:featuredmedia":[{"embeddable":true,"href":"https:\/\/www.europesays.com\/lv\/wp-json\/wp\/v2\/media\/27939"}],"wp:attachment":[{"href":"https:\/\/www.europesays.com\/lv\/wp-json\/wp\/v2\/media?parent=27938"}],"wp:term":[{"taxonomy":"category","embeddable":true,"href":"https:\/\/www.europesays.com\/lv\/wp-json\/wp\/v2\/categories?post=27938"},{"taxonomy":"post_tag","embeddable":true,"href":"https:\/\/www.europesays.com\/lv\/wp-json\/wp\/v2\/tags?post=27938"}],"curies":[{"name":"wp","href":"https:\/\/api.w.org\/{rel}","templated":true}]}}