{"id":27946,"date":"2025-10-22T08:35:07","date_gmt":"2025-10-22T08:35:07","guid":{"rendered":"https:\/\/www.europesays.com\/lv\/27946\/"},"modified":"2025-10-22T08:35:07","modified_gmt":"2025-10-22T08:35:07","slug":"tramps-liedzas-bet-kijiva-atklaj-ka-vins-mudinajis-zelenski-atteikties-no-donbasa","status":"publish","type":"post","link":"https:\/\/www.europesays.com\/lv\/27946\/","title":{"rendered":"Tramps liedzas, bet Kijiva atkl\u0101j, ka vi\u0146\u0161 mudin\u0101jis Zelenski atteikties no Donbasa"},"content":{"rendered":"<p>Noskaties: \u201cTomahawk\u201d, apst\u0101\u0161an\u0101s pie frontes l\u012bnijas \u2013 galvenie v\u0113st\u012bjumi p\u0113c Trampa un Zelenska tik\u0161an\u0101s<\/p>\n<p>Uz jaut\u0101jumu, vai Tramps mudin\u0101jis Zelenski atvilkt karasp\u0113ku no teritorij\u0101m, ko joproj\u0101m kontrol\u0113 Kijiva, kas ir viena no galvenaj\u0101m Krievijas diktatora Vladimira Putina pras\u012bb\u0101m, Ukrainas amatpersona atbild\u0113ja: \u201cJ\u0101, t\u0101 ir taisn\u012bba.\u201d<\/p>\n<p>Tramps gan v\u0113l\u0101k liedz\u0101s, ka <a href=\"https:\/\/tv3.lv\/zinas\/latvija\/tramps-skaidrojas-ka-neesot-spiedis-zelenski-piekrist-atdot-visu-donbasu-agresorvalstij-krievijai\/\" rel=\"nofollow noopener\" target=\"_blank\">b\u016btu spiedis Zelenski piekrist atdot visu Donbasu<\/a> agresorvalstij Krievijai.<\/p>\n<p>P\u0113c tik\u0161an\u0101s ar Zelenski Tramps soci\u0101lajos medijos pauda, ka vi\u0146u sarunas biju\u0161as \u201c\u013coti interesantas un sirsn\u012bgas, bet es vi\u0146am teicu, t\u0101pat k\u0101 stingri ieteicu prezidentam Putinam, ka ir pien\u0101cis laiks p\u0101rtraukt slepkavo\u0161anu un nosl\u0113gt vieno\u0161anos\u201d.<\/p>\n<p>Tramps sol\u012bja izbeigt tr\u012bsarpus gadus ilgu\u0161o Krievijas iebrukumu \u201c24 stundu laik\u0101\u201d p\u0113c savas inaugur\u0101cijas janv\u0101r\u012b, ta\u010du vi\u0146am nav izdevies pan\u0101kt no Putina nek\u0101du piek\u0101p\u0161anos.<\/p>\n<p>Trampa nost\u0101ja attiec\u012bb\u0101 uz karu ir vair\u0101kk\u0101rt main\u012bjusies p\u0113c sarun\u0101m gan ar Putinu, gan ar Zelenski.<\/p>\n<p>Mediji p\u0113c ASV un Krievijas A\u013caskas samita august\u0101 v\u0113st\u012bja, ka Putins pied\u0101v\u0101jis iesald\u0113t fronti Hersonas un Zapori\u017ejas apgabalos, ja Ukraina atvelk karasp\u0113ku no Doneckas apgabala.<\/p>\n<p class=\"tv3-fw-500\">Zi\u0146o par k\u013c\u016bdu rakst\u0101<\/p>\n<p class=\"d-md-block d-none\">Iez\u012bm\u0113 k\u013c\u016bdaino tekstu un spied Ctrl+Enter.<\/p>\n<p class=\"d-md-none d-block\">Iez\u012bm\u0113 k\u013c\u016bdaino tekstu un zi\u0146o par to!<\/p>\n","protected":false},"excerpt":{"rendered":"Noskaties: \u201cTomahawk\u201d, apst\u0101\u0161an\u0101s pie frontes l\u012bnijas \u2013 galvenie v\u0113st\u012bjumi p\u0113c Trampa un Zelenska tik\u0161an\u0101s Uz jaut\u0101jumu, vai Tramps&hellip;\n","protected":false},"author":2,"featured_media":27947,"comment_status":"","ping_status":"","sticky":false,"template":"","format":"standard","meta":{"footnotes":""},"categories":[14],"tags":[23,57,28,29,2519,32,33,22,30,31,35,39,38,36,37,34,40,20,26,27,24,25,54,55,56,21,58],"class_list":{"0":"post-27946","1":"post","2":"type-post","3":"status-publish","4":"format-standard","5":"has-post-thumbnail","7":"category-zinas-no-arvalstim","8":"tag-aktualitates","9":"tag-arvalstim","10":"tag-breaking-news","11":"tag-breakingnews","12":"tag-donalds-trampskars-ukrainavolodimirs-zelenskis","13":"tag-featured-news","14":"tag-featurednews","15":"tag-headlines","16":"tag-latest-news","17":"tag-latestnews","18":"tag-latvia","19":"tag-latvian","20":"tag-latviesu","21":"tag-latviesu-valoda","22":"tag-latviesuvaloda","23":"tag-latvija","24":"tag-lv","25":"tag-news","26":"tag-popularakas-zinas","27":"tag-popularakaszinas","28":"tag-top-stories","29":"tag-topstories","30":"tag-world","31":"tag-world-news","32":"tag-worldnews","33":"tag-zinas","34":"tag-zinas-no-arvalstim"},"share_on_mastodon":{"url":"","error":""},"_links":{"self":[{"href":"https:\/\/www.europesays.com\/lv\/wp-json\/wp\/v2\/posts\/27946","targetHints":{"allow":["GET"]}}],"collection":[{"href":"https:\/\/www.europesays.com\/lv\/wp-json\/wp\/v2\/posts"}],"about":[{"href":"https:\/\/www.europesays.com\/lv\/wp-json\/wp\/v2\/types\/post"}],"author":[{"embeddable":true,"href":"https:\/\/www.europesays.com\/lv\/wp-json\/wp\/v2\/users\/2"}],"replies":[{"embeddable":true,"href":"https:\/\/www.europesays.com\/lv\/wp-json\/wp\/v2\/comments?post=27946"}],"version-history":[{"count":0,"href":"https:\/\/www.europesays.com\/lv\/wp-json\/wp\/v2\/posts\/27946\/revisions"}],"wp:featuredmedia":[{"embeddable":true,"href":"https:\/\/www.europesays.com\/lv\/wp-json\/wp\/v2\/media\/27947"}],"wp:attachment":[{"href":"https:\/\/www.europesays.com\/lv\/wp-json\/wp\/v2\/media?parent=27946"}],"wp:term":[{"taxonomy":"category","embeddable":true,"href":"https:\/\/www.europesays.com\/lv\/wp-json\/wp\/v2\/categories?post=27946"},{"taxonomy":"post_tag","embeddable":true,"href":"https:\/\/www.europesays.com\/lv\/wp-json\/wp\/v2\/tags?post=27946"}],"curies":[{"name":"wp","href":"https:\/\/api.w.org\/{rel}","templated":true}]}}