{"id":27950,"date":"2025-10-22T08:37:06","date_gmt":"2025-10-22T08:37:06","guid":{"rendered":"https:\/\/www.europesays.com\/lv\/27950\/"},"modified":"2025-10-22T08:37:06","modified_gmt":"2025-10-22T08:37:06","slug":"izstasanas-no-stambulas-konvencijas-saistibas-daudz-nemazinatu-uzsver-tiesnese","status":"publish","type":"post","link":"https:\/\/www.europesays.com\/lv\/27950\/","title":{"rendered":"Izst\u0101\u0161an\u0101s no Stambulas konvencijas saist\u012bbas daudz nemazin\u0101tu, uzsver tiesnese"},"content":{"rendered":"<p>Neatkar\u012bgi no t\u0101, vai Latvija b\u016bs vai neb\u016bs denons\u0113jusi Stambulas konvenciju, ES ties\u012bb\u0101s t\u0101 saglab\u0101jas un Latvijai savas no ES ties\u012bb\u0101m izrieto\u0161\u0101s saist\u012bbas t\u0101pat b\u016bt j\u0101pilda, vi\u0146a uzsv\u0113ra.<\/p>\n<p>&#8220;L\u012bdz ar to uz to dr\u012bz\u0101k skat\u012bsies k\u0101 uz politisk\u0101s gribas tr\u016bkumu. Tas var veidot noteiktu negat\u012bvu prezumpciju pret Latviju, bet no t\u0101 saist\u012bbas daudz nemazin\u0101sies,&#8221; nor\u0101d\u012bja Reine.<\/p>\n<p>Tiesnese paskaidroja, ka jebk\u0101d\u0101s individu\u0101laj\u0101s s\u016bdz\u012bb\u0101s tas noteikti rad\u012bs negat\u012bvu prezumpciju.<\/p>\n<p>Savuk\u0101rt starptautiskaj\u0101 l\u012bmen\u012b tas var negat\u012bvi ietekm\u0113t starpvalstu sadarb\u012bbu, vi\u0146a prognoz\u0113ja. &#8220;Ja neesam da\u013ca no \u0161\u012b instrumenta, tad tas rad\u012bs negat\u012bvu prezumpciju cit\u0101s valst\u012bs, kad vajadz\u0113s str\u0101d\u0101t ar Latvijas pie\u0146emtajiem l\u0113mumiem, tiesisk\u0101s pal\u012bdz\u012bbas l\u016bgumiem, nerun\u0101jot jau par Latvijas amb\u012bcij\u0101m starptautiskaj\u0101 l\u012bmen\u012b,&#8221; prognoz\u0113ja tiesnese.<\/p>\n<p>Vaic\u0101ta, vai izst\u0101\u0161an\u0101s var\u0113tu s\u016bt\u012bt sign\u0101lu, ka Latvija ap\u0161auba starptautisk\u0101s ties\u012bbas, vi\u0146a atzina, ka t\u0101 var b\u016bt.<\/p>\n<p>K\u0101 v\u0113st\u012bts, Saeimas deput\u0101tu vair\u0101kums aizvad\u012btaj\u0101 ceturtdien\u0101 atbalst\u012bja Nacion\u0101l\u0101s apvien\u012bbas (NA), Za\u013co un zemnieku savien\u012bbas (ZZS), &#8220;Apvienot\u0101 saraksta&#8221; (AS) deput\u0101tu sagatavoto deklar\u0101ciju, kuru t\u0101s pasniedz k\u0101 &#8220;alternat\u012bvu Stambulas konvencijai&#8221;, kuru savuk\u0101rt \u0161\u012bs partijas gras\u0101s denons\u0113t.<\/p>\n","protected":false},"excerpt":{"rendered":"Neatkar\u012bgi no t\u0101, vai Latvija b\u016bs vai neb\u016bs denons\u0113jusi Stambulas konvenciju, ES ties\u012bb\u0101s t\u0101 saglab\u0101jas un Latvijai savas&hellip;\n","protected":false},"author":2,"featured_media":27951,"comment_status":"","ping_status":"","sticky":false,"template":"","format":"standard","meta":{"footnotes":""},"categories":[5],"tags":[23,28,29,32,33,22,30,31,35,39,38,36,37,34,40,20,26,27,2023,24,25,21],"class_list":{"0":"post-27950","1":"post","2":"type-post","3":"status-publish","4":"format-standard","5":"has-post-thumbnail","7":"category-aktualitates","8":"tag-aktualitates","9":"tag-breaking-news","10":"tag-breakingnews","11":"tag-featured-news","12":"tag-featurednews","13":"tag-headlines","14":"tag-latest-news","15":"tag-latestnews","16":"tag-latvia","17":"tag-latvian","18":"tag-latviesu","19":"tag-latviesu-valoda","20":"tag-latviesuvaloda","21":"tag-latvija","22":"tag-lv","23":"tag-news","24":"tag-popularakas-zinas","25":"tag-popularakaszinas","26":"tag-stambulas-konvencija","27":"tag-top-stories","28":"tag-topstories","29":"tag-zinas"},"share_on_mastodon":{"url":"","error":""},"_links":{"self":[{"href":"https:\/\/www.europesays.com\/lv\/wp-json\/wp\/v2\/posts\/27950","targetHints":{"allow":["GET"]}}],"collection":[{"href":"https:\/\/www.europesays.com\/lv\/wp-json\/wp\/v2\/posts"}],"about":[{"href":"https:\/\/www.europesays.com\/lv\/wp-json\/wp\/v2\/types\/post"}],"author":[{"embeddable":true,"href":"https:\/\/www.europesays.com\/lv\/wp-json\/wp\/v2\/users\/2"}],"replies":[{"embeddable":true,"href":"https:\/\/www.europesays.com\/lv\/wp-json\/wp\/v2\/comments?post=27950"}],"version-history":[{"count":0,"href":"https:\/\/www.europesays.com\/lv\/wp-json\/wp\/v2\/posts\/27950\/revisions"}],"wp:featuredmedia":[{"embeddable":true,"href":"https:\/\/www.europesays.com\/lv\/wp-json\/wp\/v2\/media\/27951"}],"wp:attachment":[{"href":"https:\/\/www.europesays.com\/lv\/wp-json\/wp\/v2\/media?parent=27950"}],"wp:term":[{"taxonomy":"category","embeddable":true,"href":"https:\/\/www.europesays.com\/lv\/wp-json\/wp\/v2\/categories?post=27950"},{"taxonomy":"post_tag","embeddable":true,"href":"https:\/\/www.europesays.com\/lv\/wp-json\/wp\/v2\/tags?post=27950"}],"curies":[{"name":"wp","href":"https:\/\/api.w.org\/{rel}","templated":true}]}}