{"id":279644,"date":"2026-08-28T15:36:16","date_gmt":"2026-08-28T15:36:16","guid":{"rendered":"https:\/\/www.europesays.com\/lv\/279644\/"},"modified":"2026-08-28T15:36:16","modified_gmt":"2026-08-28T15:36:16","slug":"vetras-radita-piesarnojuma-del-aizliegts-peldeties-atseviskas-peldvietas-riga-un-citviet-latvija","status":"publish","type":"post","link":"https:\/\/www.europesays.com\/lv\/279644\/","title":{"rendered":"V\u0113tras rad\u012bt\u0101 pies\u0101r\u0146ojuma d\u0113\u013c aizliegts peld\u0113ties atsevi\u0161\u0137\u0101s peldviet\u0101s R\u012bg\u0101 un citviet Latvij\u0101"},"content":{"rendered":"<p>Ieteikums nepeld\u0113ties galvenok\u0101rt attiecas uz jut\u012bgaj\u0101m iedz\u012bvot\u0101ju grup\u0101m &#8211; maziem b\u0113rniem, vec\u0101kiem cilv\u0113kiem un cilv\u0113kiem ar hronisk\u0101m slim\u012bb\u0101m, kuru im\u016bnsist\u0113ma ir nov\u0101jin\u0101ta. Inform\u0101cija par ierobe\u017eojumiem peldvietu apsaimniekot\u0101jiem j\u0101izvieto attiec\u012bgo peldvietu informat\u012bvajos stendos pludmal\u0113.<\/p>\n<p>Atk\u0101rtoti peld\u016bdens paraugi min\u0113taj\u0101s peldviet\u0101s tiks pa\u0146emti 28. august\u0101, un anal\u012b\u017eu rezult\u0101ti b\u016bs zin\u0101mi n\u0101kam\u0101s ned\u0113\u013cas s\u0101kum\u0101.<\/p>\n<p>Laboratorij\u0101 tiek noteikta zarnu n\u016bji\u0146u (E. coli) un zarnu enterokoku koncentr\u0101cija \u016bden\u012b. \u0160ie r\u0101d\u012bt\u0101ji kalpo par indikatoriem iesp\u0113jam\u0101 fek\u0101l\u0101 pies\u0101r\u0146ojuma atkl\u0101\u0161anai un var liecin\u0101t par slim\u012bbas izraiso\u0161u patog\u0113no bakt\u0113riju un v\u012brusu kl\u0101tb\u016btni peld\u016bden\u012b.<\/p>\n<p>Ofici\u0101lo peldvietu \u016bdens kvalit\u0101ti peldsezon\u0101 laboratoriski un vizu\u0101li p\u0101rbauda reizi m\u0113nes\u012b. Ofici\u0101l\u0101 peldsezona Latvij\u0101 ilgst no 15. maija l\u012bdz 15. septembrim.<\/p>\n<p>\u0160oned\u0113\u013c ofici\u0101lo peldvietu \u016bdens paraugi tika \u0146emti p\u0113d\u0113jo reizi \u0161\u012b gada peldsezon\u0101. N\u0101kamreiz peld\u016bdens paraugi mikrobiolo\u0123iskajiem izmekl\u0113jumiem ofici\u0101laj\u0101s iek\u0161zemes un j\u016bras peldviet\u0101s tiks iev\u0101kti 2027. gada maij\u0101 pirms peldsezonas s\u0101kuma.<\/p>\n<p>Jau zi\u0146ots, ka sestdien, 22. august\u0101, un tai sekoju\u0161aj\u0101 nakt\u012b Latvij\u0101 plos\u012bj\u0101s p\u0113d\u0113j\u0101s desmitgad\u0113s stipr\u0101k\u0101 vasaras v\u0113tra, kur\u0101 v\u0113ja \u0101trums viet\u0101m p\u0101rsniedza 30 metrus sekund\u0113. Negaiss izrais\u012bja pla\u0161us boj\u0101jumus gan sadales, gan p\u0101rvades elektrot\u012bkl\u0101, kuru rezult\u0101t\u0101 s\u0101kotn\u0113ji elektroapg\u0101de bija p\u0101rtraukta aptuveni 277 000 klientu Latvij\u0101, bet elektrot\u012bklu p\u0101rr\u0101vumiem daudzviet sekoja nepieejami sakari, degvielas uzpildes stacijas un viet\u0101m ar\u012b veikali.<\/p>\n","protected":false},"excerpt":{"rendered":"Ieteikums nepeld\u0113ties galvenok\u0101rt attiecas uz jut\u012bgaj\u0101m iedz\u012bvot\u0101ju grup\u0101m &#8211; maziem b\u0113rniem, vec\u0101kiem cilv\u0113kiem un cilv\u0113kiem ar hronisk\u0101m slim\u012bb\u0101m,&hellip;\n","protected":false},"author":2,"featured_media":279645,"comment_status":"","ping_status":"","sticky":false,"template":"","format":"standard","meta":{"footnotes":"","_share_on_mastodon":"0"},"categories":[5],"tags":[23,28,29,32,33,22,30,31,35,39,38,36,37,34,40,20,7037,26,27,172,24,25,21],"class_list":["post-279644","post","type-post","status-publish","format-standard","has-post-thumbnail","category-aktualitates","tag-aktualitates","tag-breaking-news","tag-breakingnews","tag-featured-news","tag-featurednews","tag-headlines","tag-latest-news","tag-latestnews","tag-latvia","tag-latvian","tag-latviesu","tag-latviesu-valoda","tag-latviesuvaloda","tag-latvija","tag-lv","tag-news","tag-peldesana","tag-popularakas-zinas","tag-popularakaszinas","tag-riga","tag-top-stories","tag-topstories","tag-zinas"],"share_on_mastodon":{"url":"https:\/\/pubeurope.com\/@lv\/117173877725030338","error":""},"_links":{"self":[{"href":"https:\/\/www.europesays.com\/lv\/wp-json\/wp\/v2\/posts\/279644","targetHints":{"allow":["GET"]}}],"collection":[{"href":"https:\/\/www.europesays.com\/lv\/wp-json\/wp\/v2\/posts"}],"about":[{"href":"https:\/\/www.europesays.com\/lv\/wp-json\/wp\/v2\/types\/post"}],"author":[{"embeddable":true,"href":"https:\/\/www.europesays.com\/lv\/wp-json\/wp\/v2\/users\/2"}],"replies":[{"embeddable":true,"href":"https:\/\/www.europesays.com\/lv\/wp-json\/wp\/v2\/comments?post=279644"}],"version-history":[{"count":0,"href":"https:\/\/www.europesays.com\/lv\/wp-json\/wp\/v2\/posts\/279644\/revisions"}],"wp:featuredmedia":[{"embeddable":true,"href":"https:\/\/www.europesays.com\/lv\/wp-json\/wp\/v2\/media\/279645"}],"wp:attachment":[{"href":"https:\/\/www.europesays.com\/lv\/wp-json\/wp\/v2\/media?parent=279644"}],"wp:term":[{"taxonomy":"category","embeddable":true,"href":"https:\/\/www.europesays.com\/lv\/wp-json\/wp\/v2\/categories?post=279644"},{"taxonomy":"post_tag","embeddable":true,"href":"https:\/\/www.europesays.com\/lv\/wp-json\/wp\/v2\/tags?post=279644"}],"curies":[{"name":"wp","href":"https:\/\/api.w.org\/{rel}","templated":true}]}}