{"id":27970,"date":"2025-10-22T08:55:12","date_gmt":"2025-10-22T08:55:12","guid":{"rendered":"https:\/\/www.europesays.com\/lv\/27970\/"},"modified":"2025-10-22T08:55:12","modified_gmt":"2025-10-22T08:55:12","slug":"ukraina-isteno-kombinetu-uzbrukumu-brjanskas-kimiskajai-rupnicai-krievija-tv3-lv","status":"publish","type":"post","link":"https:\/\/www.europesays.com\/lv\/27970\/","title":{"rendered":"Ukraina \u012bsteno kombin\u0113tu uzbrukumu Brjanskas \u0137\u012bmiskajai r\u016bpn\u012bcai Krievij\u0101 &#8211; tv3.lv"},"content":{"rendered":"<ol>\n<li><a href=\"https:\/\/news.google.com\/rss\/articles\/CBMirAFBVV95cUxNOG1uWkY2ckVYMnNfVkNNYnZQejFUMHRJYmRQOV9FLUE1YmlKV3VxZGxZZzB0bUFpREVrcEo4SXVCdGtITG5wemxFRUh1bkZLYTNqZDVCNUpJaXliS0VFeEpHaVdtMWJaUTV3Z09IaFk0dHVqTWNvLWRidk5yYjJLLUZMTlJFR1dRUDJBdXZfbUYyODRpa3NjZk5qU3ZndFNjNnBwWldjOUV2TU9Z?oc=5\" target=\"_blank\" rel=\"nofollow noopener\">Ukraina \u012bsteno kombin\u0113tu uzbrukumu Brjanskas \u0137\u012bmiskajai r\u016bpn\u012bcai Krievij\u0101<\/a>&nbsp;&nbsp;tv3.lv<\/li>\n<li><a href=\"https:\/\/news.google.com\/rss\/articles\/CBMi4AFBVV95cUxNaEhrbVN3OWI3VUxpd0YxZ2JJSGJsTkdnc0dnMlVEc1JoNHRURVZqVmR3cHJ1ZDJzU1Q2bW1pYTMtWTN0RVpaV1VrWmFlTUNNLUJ2RTlVYkc5ajJES0pZLXJmTVZFRjEyd2VVTldUY01ISDhZZmowLXFfNktLeFZjTFZTSjdIeDZCdkVUdXJham5fMG8yVnpCTEVPWl93VzBtQWRtZW1kZzZLMGJnYUE4R0s1a1FCdl80X1ZfTDhaRXZWdE1vU2EzRnM0a1R0Ti10cVU4bTlYbXIwYlhqU3R6UA?oc=5\" target=\"_blank\" rel=\"nofollow noopener\">Lietuv\u0101 notriekti 12 Baltkrievijas meteorolo\u0123iskie baloni; Vi\u013c\u0146as lidosta ats\u0101kusi darbu \/ Raksts<\/a>&nbsp;&nbsp;LSM<\/li>\n<li><a href=\"https:\/\/news.google.com\/rss\/articles\/CBMiowFBVV95cUxPUk9aR1BlNnNmQWdDTGl4WEhVRVRjTHl3QnJPNk9HNnRUMU1SdWNWT0J5c2RuSUdWNjE4ZW9PcEk2YzdZaHI5aXdONnU1Y3d2dTNyYm1Dck5TVnBIVWxKb2lEVUVIM09wcVBoQTVjTHZ4RWFJVUhmX0JUNUJDdkpralMybW5NNEM4SWF1Q1VoeVdPQlNoRW40QldFV05MQ1R3VUlr?oc=5\" target=\"_blank\" rel=\"nofollow noopener\">Tramps \u201ciedod kurv\u012bti\u201d Putinam \u2013 pl\u0101not\u0101 tik\u0161an\u0101s tuv\u0101kaj\u0101 laik\u0101 nenotiks<\/a>&nbsp;&nbsp;tv3.lv<\/li>\n<li><a href=\"https:\/\/news.google.com\/rss\/articles\/CBMitAFBVV95cUxOTGpNVlJNeEZCdFlGZ2VXaFQ0aVJ5SGxDa21sb2FSc0ZvSll4Ny1EZHpuN3duT0ZkNjFnNkl6Y0NtX0FEQ0l5Y3R3dkFzRHUxN3RuRXMzTmJxX1h2OHFtSEdoajhwempDZDFZQXdRY1FLTGd3aUJKanV0X2Ytam9NMmcyNFZYaGZRZ09lUHgyRmZ3UnBFUW9MZU5lMl85SEtrVHdYemhUQ05NMHZSZkNjcEZzVWs?oc=5\" target=\"_blank\" rel=\"nofollow noopener\">Baltkrievijas kontrabandas balonu incidents Lietuv\u0101: sl\u0113gta lidosta, vair\u0101ki aiztur\u0113tie<\/a>&nbsp;&nbsp;TVNET<\/li>\n<li><a href=\"https:\/\/news.google.com\/rss\/articles\/CBMiS0FVX3lxTE9RUGM0VDNNZWcxUGszQW9laVpiSkVQQVBIczZxVlgzNEFMMzZSMVVvYUZYdU9rMVJNWWVZSmIwT0YzZVR1VmR0RzhVTQ?oc=5\" target=\"_blank\" rel=\"nofollow noopener\">Nezin\u0101ms objekts virs Vi\u013c\u0146as lidostas piespie\u017e main\u012bt 30 lidma\u0161\u012bnu mar\u0161rutus<\/a>&nbsp;&nbsp;travelnews.lv<\/li>\n<\/ol>\n","protected":false},"excerpt":{"rendered":"Ukraina \u012bsteno kombin\u0113tu uzbrukumu Brjanskas \u0137\u012bmiskajai r\u016bpn\u012bcai Krievij\u0101&nbsp;&nbsp;tv3.lv Lietuv\u0101 notriekti 12 Baltkrievijas meteorolo\u0123iskie baloni; Vi\u013c\u0146as lidosta ats\u0101kusi darbu&hellip;\n","protected":false},"author":2,"featured_media":27971,"comment_status":"","ping_status":"","sticky":false,"template":"","format":"standard","meta":{"footnotes":""},"categories":[5],"tags":[23,28,29,32,33,22,8597,30,31,35,39,38,36,37,34,40,20,26,27,24,25,21],"class_list":{"0":"post-27970","1":"post","2":"type-post","3":"status-publish","4":"format-standard","5":"has-post-thumbnail","7":"category-aktualitates","8":"tag-aktualitates","9":"tag-breaking-news","10":"tag-breakingnews","11":"tag-featured-news","12":"tag-featurednews","13":"tag-headlines","14":"tag-kars-ukrainakrievijas-agresijakrievijas-iebrukums-ukraina","15":"tag-latest-news","16":"tag-latestnews","17":"tag-latvia","18":"tag-latvian","19":"tag-latviesu","20":"tag-latviesu-valoda","21":"tag-latviesuvaloda","22":"tag-latvija","23":"tag-lv","24":"tag-news","25":"tag-popularakas-zinas","26":"tag-popularakaszinas","27":"tag-top-stories","28":"tag-topstories","29":"tag-zinas"},"share_on_mastodon":{"url":"","error":""},"_links":{"self":[{"href":"https:\/\/www.europesays.com\/lv\/wp-json\/wp\/v2\/posts\/27970","targetHints":{"allow":["GET"]}}],"collection":[{"href":"https:\/\/www.europesays.com\/lv\/wp-json\/wp\/v2\/posts"}],"about":[{"href":"https:\/\/www.europesays.com\/lv\/wp-json\/wp\/v2\/types\/post"}],"author":[{"embeddable":true,"href":"https:\/\/www.europesays.com\/lv\/wp-json\/wp\/v2\/users\/2"}],"replies":[{"embeddable":true,"href":"https:\/\/www.europesays.com\/lv\/wp-json\/wp\/v2\/comments?post=27970"}],"version-history":[{"count":0,"href":"https:\/\/www.europesays.com\/lv\/wp-json\/wp\/v2\/posts\/27970\/revisions"}],"wp:featuredmedia":[{"embeddable":true,"href":"https:\/\/www.europesays.com\/lv\/wp-json\/wp\/v2\/media\/27971"}],"wp:attachment":[{"href":"https:\/\/www.europesays.com\/lv\/wp-json\/wp\/v2\/media?parent=27970"}],"wp:term":[{"taxonomy":"category","embeddable":true,"href":"https:\/\/www.europesays.com\/lv\/wp-json\/wp\/v2\/categories?post=27970"},{"taxonomy":"post_tag","embeddable":true,"href":"https:\/\/www.europesays.com\/lv\/wp-json\/wp\/v2\/tags?post=27970"}],"curies":[{"name":"wp","href":"https:\/\/api.w.org\/{rel}","templated":true}]}}