{"id":27984,"date":"2025-10-22T09:05:07","date_gmt":"2025-10-22T09:05:07","guid":{"rendered":"https:\/\/www.europesays.com\/lv\/27984\/"},"modified":"2025-10-22T09:05:07","modified_gmt":"2025-10-22T09:05:07","slug":"ka-kolekcijas-sarga-lietuvas-muzeji","status":"publish","type":"post","link":"https:\/\/www.europesays.com\/lv\/27984\/","title":{"rendered":"k\u0101 kolekcijas sarg\u0101 Lietuvas muzeji &#8211;"},"content":{"rendered":"<p style=\"text-align: justify;\">No Luvras muzeja Par\u012bz\u0113 ned\u0113\u013cas nogal\u0113 tika nozagtas miljoniem eiro v\u0113rtas d\u0101rglietas, un cer\u012bba t\u0101s atg\u016bt neboj\u0101tas sar\u016bk ar katru dienu; Lietuvas muzeju vad\u012bt\u0101ji nor\u0101da, ka tas izgaismo nepiecie\u0161am\u012bbu ieguld\u012bt muzeju dro\u0161\u012bb\u0101.<\/p>\n<p style=\"text-align: justify;\">Lietuvas muzeji dro\u0161\u012bbas apsv\u0113rumu d\u0113\u013c neizpau\u017e, kuras ir to v\u0113rt\u012bg\u0101k\u0101s kolekcijas, bet Leituvas Muzeju savien\u012bbas vad\u012bt\u0101js Marjus Pe\u010dulis (Marius Pe\u010diulis) nor\u0101d\u012bja, ka ieguld\u012bts tiek gan tehnolo\u0123ij\u0101s, gan person\u0101la apm\u0101c\u012bb\u0101s. Vi\u0146\u0161 sac\u012bja, ka visos muzejos bez iz\u0146\u0113muma visu diennakti k\u0101ds de\u017e\u016br\u0113, ir dro\u0161\u012bbas un trauksmes sist\u0113mas, un sensori, kas signaliz\u0113 par logu boj\u0101jumiem. Liel\u0101kiem muzejiem esot nosl\u0113gti l\u012bgumi ar priv\u0101tajiem apsardzes uz\u0146\u0113mumiem.<\/p>\n<p style=\"text-align: justify;\">\u010cur\u013co\u0146a Kau\u0146as Nacion\u0101laj\u0101 m\u0101kslas muzej\u0101 atrodas vair\u0101k nek\u0101 350 000 m\u0101kslas darbu, un t\u0101 direktore Virg\u012bnija Vitkiene (Virginija Vitkien\u0117) sac\u012bja, ka zag\u0161anas m\u0113\u0123in\u0101jumi nav piedz\u012bvoti, tom\u0113r muzejs turpina stiprin\u0101t aizsardz\u012bbu. Pirms liel\u0101kiem pas\u0101kumiem un izst\u0101d\u0113m tiek nol\u012bgts papildus person\u0101ls, un pirms Mikaloja Konstantina \u010cur\u013cona jubilejas gada pas\u0101kumiem septembr\u012b tika p\u0101rskat\u012btas un uzlabotas dro\u0161\u012bbas sist\u0113mas.<\/p>\n<p style=\"text-align: justify;\">Lietuvas Bazn\u012bcas mantojuma muzeja direktore Rita Pau\u013cukevi\u010d\u016bte (Rita Pauliukevi\u010di\u016bt\u0117) pa\u0161laik atrodas Francij\u0101, un nor\u0101d\u012bja, ka fran\u010du kol\u0113\u0123i ir man\u0101mi satraukti \u201cmuzeju z\u0101dz\u012bbu vi\u013c\u0146a\u201d d\u0113\u013c. Vi\u0146a piebilda, ka visvair\u0101k \u0161ok\u0113 tas, ka zag\u013ci v\u0113las ieg\u016bt materi\u0101lus \u2013 sudrabu un zeltu kaus\u0113\u0161anai, un d\u0101rgakme\u0146us, ko atdal\u012bt no rot\u0101m \u2013 nevis m\u0101ksliniecisku vai v\u0113sturisku v\u0113rt\u012bbu.<\/p>\n<p style=\"text-align: justify;\">P\u0113c Pau\u013cukevi\u010d\u016btes teikt\u0101, da\u017ei Francijas muzeji vairs neuzskaita ekspoz\u012bciju vien\u012bbas katalogos.<\/p>\n<blockquote>\n<p style=\"text-align: center;\">Lietuvas muzeji pagaid\u0101m \u0161o praksi nav p\u0101r\u0146\u0113mu\u0161i, bet par kolekciju v\u0113rt\u012bbu tom\u0113r izvair\u0101s izteikties pla\u0161\u0101k.<\/p>\n<\/blockquote>\n<p style=\"text-align: justify;\">Lietuvas Lielk\u0146azistes valdnieku pil\u012b Vi\u013c\u0146\u0101 dro\u0161\u012bbas sist\u0113mas tika uzlabotas 2018.gad\u0101, kad tur izst\u0101d\u012bja vair\u0101k nek\u0101 100 miljonus eiro v\u0113rtos d\u0101rgumus no Dr\u0113zdenes. P\u0113c atgrie\u0161an\u0101s V\u0101cij\u0101 d\u0101rglietas 2020.gad\u0101 nolaup\u012bja. Liel\u0101ko da\u013cu kolekcijas v\u0113l\u0101k izdev\u0101s atg\u016bt. Lielk\u0146azistes valdnieku pils direktors V\u012bds Dolinsks (Vydas Dolinskas) nor\u0101d\u012bja, ka Dr\u0113zden\u0113 dro\u0161\u012bbas sist\u0113m\u0101s bija ieguld\u012bti vair\u0101k nek\u0101 10 miljoni eiro, bet tas noziedzniekus neaizkav\u0113ja, t\u0101d\u0113\u013c muzejiem esot past\u0101v\u012bgi j\u0101iegulda kolekciju aizsardz\u012bb\u0101.<\/p>\n<p style=\"text-align: justify;\">Vi\u013c\u0146as muzejam ir sava iek\u0161\u0113j\u0101 dro\u0161\u012bbas sist\u0113ma, nosl\u0113gts l\u012bgums ar priv\u0101to apsardzes uz\u0146\u0113mumu, un ir ar\u012b tie\u0161\u0101 sazi\u0146a ar policiju.<\/p>\n<p style=\"text-align: justify;\">Lai gan z\u0101dz\u012bbas Lietuvas muzejos ir reta par\u0101d\u012bba, da\u017ek\u0101rt ar t\u0101m n\u0101kas saskarties. Pirms trim gadiem no Lietuvas Br\u012bvdabas muzeja tika nozagti sudraba un dzintara priek\u0161meti.<\/p>\n<p style=\"text-align: justify;\">Liel\u0101k\u0101 z\u0101dz\u012bba notika 2002.gad\u0101, kad noziedznieki no Dzintara muzeja Palang\u0101 nozaga 3,7 kilogramus smagu dzintara gabalu, d\u0113v\u0113tu par Saules akmeni. tas tiek uzskat\u012bts par nacion\u0101lo d\u0101rgumu, un z\u0101dz\u012bbu pla\u0161i atspogu\u013coja mediji. Zag\u013cus notv\u0113ra, kad tie cent\u0101s sa\u0146emt atl\u012bdz\u012bbu pret inform\u0101ciju par Saules akmens atra\u0161an\u0101s vietu.<\/p>\n<p style=\"text-align: justify;\">Visu rakstu ang\u013cu valod\u0101 lasiet \u0161eit: <a href=\"https:\/\/www.lrt.lt\/en\/news-in-english\/19\/2721129\/how-are-lithuanian-museums-protecting-their-collections-from-burglars\" target=\"_blank\" rel=\"noopener nofollow\">https:\/\/www.lrt.lt\/en\/news-in-english\/19\/2721129\/how-are-lithuanian-museums-protecting-their-collections-from-burglars<\/a><\/p>\n<p style=\"text-align: justify;\"><a href=\"https:\/\/bnn.lv\/laupisana-luvra-profesionali-noziedznieki-un-zudusi-dargumi-65012\" target=\"_blank\" rel=\"noopener nofollow\">Lasiet ar\u012b: Laup\u012b\u0161ana Luvr\u0101: profesion\u0101li noziedznieki un zudu\u0161i d\u0101rgumi<\/a><\/p>\n<p>Seko mums ar\u012b\u00a0<a href=\"https:\/\/www.facebook.com\/bnnlv\" rel=\"nofollow noopener\" target=\"_blank\">Facebook<\/a>,\u00a0<a href=\"https:\/\/www.draugiem.lv\/bnn.lv\/\" rel=\"nofollow noopener\" target=\"_blank\">Draugiem<\/a>\u00a0un\u00a0<a href=\"https:\/\/twitter.com\/home\" rel=\"nofollow noopener\" target=\"_blank\">X<\/a>!<\/p>\n<p><script async src=\"https:\/\/platform.twitter.com\/widgets.js\" charset=\"utf-8\"><\/script><\/p>\n","protected":false},"excerpt":{"rendered":"No Luvras muzeja Par\u012bz\u0113 ned\u0113\u013cas nogal\u0113 tika nozagtas miljoniem eiro v\u0113rtas d\u0101rglietas, un cer\u012bba t\u0101s atg\u016bt neboj\u0101tas sar\u016bk&hellip;\n","protected":false},"author":2,"featured_media":27985,"comment_status":"","ping_status":"","sticky":false,"template":"","format":"standard","meta":{"footnotes":""},"categories":[14],"tags":[23,57,28,29,32,33,22,30,31,35,39,38,36,37,34,40,20,26,27,24,25,54,55,56,21,58],"class_list":{"0":"post-27984","1":"post","2":"type-post","3":"status-publish","4":"format-standard","5":"has-post-thumbnail","7":"category-zinas-no-arvalstim","8":"tag-aktualitates","9":"tag-arvalstim","10":"tag-breaking-news","11":"tag-breakingnews","12":"tag-featured-news","13":"tag-featurednews","14":"tag-headlines","15":"tag-latest-news","16":"tag-latestnews","17":"tag-latvia","18":"tag-latvian","19":"tag-latviesu","20":"tag-latviesu-valoda","21":"tag-latviesuvaloda","22":"tag-latvija","23":"tag-lv","24":"tag-news","25":"tag-popularakas-zinas","26":"tag-popularakaszinas","27":"tag-top-stories","28":"tag-topstories","29":"tag-world","30":"tag-world-news","31":"tag-worldnews","32":"tag-zinas","33":"tag-zinas-no-arvalstim"},"share_on_mastodon":{"url":"","error":""},"_links":{"self":[{"href":"https:\/\/www.europesays.com\/lv\/wp-json\/wp\/v2\/posts\/27984","targetHints":{"allow":["GET"]}}],"collection":[{"href":"https:\/\/www.europesays.com\/lv\/wp-json\/wp\/v2\/posts"}],"about":[{"href":"https:\/\/www.europesays.com\/lv\/wp-json\/wp\/v2\/types\/post"}],"author":[{"embeddable":true,"href":"https:\/\/www.europesays.com\/lv\/wp-json\/wp\/v2\/users\/2"}],"replies":[{"embeddable":true,"href":"https:\/\/www.europesays.com\/lv\/wp-json\/wp\/v2\/comments?post=27984"}],"version-history":[{"count":0,"href":"https:\/\/www.europesays.com\/lv\/wp-json\/wp\/v2\/posts\/27984\/revisions"}],"wp:featuredmedia":[{"embeddable":true,"href":"https:\/\/www.europesays.com\/lv\/wp-json\/wp\/v2\/media\/27985"}],"wp:attachment":[{"href":"https:\/\/www.europesays.com\/lv\/wp-json\/wp\/v2\/media?parent=27984"}],"wp:term":[{"taxonomy":"category","embeddable":true,"href":"https:\/\/www.europesays.com\/lv\/wp-json\/wp\/v2\/categories?post=27984"},{"taxonomy":"post_tag","embeddable":true,"href":"https:\/\/www.europesays.com\/lv\/wp-json\/wp\/v2\/tags?post=27984"}],"curies":[{"name":"wp","href":"https:\/\/api.w.org\/{rel}","templated":true}]}}