{"id":27990,"date":"2025-10-22T09:09:15","date_gmt":"2025-10-22T09:09:15","guid":{"rendered":"https:\/\/www.europesays.com\/lv\/27990\/"},"modified":"2025-10-22T09:09:15","modified_gmt":"2025-10-22T09:09:15","slug":"brazilija-man-pietrukst-felipe-salidzina-savu-dzimteni-ar-latviju","status":"publish","type":"post","link":"https:\/\/www.europesays.com\/lv\/27990\/","title":{"rendered":"&#8220;Braz\u012blij\u0101 man pietr\u016bkst..&#8221; Felipe sal\u012bdzina savu dzimteni ar Latviju"},"content":{"rendered":"<p>Felipe Gabriels Ksavj\u0113rs uz Latviju p\u0101rc\u0113l\u0101s 2015. gad\u0101, lai sp\u0113l\u0113tu futbolu. Braz\u012blietis sap\u0146oja par slavu, ko vi\u0146am ar\u012b izdev\u0101s ieg\u016bt. Tom\u0113r latvie\u0161i vi\u0146u iem\u012bl\u0113ja nevis k\u0101 futbolistu, bet gan k\u0101 m\u016bzi\u0137i, aktieri, soci\u0101lo mediju person\u012bbu un, galvenok\u0101rt, k\u0101 sirsn\u012bgo braz\u012blieti, kur\u0161 br\u012bvi run\u0101 latviski.<\/p>\n<p>Sarun\u0101 ar TVNET+ <a href=\"https:\/\/www.apollo.lv\/term\/439392\/felipe\" class=\"topicLink\" target=\"_blank\" rel=\"nofollow noopener\">Felipe<\/a> atskat\u0101s uz desmit gadiem Latvij\u0101, atkl\u0101j, k\u0101p\u0113c <a href=\"https:\/\/www.apollo.lv\/term\/599496\/futbols\" class=\"topicLink\" target=\"_blank\" rel=\"nofollow noopener\">futbols<\/a> neizdev\u0101s, un st\u0101sta, vai \u0161odien j\u016btas vair\u0101k k\u0101 braz\u012blietis vai latvietis.<\/p>\n","protected":false},"excerpt":{"rendered":"Felipe Gabriels Ksavj\u0113rs uz Latviju p\u0101rc\u0113l\u0101s 2015. gad\u0101, lai sp\u0113l\u0113tu futbolu. Braz\u012blietis sap\u0146oja par slavu, ko vi\u0146am ar\u012b&hellip;\n","protected":false},"author":2,"featured_media":27991,"comment_status":"","ping_status":"","sticky":false,"template":"","format":"standard","meta":{"footnotes":""},"categories":[17],"tags":[8605,8604,676,715,35,39,38,36,37,34,40,1001,67,1324],"class_list":{"0":"post-27990","1":"post","2":"type-post","3":"status-publish","4":"format-standard","5":"has-post-thumbnail","7":"category-sports","8":"tag-felipe","9":"tag-felipe-gabriels-ksavjers","10":"tag-futbols","11":"tag-futbols-latvija","12":"tag-latvia","13":"tag-latvian","14":"tag-latviesu","15":"tag-latviesu-valoda","16":"tag-latviesuvaloda","17":"tag-latvija","18":"tag-lv","19":"tag-olaine","20":"tag-sports","21":"tag-tvnet-sports"},"share_on_mastodon":{"url":"","error":""},"_links":{"self":[{"href":"https:\/\/www.europesays.com\/lv\/wp-json\/wp\/v2\/posts\/27990","targetHints":{"allow":["GET"]}}],"collection":[{"href":"https:\/\/www.europesays.com\/lv\/wp-json\/wp\/v2\/posts"}],"about":[{"href":"https:\/\/www.europesays.com\/lv\/wp-json\/wp\/v2\/types\/post"}],"author":[{"embeddable":true,"href":"https:\/\/www.europesays.com\/lv\/wp-json\/wp\/v2\/users\/2"}],"replies":[{"embeddable":true,"href":"https:\/\/www.europesays.com\/lv\/wp-json\/wp\/v2\/comments?post=27990"}],"version-history":[{"count":0,"href":"https:\/\/www.europesays.com\/lv\/wp-json\/wp\/v2\/posts\/27990\/revisions"}],"wp:featuredmedia":[{"embeddable":true,"href":"https:\/\/www.europesays.com\/lv\/wp-json\/wp\/v2\/media\/27991"}],"wp:attachment":[{"href":"https:\/\/www.europesays.com\/lv\/wp-json\/wp\/v2\/media?parent=27990"}],"wp:term":[{"taxonomy":"category","embeddable":true,"href":"https:\/\/www.europesays.com\/lv\/wp-json\/wp\/v2\/categories?post=27990"},{"taxonomy":"post_tag","embeddable":true,"href":"https:\/\/www.europesays.com\/lv\/wp-json\/wp\/v2\/tags?post=27990"}],"curies":[{"name":"wp","href":"https:\/\/api.w.org\/{rel}","templated":true}]}}