{"id":279922,"date":"2026-08-29T05:57:10","date_gmt":"2026-08-29T05:57:10","guid":{"rendered":"https:\/\/www.europesays.com\/lv\/279922\/"},"modified":"2026-08-29T05:57:10","modified_gmt":"2026-08-29T05:57:10","slug":"lauva-kalniti-gruti-nosaukt-citadi-ka-par-moralu-degeneratu","status":"publish","type":"post","link":"https:\/\/www.europesays.com\/lv\/279922\/","title":{"rendered":"Lauva: Kaln\u012bti gr\u016bti nosaukt cit\u0101di k\u0101 par mor\u0101lu de\u0123ener\u0101tu"},"content":{"rendered":"<p>                                <img decoding=\"async\" src=\"https:\/\/www.europesays.com\/lv\/wp-content\/uploads\/2026\/08\/Screenshot-3958-750x450.png\"   alt=\"M\u0101rti\u0146\u0161 Lauva\" class=\"post-featured-image\"\/><\/p>\n<p>M\u0101rti\u0146\u0161 Lauva | Foto: Ekr\u0101n\u0161\u0101vi\u0146\u0161\/Delfi<\/p>\n<p class=\"wp-block-paragraph\">Latvijas uz\u0146\u0113m\u0113js un basketbola funkcion\u0101rs\u00a0<a href=\"https:\/\/www.sportazinas.com\/atsl%C4%93gv%C4%81rdi\/martins-lauva\/\" rel=\"nofollow noopener\" target=\"_blank\">M\u0101rti\u0146\u0161 Lauva<\/a>\u00a0sarun\u0101 \u201cDelfi.lv\u201d veidotaj\u0101 \u201c<a href=\"https:\/\/open.spotify.com\/show\/2g95aV3mQvzzNIdbXIib3L\" target=\"_blank\" rel=\"noreferrer noopener nofollow\">MVP diskusij\u0101<\/a>\u201d izteicis viedokli par \u0161\u012b br\u012b\u017ea situ\u0101ciju Latvijas izlas\u0113.<\/p>\n<p class=\"wp-block-paragraph\">\u201cDivas sp\u0113les ir par agru par to run\u0101t, bet dro\u0161i vien ir saj\u016bta, ka Dairis [Bert\u0101ns] nav ticis gal\u0101 ar saviem uzdevumiem,\u201d izteicies Lauva. \u201cLiela da\u013ca no \u0161\u012bs atbild\u012bbas ir par pirmo sp\u0113li, kas bija absol\u016bta bezatbild\u012bba gan no vi\u0146a k\u0101 izlases kaptei\u0146a, gan Sito Alonso puses. Uztais\u012bt tik svar\u012bgu sp\u0113li par atvadu sp\u0113li, faktiski par draudz\u012bbas sp\u0113li. \u0160obr\u012bd esam tik bezcer\u012bg\u0101 situ\u0101cij\u0101 liel\u0101 m\u0113r\u0101 zaud\u0113juma N\u012bderlandei d\u0113\u013c. Tas ir viens.\u201d<\/p>\n<p class=\"wp-block-paragraph\">\u201cOtrs, protams, ir \u0161\u012b te situ\u0101cija ar vi\u0146a biznesa partnera un, k\u0101 vi\u0146\u0161 pats ir atzinis, ar draugu Art\u016bru Kaln\u012bti, kuru dro\u0161i vien p\u0113c Sanona gad\u012bjuma sav\u0101d\u0101k k\u0101 par mor\u0101lu de\u0123ener\u0101tu gr\u016bti nosaukt,\u201d nor\u0101d\u012bjis Lauva. \u201c\u0160obr\u012bd vi\u0146\u0161 ir tik tuvu izlasei un esmu p\u0101rliecin\u0101ts, ka ar\u012b tas atst\u0101j kaut k\u0101du iespaidu. Non\u0101kam pie sportisk\u0101 aspekta, ka \u0161obr\u012bd situ\u0101cija ir visai bezcer\u012bga, bet tur ir ar\u012b da\u013ca Daira atbild\u012bba.\u201d<\/p>\n<p class=\"wp-block-paragraph\">\u201cJ\u0101s\u0101k liel\u0101s izlases restarts. Te ir j\u0101b\u016bt person\u012bbai, kas var uzrun\u0101t katru individu\u0101li, saprast katru, motiv\u0113t katru. Ne jau m\u0113s uzvar\u0113sim ar vienu Porzi\u0146\u0123i, vienu \u0160mitu vai \u017dagaru. M\u0113s uzvar\u0113sim k\u0101 komanda. J\u0101veido nevis atsevi\u0161\u0137u sp\u0113l\u0113t\u0101ju, bet komanda. Ja \u0160mitu redzi k\u0101 10 sp\u0113l\u0113t\u0101ju, tad tas ar vi\u0146u ir j\u0101nokomunic\u0113,\u201d atzinis Lauva.<\/p>\n<p class=\"wp-block-paragraph\">\u201cEsmu dom\u0101jis, kur\u0161 var\u0113tu b\u016bt \u0161\u012b person\u012bba un veidot n\u0101kamo izlasi. Lab\u0101kais, kas man \u0161obr\u012bd ir ien\u0101cis pr\u0101t\u0101, ka tas var\u0113tu b\u016bt pats Kaspars [Cipruss], vi\u0146am visdr\u012bz\u0101k pien\u0101kumi pietiek. J\u0101padom\u0101, kur\u0161 var\u0113tu b\u016bt tas cilv\u0113ks, kur\u0161 var\u0113tu veidot n\u0101kam\u0101s paaudzes izlasi. Te nav st\u0101sts par paaud\u017eu mai\u0146u izlas\u0113, bet j\u0101veido izlase uz jaun\u0101m v\u0113rt\u012bb\u0101m. Komanda, kas var\u0113tu pulc\u0113ties ap cilv\u0113ku, kam uzticas basketbola vide. Kur\u0161 tas var\u0113tu b\u016bt? Man \u0161odien nav atbildes,\u201d paudis Lauva.<\/p>\n<p class=\"wp-block-paragraph\">\n","protected":false},"excerpt":{"rendered":"M\u0101rti\u0146\u0161 Lauva | Foto: Ekr\u0101n\u0161\u0101vi\u0146\u0161\/Delfi Latvijas uz\u0146\u0113m\u0113js un basketbola funkcion\u0101rs\u00a0M\u0101rti\u0146\u0161 Lauva\u00a0sarun\u0101 \u201cDelfi.lv\u201d veidotaj\u0101 \u201cMVP diskusij\u0101\u201d izteicis viedokli par&hellip;\n","protected":false},"author":2,"featured_media":279923,"comment_status":"","ping_status":"","sticky":false,"template":"","format":"standard","meta":{"footnotes":"","_share_on_mastodon":"0"},"categories":[17],"tags":[23,41262,4430,35,39,38,36,37,34,225,40,39551,67],"class_list":["post-279922","post","type-post","status-publish","format-standard","has-post-thumbnail","category-sports","tag-aktualitates","tag-arturs-kalnitis","tag-dairis-bertans","tag-latvia","tag-latvian","tag-latviesu","tag-latviesu-valoda","tag-latviesuvaloda","tag-latvija","tag-latvijas-basketbola-izlase","tag-lv","tag-martins-lauva","tag-sports"],"share_on_mastodon":{"url":"https:\/\/pubeurope.com\/@lv\/117177263632122209","error":""},"_links":{"self":[{"href":"https:\/\/www.europesays.com\/lv\/wp-json\/wp\/v2\/posts\/279922","targetHints":{"allow":["GET"]}}],"collection":[{"href":"https:\/\/www.europesays.com\/lv\/wp-json\/wp\/v2\/posts"}],"about":[{"href":"https:\/\/www.europesays.com\/lv\/wp-json\/wp\/v2\/types\/post"}],"author":[{"embeddable":true,"href":"https:\/\/www.europesays.com\/lv\/wp-json\/wp\/v2\/users\/2"}],"replies":[{"embeddable":true,"href":"https:\/\/www.europesays.com\/lv\/wp-json\/wp\/v2\/comments?post=279922"}],"version-history":[{"count":0,"href":"https:\/\/www.europesays.com\/lv\/wp-json\/wp\/v2\/posts\/279922\/revisions"}],"wp:featuredmedia":[{"embeddable":true,"href":"https:\/\/www.europesays.com\/lv\/wp-json\/wp\/v2\/media\/279923"}],"wp:attachment":[{"href":"https:\/\/www.europesays.com\/lv\/wp-json\/wp\/v2\/media?parent=279922"}],"wp:term":[{"taxonomy":"category","embeddable":true,"href":"https:\/\/www.europesays.com\/lv\/wp-json\/wp\/v2\/categories?post=279922"},{"taxonomy":"post_tag","embeddable":true,"href":"https:\/\/www.europesays.com\/lv\/wp-json\/wp\/v2\/tags?post=279922"}],"curies":[{"name":"wp","href":"https:\/\/api.w.org\/{rel}","templated":true}]}}