{"id":28001,"date":"2025-10-22T09:17:09","date_gmt":"2025-10-22T09:17:09","guid":{"rendered":"https:\/\/www.europesays.com\/lv\/28001\/"},"modified":"2025-10-22T09:17:09","modified_gmt":"2025-10-22T09:17:09","slug":"vilnas-lidostas-darbiba-aptureta-baltkrievijas-kontrabandistu-del","status":"publish","type":"post","link":"https:\/\/www.europesays.com\/lv\/28001\/","title":{"rendered":"Vi\u013c\u0146as lidostas darb\u012bba aptur\u0113ta Baltkrievijas kontrabandistu d\u0113\u013c"},"content":{"rendered":"<p class=\"descr\">Otrdienas vakar\u0101 trauc\u0113ta Vi\u013c\u0146as lidostas darb\u012bba meteorolo\u0123isko balonu d\u0113\u013c, ko izmanto cigare\u0161u kontrabandai no Baltkrievijas, pazi\u0146oja Nacion\u0101lais kr\u012b\u017eu vad\u012bbas centrs.<\/p>\n<p>Centrs nor\u0101da, ka tiek nov\u0113roti vair\u0101ki desmiti meteorolo\u0123isko balonu, un to var\u0113tu b\u016bt v\u0113l vair\u0101k.<\/p>\n<p>&#8220;Lidojumi ir aptur\u0113ti l\u012bdz turpm\u0101kam Lietuvas Civil\u0101s avi\u0101cijas p\u0101rvaldes pazi\u0146ojumam. Lidostas klienti un pasa\u017eieri tiek l\u016bgti sekot ofici\u0101lajai inform\u0101cijai no Vi\u013c\u0146as lidostas,&#8221; teikts pazi\u0146ojum\u0101.<\/p>\n<p>K\u0101 BNS past\u0101st\u012bja Lietuvas lidostu p\u0101rst\u0101ve Vit\u0101lija Ro\u010de, kontrabandas baloni kopum\u0101 sk\u0101ra se\u0161us lidojumus &#8211; gan tos, kas ierad\u0101s Lietuv\u0101, gan tos, kas izlidoja no valsts.<\/p>\n<p>&#8220;Da\u017ei reisi tika novirz\u012bti uz Kau\u0146u, viens atgriez\u0101s lidost\u0101,&#8221; sac\u012bja Ro\u010de.<\/p>\n<p>&#8220;M\u0113s nevaram atbild\u0113t, kad situ\u0101cija atrisin\u0101sies, jo nevaram paredz\u0113t, kad gaisa telpa tiks atv\u0113rta. Tikl\u012bdz t\u0101 tiks atv\u0113rta, Vi\u013c\u0146as lidosta ats\u0101ks darb\u012bbu,&#8221; vi\u0146a piebilda.<\/p>\n<p><a href=\"https:\/\/nra.lv\/baltija\/503403-nakti-slegta-vilnas-lidosta.htm\" data-item-link=\"true\" data-item-id=\"503403\" rel=\"nofollow noopener\" target=\"_blank\">Vi\u013c\u0146as lidosta<\/a> \u012bslaic\u012bgi sl\u0113gta l\u012bdz tre\u0161dienas r\u012bta plkst. 6.30 vai l\u012bdz gaisa satiksmes vad\u012bbas komp\u0101nijas &#8220;Oro Navigacija&#8221; l\u0113mumam, pazi\u0146oja Nacion\u0101lais kr\u012b\u017eu vad\u012bbas centrs.<\/p>\n<p>P\u0113d\u0113jo reizi kontrabandas baloni lidostas darb\u012bbu ietekm\u0113ja oktobra s\u0101kum\u0101. Toreiz Lietuvas gaisa telpu p\u0101rk\u0101pa vair\u0101k nek\u0101 20 meteorolo\u0123isko balonu.<\/p>\n<p>Vi\u013c\u0146as lidostas pazi\u0146ojum\u0101 teikts, ka lidostas darb\u012bbas ierobe\u017eojumu d\u0113\u013c ietekm\u0113ti vair\u0101k nek\u0101 4000 pasa\u017eieru un 30 reisi. \u010cetrpadsmit lidojumi uz Vi\u013c\u0146u tika novirz\u012bti uz cit\u0101m lidost\u0101m &#8211; desmit uz Kau\u0146u, divi uz R\u012bgu un pa vienam uz Palangu un Var\u0161avu.<\/p>\n<p>Desmit lidojumi tika atcelti, viena lidma\u0161\u012bna atgriez\u0101s sav\u0101 izlido\u0161anas lidost\u0101, un paredzams, ka v\u0113l vair\u0101ki lidojumi no Vi\u013c\u0146as kav\u0113sies.<\/p>\n<p>Savuk\u0101rt inform\u0101cija lidostas &#8220;R\u012bga&#8221; m\u0101jaslap\u0101 liecina, ka \u0161or\u012bt ticis atcelts reiss no Vi\u013c\u0146as uz R\u012bgu, kuram Latvijas galvaspils\u0113t\u0101 vajadz\u0113ja ielidot plkst. 6.30.<\/p>\n<p>\t\t\t\t\t\tinfo<\/p>\n<p>Uzzini pirmais<br \/>kas interesants noticis Latvij\u0101 un pasaul\u0113,<br \/>pievienojoties mums <a href=\"https:\/\/t.me\/neatkariga\" rel=\"nofollow\">Telegram<\/a> vai <a href=\"https:\/\/whatsapp.com\/channel\/0029VaMLFUH5K3zLU5s4wm3y\" rel=\"nofollow noopener\" target=\"_blank\">Whatsapp<\/a> kan\u0101l\u0101<\/p>\n","protected":false},"excerpt":{"rendered":"Otrdienas vakar\u0101 trauc\u0113ta Vi\u013c\u0146as lidostas darb\u012bba meteorolo\u0123isko balonu d\u0113\u013c, ko izmanto cigare\u0161u kontrabandai no Baltkrievijas, pazi\u0146oja Nacion\u0101lais kr\u012b\u017eu&hellip;\n","protected":false},"author":2,"featured_media":28002,"comment_status":"","ping_status":"","sticky":false,"template":"","format":"standard","meta":{"footnotes":""},"categories":[14],"tags":[23,57,28,29,32,33,22,30,31,35,39,38,36,37,34,40,20,26,27,24,25,54,55,56,21,58],"class_list":{"0":"post-28001","1":"post","2":"type-post","3":"status-publish","4":"format-standard","5":"has-post-thumbnail","7":"category-zinas-no-arvalstim","8":"tag-aktualitates","9":"tag-arvalstim","10":"tag-breaking-news","11":"tag-breakingnews","12":"tag-featured-news","13":"tag-featurednews","14":"tag-headlines","15":"tag-latest-news","16":"tag-latestnews","17":"tag-latvia","18":"tag-latvian","19":"tag-latviesu","20":"tag-latviesu-valoda","21":"tag-latviesuvaloda","22":"tag-latvija","23":"tag-lv","24":"tag-news","25":"tag-popularakas-zinas","26":"tag-popularakaszinas","27":"tag-top-stories","28":"tag-topstories","29":"tag-world","30":"tag-world-news","31":"tag-worldnews","32":"tag-zinas","33":"tag-zinas-no-arvalstim"},"share_on_mastodon":{"url":"","error":""},"_links":{"self":[{"href":"https:\/\/www.europesays.com\/lv\/wp-json\/wp\/v2\/posts\/28001","targetHints":{"allow":["GET"]}}],"collection":[{"href":"https:\/\/www.europesays.com\/lv\/wp-json\/wp\/v2\/posts"}],"about":[{"href":"https:\/\/www.europesays.com\/lv\/wp-json\/wp\/v2\/types\/post"}],"author":[{"embeddable":true,"href":"https:\/\/www.europesays.com\/lv\/wp-json\/wp\/v2\/users\/2"}],"replies":[{"embeddable":true,"href":"https:\/\/www.europesays.com\/lv\/wp-json\/wp\/v2\/comments?post=28001"}],"version-history":[{"count":0,"href":"https:\/\/www.europesays.com\/lv\/wp-json\/wp\/v2\/posts\/28001\/revisions"}],"wp:featuredmedia":[{"embeddable":true,"href":"https:\/\/www.europesays.com\/lv\/wp-json\/wp\/v2\/media\/28002"}],"wp:attachment":[{"href":"https:\/\/www.europesays.com\/lv\/wp-json\/wp\/v2\/media?parent=28001"}],"wp:term":[{"taxonomy":"category","embeddable":true,"href":"https:\/\/www.europesays.com\/lv\/wp-json\/wp\/v2\/categories?post=28001"},{"taxonomy":"post_tag","embeddable":true,"href":"https:\/\/www.europesays.com\/lv\/wp-json\/wp\/v2\/tags?post=28001"}],"curies":[{"name":"wp","href":"https:\/\/api.w.org\/{rel}","templated":true}]}}