{"id":28021,"date":"2025-10-22T09:35:15","date_gmt":"2025-10-22T09:35:15","guid":{"rendered":"https:\/\/www.europesays.com\/lv\/28021\/"},"modified":"2025-10-22T09:35:15","modified_gmt":"2025-10-22T09:35:15","slug":"krievija-megina-noverst-rietumu-uzmanibu-ar-cita-veida-problemam-raksts","status":"publish","type":"post","link":"https:\/\/www.europesays.com\/lv\/28021\/","title":{"rendered":"Krievija m\u0113\u0123ina nov\u0113rst Rietumu uzman\u012bbu ar cita veida probl\u0113m\u0101m \/ Raksts"},"content":{"rendered":"<p>\u0160obr\u012bd Krievija m\u0113\u0123ina novirz\u012bt rietumvalstu uzman\u012bbu pa\u0161\u0101m uz saviem re\u0123ioniem un sav\u0101m sp\u0113j\u0101m, lai t\u0101m b\u016btu maz\u0101k resursu un sp\u0113ku pal\u012bdz\u0113t Ukrainai. L\u012bdz ar to iesp\u0113jams, ka hibr\u012bddraudi var k\u013c\u016bt v\u0113l intens\u012bv\u0101ki. Rietumiem j\u0101b\u016bt strat\u0113\u0123iski paciet\u012bgiem un j\u0101saprot, ka tas ir tikai v\u0113l viens iemesls, lai turpin\u0101tu akt\u012bvi atbalst\u012bt Ukrainu, Latvijas Radio raid\u012bjum\u0101 &#8220;Br\u012bv\u012bbas bulv\u0101ris&#8221; pauda Latvijas v\u0113stnieks Ukrain\u0101 Andrejs Pildegovi\u010ds.\u00a0<\/p>\n<p>Andrejs Pildegovi\u010ds ir latvie\u0161u diplom\u0101ts, pa\u0161laik Latvijas v\u0113stnieks Ukrain\u0101, iepriek\u0161 darbojies k\u0101 Latvijas kandidat\u016bras ANO Dro\u0161\u012bbas padom\u0113 sekretari\u0101ta speci\u0101lo uzdevumu v\u0113stnieks un sekretari\u0101ta vad\u012bt\u0101js, k\u0101 ar\u012b bijis Latvijas past\u0101v\u012bgais p\u0101rst\u0101vis ANO 2018. gad\u0101.\u00a0<\/p>\n<p>No 1988. l\u012bdz 1994. gadam stud\u0113jis \u0137\u012bnie\u0161u valodu un \u0136\u012bnas v\u0113sturi P\u0113terburgas Universit\u0101t\u0113 un Pekinas Sve\u0161valodu instit\u016bt\u0101. 1994. gad\u0101 s\u0101ka str\u0101d\u0101t par ier\u0113dni \u0100rlietu ministrij\u0101, 1995. gad\u0101 apguva diplom\u0101tijas specialit\u0101ti Stenforda Universit\u0101tes H\u016bvera instit\u016bt\u0101, p\u0113c papildin\u0101\u0161an\u0101s \u0101rlietu dienestu specialit\u0101t\u0113 ar\u012b Oksfordas Universit\u0101t\u0113. V\u0113l\u0101k vad\u012bja \u0100rlietu ministrijas \u0100zijas un \u0100frikas noda\u013cu. 2000. gad\u0101 s\u0101ka str\u0101d\u0101t Latvijas prezidentes Vairas V\u012b\u0137es-Freibergas kancelej\u0101 un l\u012bdz 2006. gadam bija prezidentes padomnieks \u0101rlietu jaut\u0101jumos. Savulaik bijis ar\u012b Latvijas v\u0113stnieks ASV.\u00a0<\/p>\n<p>Gints Gr\u016bbe: Esam regul\u0101ri dzird\u0113ju\u0161i da\u017e\u0101dus viedok\u013cus \u2013 kar\u0161 \u017eurn\u0101listu ac\u012bm, kar\u0161 politi\u0137u ac\u012bm, kar\u0161 medi\u0137u ac\u012bm. Kad j\u016bs dev\u0101ties str\u0101d\u0101t uz Ukrainu, teic\u0101t, ka m\u016bsu diplom\u0101tij\u0101 tas ir viens no vissvar\u012bg\u0101kajiem virzieniem \u0161obr\u012bd. Kas ir t\u0101 specifika, k\u0101d\u0101 veid\u0101 diplom\u0101tija piedal\u0101s vai redz \u0161o kara procesu? Jo j\u016bs teic\u0101t, ka tas ir specifisks diplom\u0101ta uzdevums \u2013 atrasties karadarb\u012bbas zon\u0101.\u00a0<\/p>\n<p>Andrejs Pildegovi\u010ds: J\u0101, esmu non\u0101cis Kijiv\u0101 \u0161\u012b gada augusta beig\u0101s. Man aiz muguras ir se\u0161as pirm\u0101s ned\u0113\u013cas. Pirmaj\u0101s dien\u0101s, pirmaj\u0101s ned\u0113\u013c\u0101s cen\u0161os p\u0113c iesp\u0113jas vair\u0101k redz\u0113t, dzird\u0113t, run\u0101t ar ukrai\u0146iem. Apmekl\u0113ju vair\u0101kus re\u0123ionus \u0101rpus Kijivas, pabiju ar\u012b b\u0113d\u012bgi slavenaj\u0101 Bu\u010d\u0101, esmu bijis divreiz \u010cernihivas apgabal\u0101 Ukrainas zieme\u013caustrumos. Esmu bijis Sumos, kas ir vist\u0101l\u0101k uz zieme\u013caustrumiem izvirz\u012btais re\u0123ions. No centr\u0101l\u0101s Ukrainas apmekl\u0113ju\u00a0Vinnicu, kur atrodas ar\u012b Ukrainas Gaisa sp\u0113ku \u0161t\u0101bs, un \u013bvivas apgabalu valsts rietumos. V\u0113l neesmu bijis dienvidos, bet kopum\u0101 priek\u0161stats par Ukrainu, kas ir teritorijas zi\u0146\u0101 liel\u0101k\u0101 Eiropas valsts, man ir izveidojies skaidr\u0101ks.\u00a0<\/p>\n<p>Protams, m\u0113s esam kara ceturtaj\u0101 gad\u0101, ukrai\u0146i jau run\u0101 diezgan atkl\u0101ti par to, ka \u0161\u012b kara ilgums var\u0113tu p\u0101rsniegt Otr\u0101 pasaules kara garumu, un \u0161\u012b kara slodzi uz iedz\u012bvot\u0101jiem\u00a0var redz\u0113t ar neapbru\u0146otu aci. Ukraina iet cauri \u013coti sare\u017e\u0123\u012btam posmam, ir \u013coti daudz cie\u0161anu, \u013coti daudz person\u012bgo, fizisko, gar\u012bgo traumu, p\u0101rdz\u012bvojumu. Ar\u012b iedz\u012bvot\u0101ju skaits ir b\u016btiski samazin\u0101jies, \u0161obr\u012bd ir apm\u0113ram 28 miljoni iedz\u012bvot\u0101ju \u0161aj\u0101 valst\u012b, agr\u0101k bija tuvu 40 miljoniem.\u00a0<\/p>\n<blockquote>\n<p>Bet, par sp\u012bti visam tam, par sp\u012bti Krievijas agresijai, es redzu, ka Ukrainas tauta c\u012bn\u0101s, Ukrainas armija karo drosm\u012bgi un inovat\u012bvi.\u00a0<\/p>\n<\/blockquote>\n<p>Ukrainas politisk\u0101 ap\u0146\u0113m\u012bba ir \u013coti stingra attiec\u012bb\u0101 uz valsts teritori\u0101lo integrit\u0101ti, uz valsts nemain\u012bgo rietumniecisko \u0101rpolitikas kursu. Var redz\u0113t, ka, par sp\u012bti vis\u0101m \u0161\u012bm cie\u0161an\u0101m, ukrai\u0146i ir noska\u0146oti sarg\u0101t savu valstiskumu, savu neatkar\u012bbu.\u00a0\u00a0<\/p>\n<p>Protams, es j\u016btu, ka st\u0101voklis katr\u0101 re\u0123ion\u0101 ir cit\u0101d\u0101ks. Ja run\u0101jam par zieme\u013caustrumiem, \u0161ie re\u0123ioni visvair\u0101k izj\u016bt uzbrukumus sav\u0101m sp\u0113kstacij\u0101m, energoinfrastrukt\u016brai un kritiskajai infrastrukt\u016brai. Es run\u0101ju ar vienu no gubernatoriem, vi\u0146\u0161 man skaidroja, ka vi\u0146am svar\u012bgs uzdevums ir pasarg\u0101t kombainus no dronu uzbrukumiem, jo tehnika ir \u013coti d\u0101rga. \u0160obr\u012bd ir ra\u017eas nov\u0101k\u0161anas laiks un vi\u0146\u0161 c\u012bn\u0101s ar tik prozaisk\u0101m liet\u0101m, k\u0101 nosarg\u0101t tehniku un pan\u0101kt to, lai ekonomika att\u012bst\u012btos un ra\u017ea neietu zudum\u0101.\u00a0<\/p>\n<p>Ir re\u0123ioni valsts vidien\u0113 un\u00a0rietumos, kas\u00a0nosac\u012bti v\u0113l ir aizmugure, kur ekonomika ir stabil\u0101ka, kur var redz\u0113t, ka n\u0101k iek\u0161\u0101 ar\u012b invest\u012bcijas. \u0160\u012b valsts da\u013ca dz\u012bvo,\u00a0var\u0113tu teikt, sal\u012bdzino\u0161i mier\u012bg\u0101ku dz\u012bvi.\u00a0<\/p>\n<blockquote>\n<p>Protams, ka m\u0113s j\u016btam ar\u012b, ka kara gaita main\u0101s.\u00a0<\/p>\n<\/blockquote>\n<p>Ja pirmie divi gadi bija t\u0101da klasiska karadarb\u012bba, kas vair\u0101k atg\u0101din\u0101ja Pirmo un Otro pasaules karu, tad \u0161obr\u012bd faktiski par 95% ir kar\u0161 starp bezpilota lidapar\u0101tiem, starp droniem. Ab\u0101s pus\u0113s \u0161\u012bs tehnolo\u0123ijas att\u012bst\u0101s \u0101rk\u0101rt\u012bgi strauji. Faktiski nosac\u012btaj\u0101 frontes l\u012bnij\u0101, kas ir apm\u0113ram 20\u201330 kilometru plata karadarb\u012bbas josla, b\u016bt\u012bb\u0101 notiek sadursmes tie\u0161i starp dronu sist\u0113m\u0101m.\u00a0<\/p>\n<p>Esam redz\u0113ju\u0161i p\u0113d\u0113j\u0101s ned\u0113\u013c\u0101s, ka m\u0113dz b\u016bt t\u0101das mier\u012bg\u0101kas dienas, un tad p\u0113c div\u0101m, trim, \u010detr\u0101m dien\u0101m seko t\u0101di \u013coti pla\u0161i kombin\u0113ti uzbrukumi, kuros Krievijas puse izmanto simtiem dronu, k\u0101 ar\u012b gan sp\u0101rnot\u0101s, gan ballistisk\u0101s ra\u0137etes.\u00a0<\/p>\n<p>J\u016bs sak\u0101t, ka pirmie divi kara gadi bija sak\u0146oti Pirm\u0101 un Otr\u0101 pasaules kara \u2013 konvencion\u0101l\u0101 kara \u2013 izpratn\u0113 un strat\u0113\u0123ij\u0101. Ja \u0161obr\u012bd ir s\u0101cies dronu vai bezpilotu apar\u0101tu kar\u0161, vai ir iesp\u0113jamas visp\u0101r kaut k\u0101das strat\u0113\u0123iskas prognozes, k\u0101 tas turpin\u0101sies, cik ilgi turpin\u0101sies? Jo mums nav t\u0101das pieredzes, atpaka\u013c skatoties, p\u0113c kuras var\u0113tu it k\u0101\u00a0kaut k\u0101das strat\u0113\u0123ijas izstr\u0101d\u0101t.\u00a0<\/p>\n<p>Krist\u0101la bumbas noteikti mums nav. M\u0113s ar\u012b nevaram katr\u0101 zi\u0146\u0101 apgalvot, ka, tehnolo\u0123ij\u0101m mainoties, \u0161is kar\u0161 b\u016bs maz\u0101k asi\u0146ains. Faktiski\u00a0 Krievijas karasp\u0113ka zaud\u0113jumi front\u0113 joproj\u0101m ir \u013coti augsti. Protams, ar\u012b ukrai\u0146i aizst\u0101voties cie\u0161 zaud\u0113jumus. Bet varb\u016bt t\u0101 p\u0113d\u0113jo m\u0113ne\u0161u specifika ir t\u0101, ka tie\u0161\u0101m \u013coti pla\u0161i tiek izmantoti t\u0101l\u0101s darb\u012bbas droni. T\u0101 att\u012bst\u012bba ir t\u0101da, ka droni tiek izmantoti gan izl\u016bko\u0161anai, gan ar droniem tiek likvid\u0113ti droni, un par\u0101d\u0101s v\u0113l pla\u0161\u0101ka kl\u0101sta, da\u017e\u0101da izm\u0113ra droni no ab\u0101m pus\u0113m.\u00a0<\/p>\n<blockquote>\n<p>Notiek t\u0101da \u013coti akt\u012bva tehnolo\u0123iska s\u0101ncens\u012bba no ab\u0101m pus\u0113m.\u00a0<\/p>\n<\/blockquote>\n<p>Ukrai\u0146i noteikti ir viena no att\u012bst\u012bt\u0101kaj\u0101m valst\u012bm \u0161aj\u0101 zi\u0146\u0101. Protams, ar\u012b m\u0113s Rietumos cen\u0161amies vi\u0146us atbalst\u012bt. Bet j\u0101saka, ka ar\u012b pret\u0113j\u0101 puse, ar\u012b Krievija iegulda milz\u012bgus resursus aizsardz\u012bb\u0101. Nu, vismaz p\u0113c publiski pieejamajiem datiem vismaz ceturtda\u013ca Krievijas bud\u017eeta ir velt\u012bta aizsardz\u012bbai un \u0161ai agresijai.\u00a0<\/p>\n<p>Pirms div\u0101m ned\u0113\u013c\u0101m &#8220;The Economist&#8221; rakst\u012bja, ka Krievij\u0101 un Ukrain\u0101 nav v\u0113rojams liels entuziasms c\u012b\u0146as turpin\u0101\u0161anai, un vi\u0146i cit\u0113ja ASV s\u016btni\u00a0Ukrain\u0101\u00a0K\u012btu Kellogu, ka esam sam\u0113r\u0101 tuvu beig\u0101m; ka ab\u0101s valst\u012bs ir sam\u0113r\u0101 augsts dezert\u0113\u0161anas l\u012bmenis; ka p\u0113c &#8220;Russian Field&#8221; aptaujas aptuveni 58% piekristu pamieram bez priek\u0161noteikumiem; ka Ukrai\u0146u &#8220;Reiting Group&#8221; dati liecina, ka 59% ukrai\u0146u piekristu kompromisam par de facto teritoriju zaud\u0113jumu, ja tas nodro\u0161in\u0101tu pamieru. Vai ir ticams, ka tiks nosl\u0113gts kaut k\u0101ds ofici\u0101ls pamiers uz kaut k\u0101du laiku, nezinu, uz se\u0161iem m\u0113ne\u0161iem vai se\u0161iem gadiem varb\u016bt?\u00a0<\/p>\n<p>Katr\u0101 zi\u0146\u0101 es ticu tam, ka ASV prezidents un ar\u012b vi\u0146a administr\u0101cijas p\u0101rst\u0101vji m\u0113\u0123ina piespiest prezidentu Vladimiru Putinu uguns p\u0101rtrauk\u0161anai un diplom\u0101tisk\u0101 procesa uzs\u0101k\u0161anai.\u00a0<\/p>\n<p>M\u0113s zin\u0101m, ka ir biju\u0161as tik\u0161an\u0101s, m\u0113s zin\u0101m par zvaniem, bet no mums pieejam\u0101s inform\u0101cijas un ar\u012b no tiem p\u0113d\u0113jiem Putina pazi\u0146ojumiem, kas bija So\u010dos &#8220;Valdaja\u00a0diskusiju kluba&#8221; foruma laik\u0101\u2026 Tie skaidri apstiprina, ka Krievija nemaina savus m\u0113r\u0137us un nemaina savus uzdevumus.\u00a0<\/p>\n<p>Tiesa,\u00a0at\u0161\u0137ir\u012bb\u0101 no 2022., 2023. un 2024. gada, izmai\u0146as frontes l\u012bnij\u0101 nav tik izteiktas. Taisn\u012bba, ka netiek izmantotas tik pla\u0161i mehaniz\u0113t\u0101s vien\u012bbas. Bet tas notiek pirm\u0101m k\u0101rt\u0101m t\u0101p\u0113c, ka ukrai\u0146i \u013coti s\u012bvi un s\u012bksti aizst\u0101vas, un, otrk\u0101rt, tie\u0161i \u0161\u012b tehnolo\u0123isk\u0101s att\u012bst\u012bbas iespaid\u0101, jo droni un ra\u0137etes vienk\u0101r\u0161i sp\u0113j izn\u012bcin\u0101t mehaniz\u0113t\u0101s vien\u012bbas. L\u012bdz ar to Krievija \u012bsti nesp\u0113j pavirz\u012bties uz priek\u0161u, lai k\u0101 ar\u012b grib\u0113tu. Vi\u0146i m\u0113\u0123ina taktiski ieg\u016bt da\u017e\u0101dus frontes posmus gan Do\u0146eckas apgabal\u0101, gan Zapori\u017ejas apgabal\u0101, gan Sumos ir biju\u0161i m\u0113\u0123in\u0101jumi izveidot pel\u0113ko zonu Krievijas\u2013Ukrainas pierobe\u017e\u0101, bet \u0161ie visi m\u0113\u0123in\u0101jumi nav biju\u0161i sevi\u0161\u0137i veiksm\u012bgi.\u00a0<\/p>\n<blockquote>\n<p>Bet karadarb\u012bba turpin\u0101s, turpin\u0101s katru dienu, un Ukrainas pils\u0113tas joproj\u0101m katru dienu dz\u012bvo ar gaisa trauksm\u0113m. It sevi\u0161\u0137i nakts stund\u0101s.\u00a0<\/p>\n<\/blockquote>\n<p>Noteikti Krievija turpina m\u0113\u0123in\u0101jumus ar\u012b psiholo\u0123iski rad\u012bt t\u0101du neapmierin\u0101t\u012bbu un spriedzi sabiedr\u012bb\u0101, trauc\u0113jot mieru, miegu un atp\u016btu, cen\u0161oties paraliz\u0113t transporta sist\u0113mas. Redz\u0113j\u0101m nesen\u00a0ar\u012b uzbrukumus taj\u0101 skait\u0101 dzelzce\u013ca satiksmei, vilcieniem. It \u012bpa\u0161i s\u0101p\u012bgi ir uzbrukumi sp\u0113kstacij\u0101m, teiksim, apgabala centros, pils\u0113t\u0101s, kuras ir sal\u012bdzino\u0161i tuv\u0101k Krievijas robe\u017eai un Baltkrievijas robe\u017eai, un viet\u0101s, kur Ukrainas gaisa aizsardz\u012bba nav tik att\u012bst\u012bta k\u0101 galvaspils\u0113t\u0101 Kijiv\u0101.\u00a0<\/p>\n<p>Br\u012bd\u012b, kad Eiropa defin\u0113ja pl\u0101nu finans\u0113t dronu m\u016bri, kas bija paz\u012bstams k\u0101 &#8220;Eastern Flank Watch&#8221; un sast\u0101v\u0113tu no da\u017e\u0101d\u0101m sist\u0113m\u0101m dronu atkl\u0101\u0161anai, izseko\u0161anai un p\u0101rtver\u0161anai, Boriss Bondarevs, biju\u0161ais Krievijas diplom\u0101ts, kur\u0161 atk\u0101p\u0101s no amata, protest\u0113jot pret iebrukumu Ukrain\u0101, k\u0101d\u0101 intervij\u0101 teica, ka Putinam \u0161\u0101ds pl\u0101ns var\u0113tu patikt, jo tas da\u013c\u0113ji nov\u0113rstu NATO valstu uzman\u012bbu no Ukrainas atbalsta uzdevumiem. Respekt\u012bvi, m\u0113s s\u0101kam koncentr\u0113ties uz savas gaisa telpas aizsardz\u012bbu, nov\u0113r\u0161oties no Ukrainas. K\u0101 j\u016bs koment\u0113tu \u0161\u0101du skat\u012bjumu?\u00a0<\/p>\n<p>Es pie\u013cauju, ka \u0161im apgalvojumam ir racion\u0101ls grauds un, protams, ka Krievija m\u0113\u0123ina.\u00a0Vi\u0146a to visu laiku ir m\u0113\u0123in\u0101jusi p\u0113d\u0113jos 30 gadus, bet it \u012bpa\u0161i tagad, kara laik\u0101, redzot, ka pan\u0101kumi front\u0113 nav iz\u0161\u0137ir\u012bgi, redzot ar\u012b to, ka gan Eiropas, gan ASV administr\u0101cija turpina att\u012bst\u012bt savas politikas\u2026 Es pie\u013cauju, ka tas ir viens no Krievijas apsv\u0113rumiem \u2013 m\u0113\u0123in\u0101t, t\u0101 teikt, piev\u0113rst Rietumu valstu galvaspils\u0113tu uzman\u012bbu saviem re\u0123ioniem, sav\u0101m sp\u0113j\u0101m.\u00a0<\/p>\n<blockquote>\n<p>Apzinoties to, ka resursi nav bezgal\u012bgi, Krievija m\u0113\u0123ina nom\u0101kt uzman\u012bbu ar cita veida probl\u0113m\u0101m, lai attiec\u012bgaj\u0101m valst\u012bm b\u016btu maz\u0101k resursu un sp\u0113ku pal\u012bdz\u0113t Ukrainai.\u00a0<\/p>\n<\/blockquote>\n<p>Piln\u012bgi iesp\u0113jams, ka \u0161\u0101di hibr\u012bda draudi var pieaugt intensit\u0101tes zi\u0146\u0101. Manupr\u0101t, no m\u016bsu puses, no Rietumu puses, mums j\u0101b\u016bt strat\u0113\u0123iskai paciet\u012bbai, un tas ir tikai v\u0113l viens apsv\u0113rums tam, lai m\u0113s tom\u0113r turpin\u0101tu atbalstu Ukrainai gan iero\u010du zi\u0146\u0101, gan vis\u0101s sp\u0113j\u0101s, kas vi\u0146iem \u0161obr\u012bd nepiecie\u0161amas, lai notur\u0113tu ekonomiku, lai maksim\u0101li iztur\u0113tu ziemu un var\u0113tu turpin\u0101t c\u012b\u0146u.\u00a0<\/p>\n<p>Krievija noteikti v\u0113las joproj\u0101m pan\u0101kt re\u017e\u012bma mai\u0146u Kijiv\u0101. Krievija noteikti negrib, lai Ukraina tuvin\u0101s ar Eiropas Savien\u012bbu, tuvin\u0101s ar NATO.\u00a0<\/p>\n<p>Ta\u010du Ukrainas n\u0101kotne ir \u013coti svar\u012bga visai Eiropai un it \u012bpa\u0161i mums \u2013 Austrumu flanga valst\u012bm, jo, Krievijai pak\u013caujot Ukrainu, tie draudi, ar kuriem sastapsies Polija, Baltijas valstis, Skandin\u0101vijas valstis, Centr\u0101leiropas valstis, b\u016bs daudz, daudz nopietn\u0101ki.\u00a0<\/p>\n<p>Es \u013coti ceru, ka Eiropas Savien\u012bba un NATO nemain\u012bs savus strat\u0113\u0123iskos l\u0113mumus un turpin\u0101s daudzpus\u012bgi atbalst\u012bt Ukrainu.\u00a0<\/p>\n<p>Tas bija v\u0113l, man liekas, 2023. gada s\u0101kum\u0101, kad \u012bsi pirms n\u0101ves Henrijs Kisind\u017eers, kuru, k\u0101 zin\u0101ms, m\u0113dza d\u0113v\u0113t par vilt\u012bgo lapsu pasaules diplom\u0101tij\u0101 un kur\u0161 savulaik bija stingri iebildis pret Ukrainas uzaicin\u0101\u0161anu NATO, intervij\u0101 &#8220;The Economist&#8221; teica, ka, apbru\u0146ojot Ukrainu l\u012bdz zobiem, Rietumiem vairs nav izv\u0113les, ka vi\u0146iem Ukraina ir j\u0101uz\u0146em, jo tas esot Eiropas dro\u0161\u012bbas jaut\u0101jums \u2013 lab\u0101k, ka Ukraina ir NATO, kur t\u0101 nevar pie\u0146emt nacion\u0101lus l\u0113mumus par teritori\u0101l\u0101m pretenzij\u0101m.\u00a0<\/p>\n<p>Nu, Kisind\u017eers, j\u0101saka, \u012bsi pirms n\u0101ves ar\u012b main\u012bja domas un stingri atbalst\u012bja Ukrainas iest\u0101\u0161anos NATO. Es pats, b\u016bdams jauns diplom\u0101ts, satiku savulaik Oto fon H\u0101bsburgu, p\u0113d\u0113j\u0101 Austrijas imperatora d\u0113lu, kur\u0161 bija \u013coti akt\u012bvs Eiropas Parlamenta deput\u0101ts un savulaik pal\u012bdz\u0113ja mums ar\u012b pirms referenduma par iest\u0101\u0161anos Eiropas Savien\u012bb\u0101. Vi\u0146\u0161 te bija atbraucis un tik\u0101s ar m\u016bsu valsts prezidenti Vairu V\u012b\u0137i-Freibergu. Es atceros, ka vi\u0146\u0161 toreiz, tas bija pirms k\u0101diem 25 gadiem, teica, ka Eiropa b\u016bs dro\u0161a un stabila tikai tad, kad ar\u012b \u010cernivci un \u013bviva b\u016bs Eiropas Savien\u012bbas teritorij\u0101.\u00a0<\/p>\n<blockquote>\n<p>Es teiktu, ka tas ir diezgan unik\u0101li, ka kara laik\u0101, faktiski gada laik\u0101, Ukraina karojot sp\u0113ja pabeigt savas likumdo\u0161anas &#8220;skr\u012bningu&#8221; ar Eiropas Savien\u012bbas likumdo\u0161anu.\u00a0<\/p>\n<\/blockquote>\n<p>\u0160is process ir nosl\u0113dzies pirms p\u0101ris ned\u0113\u013c\u0101m, un faktiski \u0161obr\u012bd Eiropas politi\u0137iem b\u016btu j\u0101lemj, vai uzs\u0101kt iest\u0101\u0161an\u0101s sarunas ar Ukrainu. \u0160obr\u012bd tikai viena valsts \u2013 Ung\u0101rija \u2013 bremz\u0113 \u0161o procesu, bet m\u0113s ceram, ka tom\u0113r Eiropas 27 valstis kop\u0101 ar Eiropas Komisiju sp\u0113s izdom\u0101t k\u0101du kreat\u012bvu risin\u0101jumu, k\u0101 virz\u012bties uz priek\u0161u ar \u0161o procesu.\u00a0<\/p>\n<p>M\u0113s, protams, nezin\u0101m, cik laika tas process aiz\u0146ems. Da\u017ei Ukrainas politi\u0137i min \u013coti optimistiskus gada skait\u013cus. Tiek run\u0101ts ar\u012b, iesp\u0113jams, pat par 2030. gadu k\u0101 t\u0101du m\u0113r\u0137a datumu. B\u016b\u0161u piesardz\u012bgs \u0161aj\u0101 zi\u0146\u0101, bet, m\u016bsupr\u0101t, \u0161\u012bm sarun\u0101m b\u016btu j\u0101notiek par vis\u0101m iest\u0101\u0161an\u0101s sada\u013c\u0101m, ieskaitot ar\u012b t\u0101s, kas skar vidi un lauksaimniec\u012bbu.\u00a0<\/p>\n<p>Iest\u0101\u0161an\u0101s Eiropas Savien\u012bb\u0101 ir \u013coti svar\u012bgs elements ar\u012b, t\u0101 teikt, miera pl\u0101nam, kas nodro\u0161in\u0101tu Ukrainas stabilit\u0101ti n\u0101kotn\u0113.\u00a0<\/p>\n<p>Nesen Ung\u0101rijas &#8220;Youtube&#8221; kan\u0101l\u0101 &#8220;Partizan&#8221; par\u0101d\u012bj\u0101s <a href=\"https:\/\/www.lsm.lv\/raksts\/zinas\/arzemes\/06.10.2025-merkele-baltijas-valstu-un-polijas-nostaja-pret-krieviju-novedusi-pie-tas-iebrukuma-ukraina.a617188\/\" target=\"_blank\" class=\"lsm-link\" data-type=\"article\" data-id=\"617188\" rel=\"nofollow noopener\">intervija <\/a>ar biju\u0161o V\u0101cijas kancleri Angelu Merkeli, kura p\u0101rmeta Polijai un Baltijas valst\u012bm, ka t\u0101s savulaik blo\u0137\u0113ju\u0161as tie\u0161as sarunas ar Putinu. K\u0101 j\u016bs rea\u0123\u0113j\u0101t uz \u0161\u0101du p\u0101rmetumu? Vai tas nav jaut\u0101jums par da\u017e\u0101diem v\u0113stures variantiem? M\u0113s var\u0113tu cit\u0113t slov\u0113\u0146u filozofu Slavoju \u017di\u017eeku, ka, atpaka\u013c skatoties, m\u0113s visi skaidri zin\u0101m, k\u0101p\u0113c non\u0101c\u0101m tur, kur non\u0101c\u0101m. Bet k\u0101p\u0113c Merkele, j\u016bsupr\u0101t, neizmantoja iesp\u0113ju paklus\u0113t?\u00a0<\/p>\n<p>Es negribu spekul\u0113t \u013coti pla\u0161i, bet, ko es manu p\u0113d\u0113j\u0101s dien\u0101s\u2026 Protams, ka Putins un Krievija \u013coti akt\u012bvi m\u0113\u0123ina &#8220;test\u0113t eiropie\u0161us&#8221; un &#8220;test\u0113t&#8221; ar\u012b amerik\u0101\u0146us. Ne tikai ar droniem, bet ar\u012b da\u017e\u0101da veida koment\u0101riem. M\u0113s to dzird\u0113j\u0101m ar\u012b prezidenta Putina &#8220;Valdaja\u00a0diskusiju kluba&#8221; foruma leksik\u0101.\u00a0<\/p>\n<p>Pie\u0146emsim, apgalvojumu, ka po\u013ci pa\u0161i ir vain\u012bgi Otr\u0101 pasaules kara izrais\u012b\u0161an\u0101. Prezidents Putins run\u0101 par to, ka po\u013ciem vajadz\u0113ja b\u016bt izman\u012bg\u0101kiem un vajadz\u0113ja \u0146emt v\u0113r\u0101 V\u0101cijas intereses attiec\u012bb\u0101 uz Gda\u0146sku, uz &#8220;Dancigas koridori&#8221;. \u0160o Merkeles kundzes interviju, nu, es to nedaudz skatos l\u012bdz\u012bg\u0101 veid\u0101. Vi\u0146a izteic\u0101s varb\u016bt divdom\u012bgi, bet pres\u0113 \u0161\u012b vi\u0146as intervija ar\u012b kaut k\u0101d\u0101 veid\u0101 tika pasniegta k\u0101 m\u0113\u0123in\u0101jums novelt atbild\u012bbu uz Poliju vai pat uz Baltijas valst\u012bm. Manupr\u0101t, tas, t\u0101 teikt, vair\u0101k atbilst Putina un Krievijas narat\u012bvam \u2013 mekl\u0113t ce\u013cus uz \u0161aub\u012bgiem pr\u0101tiem vai uz t\u0101diem varb\u016bt maz\u0101k zino\u0161iem pr\u0101tiem par att\u012bst\u012bbu m\u016bsu re\u0123ion\u0101 un m\u0113\u0123in\u0101t novelt atbild\u012bbu no sevis.\u00a0<\/p>\n<p>Bet kas bija d\u012bvaini, un to rakst\u012bja ar\u012b &#8220;Der Spiegel&#8221;, ka Merkele princip\u0101 vienm\u0113r bija izvair\u012bjusies run\u0101t par saviem \u0101rpolitiskajiem l\u0113mumiem. Ta\u010du \u0161oreiz vi\u0146a nezin k\u0101p\u0113c izv\u0113l\u0113j\u0101s neklus\u0113t.\u00a0<\/p>\n<p>Tas dro\u0161i vien j\u0101jaut\u0101 vi\u0146ai vai ar\u012b vi\u0146as tuv\u0101kajiem cilv\u0113kiem. Katr\u0101 zi\u0146\u0101 faktolo\u0123iski tas, protams, ir absurdi un piln\u012bgi nepamatoti. Kontekstu\u0101li \u0161\u012b br\u012b\u017ea situ\u0101cijai, manupr\u0101t, t\u0101 ir dezinform\u0101cija, kas vair\u0101k pal\u012bdz Krievijas propagandai.\u00a0<\/p>\n<p>Ja m\u0113s skat\u0101mies Latvijas v\u0113stur\u0113, \u012bsi pirms Otr\u0101 pasaules kara bija diezgan dz\u012bva ideja par Baltijas valstu savien\u012bbu, lai nostiprin\u0101tu savas aizsardz\u012bbas poz\u012bcijas. Ar\u012b p\u0113d\u0113j\u0101 gada laik\u0101 m\u0113s run\u0101jam par jaun\u0101m alians\u0113m, kas veidojas gan Eiropas Savien\u012bbas, gan NATO ietvaros. Cik liel\u0101 m\u0113r\u0101 \u0161is process, j\u016bsupr\u0101t, ir pavirz\u012bjies uz priek\u0161u?\u00a0<\/p>\n<p>Es dom\u0101ju, ka m\u0113s esam \u013coti daudz m\u0101c\u012bju\u0161ies no t\u0101m k\u013c\u016bd\u0101m, kas tika pie\u013cautas pirms Otr\u0101 pasaules kara. Toreiz tik tie\u0161\u0101m m\u0113s bij\u0101m t\u0101di \u013coti savrupi, un b\u016bt\u012bb\u0101 t\u0101das re\u0123ion\u0101l\u0101s integr\u0101cijas mums nebija. M\u0113s visi bij\u0101m traum\u0113ti no Pirm\u0101 pasaules kara, un toreiz t\u0101 vado\u0161\u0101 doma bija t\u0101da, ka lab\u0101k esam t\u0101di \u013coti teritori\u0101li neitr\u0101li, nevienam nepievienoju\u0161ies, ka t\u0101d\u0101 klasisk\u0101s neitralit\u0101tes izpratn\u0113, vien\u0101du att\u0101lumu principu iev\u0113rojot starp V\u0101ciju un Krieviju, m\u0113s sp\u0113sim nosarg\u0101t savu labkl\u0101j\u012bbu un neatkar\u012bbu. Nu, t\u0101 politika mums \u013coti d\u0101rgi maks\u0101ja. M\u0113s zin\u0101m sekas. T\u0101p\u0113c\u00a0<\/p>\n<blockquote>\n<p>p\u0113c neatkar\u012bbas atjauno\u0161anas visa m\u016bsu \u0101rpolitika 30 gadu garum\u0101 ir bijusi v\u0113rsta uz to, lai viss Baltijas re\u0123ions b\u016btu p\u0113c iesp\u0113jas cie\u0161\u0101k integr\u0113ts visos Eiropas procesos, ieskaitot ar\u012b aizsardz\u012bbu.\u00a0<\/p>\n<\/blockquote>\n<p>Es teiktu, ka p\u0113d\u0113jos gados, pateicoties Somijas un Zviedrijas dal\u012bbai NATO, \u0161\u012b re\u0123ion\u0101l\u0101 integr\u0101cija ir k\u013cuvusi v\u0113l cie\u0161\u0101ka. M\u0113s esam pavisam nesen piedz\u012bvoju\u0161i gan D\u0101nijas, gan Zviedrijas bataljonu kl\u0101tb\u016btni Baltij\u0101 un ar\u012b Latvij\u0101. Es dom\u0101ju, ka pl\u0101no\u0161anas zi\u0146\u0101 esam cie\u0161\u0101ki k\u0101 jebkad. Ar\u012b jaunajam aizsardz\u012bbas ministriju meh\u0101nismam starp Zieme\u013cvalst\u012bm, Baltijas valst\u012bm un Lielbrit\u0101niju ir potenci\u0101ls. Protams, neaizmirstot ar\u012b fizisko ASV sp\u0113ku kl\u0101tb\u016btni gan Skandin\u0101vij\u0101, gan Baltijas valst\u012bs un Polij\u0101. Nu, tie, es teiktu, ir tr\u012bs vistie\u0161\u0101kie m\u016bsu milit\u0101r\u0101s un dro\u0161\u012bbas integr\u0101cijas piem\u0113ri. Protams, \u0146emot v\u0113r\u0101 Krievijas provok\u0101cijas gaisa telp\u0101, m\u0113s ar\u012b \u0161obr\u012bd run\u0101jam par to, k\u0101 moderniz\u0113t m\u016bsu aizsardz\u012bbas pl\u0101nus, k\u0101 v\u0113l efekt\u012bv\u0101ku padar\u012bt gaisa patrul\u0113\u0161anas misiju un p\u0101rv\u0113rst to par gaisa aizsardz\u012bbas misiju.\u00a0<\/p>\n<p>Ceturtais v\u0113l nepiemin\u0113tais jaut\u0101jums ir ar\u012b par to, k\u0101 m\u0113s re\u0123ion\u0101li var\u0113tu str\u0101d\u0101t kop\u0101 ar\u012b ar Ukrainu. \u0160obr\u012bd m\u0113s daudz dar\u0101m, lai pal\u012bdz\u0113tu Ukrainai apm\u0101c\u012bt savus sp\u0113kus, m\u0113s daudz run\u0101jam ar\u012b par m\u016bsu aizsardz\u012bbas industriju sadarb\u012bbu ar Ukrainu, bet, iesp\u0113jams, ka ar\u012b \u0161aj\u0101 jom\u0101 \u2013 NATO valstis, Baltijas valstis, Ukraina \u2013 var\u0113tu veidoties v\u0113l jaunas sadarb\u012bbas formas.\u00a0<\/p>\n","protected":false},"excerpt":{"rendered":"\u0160obr\u012bd Krievija m\u0113\u0123ina novirz\u012bt rietumvalstu uzman\u012bbu pa\u0161\u0101m uz saviem re\u0123ioniem un sav\u0101m sp\u0113j\u0101m, lai t\u0101m b\u016btu maz\u0101k resursu&hellip;\n","protected":false},"author":2,"featured_media":28022,"comment_status":"","ping_status":"","sticky":false,"template":"","format":"standard","meta":{"footnotes":""},"categories":[14],"tags":[23,57,28,29,32,33,22,30,31,35,39,38,36,37,34,40,20,26,27,24,25,54,55,56,21,58],"class_list":{"0":"post-28021","1":"post","2":"type-post","3":"status-publish","4":"format-standard","5":"has-post-thumbnail","7":"category-zinas-no-arvalstim","8":"tag-aktualitates","9":"tag-arvalstim","10":"tag-breaking-news","11":"tag-breakingnews","12":"tag-featured-news","13":"tag-featurednews","14":"tag-headlines","15":"tag-latest-news","16":"tag-latestnews","17":"tag-latvia","18":"tag-latvian","19":"tag-latviesu","20":"tag-latviesu-valoda","21":"tag-latviesuvaloda","22":"tag-latvija","23":"tag-lv","24":"tag-news","25":"tag-popularakas-zinas","26":"tag-popularakaszinas","27":"tag-top-stories","28":"tag-topstories","29":"tag-world","30":"tag-world-news","31":"tag-worldnews","32":"tag-zinas","33":"tag-zinas-no-arvalstim"},"share_on_mastodon":{"url":"","error":""},"_links":{"self":[{"href":"https:\/\/www.europesays.com\/lv\/wp-json\/wp\/v2\/posts\/28021","targetHints":{"allow":["GET"]}}],"collection":[{"href":"https:\/\/www.europesays.com\/lv\/wp-json\/wp\/v2\/posts"}],"about":[{"href":"https:\/\/www.europesays.com\/lv\/wp-json\/wp\/v2\/types\/post"}],"author":[{"embeddable":true,"href":"https:\/\/www.europesays.com\/lv\/wp-json\/wp\/v2\/users\/2"}],"replies":[{"embeddable":true,"href":"https:\/\/www.europesays.com\/lv\/wp-json\/wp\/v2\/comments?post=28021"}],"version-history":[{"count":0,"href":"https:\/\/www.europesays.com\/lv\/wp-json\/wp\/v2\/posts\/28021\/revisions"}],"wp:featuredmedia":[{"embeddable":true,"href":"https:\/\/www.europesays.com\/lv\/wp-json\/wp\/v2\/media\/28022"}],"wp:attachment":[{"href":"https:\/\/www.europesays.com\/lv\/wp-json\/wp\/v2\/media?parent=28021"}],"wp:term":[{"taxonomy":"category","embeddable":true,"href":"https:\/\/www.europesays.com\/lv\/wp-json\/wp\/v2\/categories?post=28021"},{"taxonomy":"post_tag","embeddable":true,"href":"https:\/\/www.europesays.com\/lv\/wp-json\/wp\/v2\/tags?post=28021"}],"curies":[{"name":"wp","href":"https:\/\/api.w.org\/{rel}","templated":true}]}}