{"id":280252,"date":"2026-08-29T19:07:19","date_gmt":"2026-08-29T19:07:19","guid":{"rendered":"https:\/\/www.europesays.com\/lv\/280252\/"},"modified":"2026-08-29T19:07:19","modified_gmt":"2026-08-29T19:07:19","slug":"the-new-york-times-krievijai-problemu-klust-arvien-vairak-bet-putins-karu-negrasas-partraukt","status":"publish","type":"post","link":"https:\/\/www.europesays.com\/lv\/280252\/","title":{"rendered":"&#8220;The New York Times&#8221;: Krievijai probl\u0113mu k\u013c\u016bst arvien vair\u0101k, bet Putins karu negras\u0101s p\u0101rtraukt"},"content":{"rendered":"<p>Par jaun\u0101m miera sarun\u0101m pagaid\u0101m nerun\u0101<\/p>\n<p>Cer\u012bbas uz dr\u012bzu miera sarunu ats\u0101k\u0161anu mazin\u0101ju\u0161\u0101s ar\u012b p\u0113c ASV Centr\u0101l\u0101s izl\u016bko\u0161anas p\u0101rvaldes direktora D\u017eona Retklifa viz\u012btes Maskav\u0101.<\/p>\n<p>Krem\u013ca preses sekret\u0101rs <a href=\"https:\/\/www.apollo.lv\/term\/645492\/dmitrijs-peskovs\" class=\"topicLink\" target=\"_blank\" rel=\"nofollow noopener\">Dmitrijs Peskovs<\/a> nor\u0101d\u012bjis, ka sarunu jaut\u0101jums pa\u0161laik atlikts.<\/p>\n<p>&#8220;Attiec\u012bb\u0101 uz miera sarun\u0101m \u2013 \u0161is jaut\u0101jums pa\u0161laik ir gal\u012bgi atlikts. Jaunu ideju nav.&#8221;<\/p>\n<p>Tikm\u0113r Krievijas amatpersonas arvien bie\u017e\u0101k run\u0101 par ekonomiskaj\u0101m gr\u016bt\u012bb\u0101m. &#8220;Sberbank&#8221; vad\u012bt\u0101js Germans Grefs paudis, ka Krievijas iedz\u012bvot\u0101ji v\u0113las iesp\u0113jami dr\u012bzu kara nosl\u0113gumu, savuk\u0101rt Maskavas m\u0113rs Sergejs Sobja\u0146ins br\u012bdin\u0101jis, ka piln\u012bga ekonomikas p\u0101rorient\u0113\u0161ana uz kara vajadz\u012bb\u0101m var rad\u012bt posto\u0161as sekas.<\/p>\n<p>Putins joproj\u0101m run\u0101 par uzvaru<\/p>\n<p>Neraugoties uz pieaugo\u0161aj\u0101m probl\u0113m\u0101m, Putins turpina aicin\u0101t Krievijas sabiedr\u012bbu b\u016bt vienotai un karu pasniegt k\u0101 c\u012b\u0146u, kuras izn\u0101kumu noteiks Krievijas notur\u012bba.<\/p>\n<p>&#8220;Vienot\u0101 Krievija&#8221; kongres\u0101 vi\u0146\u0161 pazi\u0146oja, ka daudz kas b\u016b\u0161ot atkar\u012bgs no Krievijas sabiedr\u012bbas vienot\u012bbas un karav\u012bru drosmes.<\/p>\n<p>&#8220;Tagad daudz kas ir atkar\u012bgs no m\u016bsu vienot\u012bbas, no Krievijas karav\u012bru un virsnieku drosmes, no ikviena, kur\u0161 c\u012bt\u012bgi str\u0101d\u0101 sav\u0101 viet\u0101, lai sniegtu ieguld\u012bjumu uzvar\u0101.&#8221;<\/p>\n<p>Savuk\u0101rt biju\u0161\u0101 ASV prezidenta D\u017eord\u017ea Bu\u0161a jaun\u0101k\u0101 administr\u0101cijas Krievijas jaut\u0101jumu eksperts Tomass Greiems uzskata, ka kara eskal\u0101cijai vajadz\u0113tu mudin\u0101t ASV akt\u012bv\u0101k iesaist\u012bties centienos pan\u0101kt konflikta izbeig\u0161anu.<\/p>\n<p>P\u0113c vi\u0146a dom\u0101m, pat ja Putins gatavojas karam visu ziemu, jau tagad b\u016btu j\u0101veido pamats sarun\u0101m ar Krievijas amatperson\u0101m, lai pavasar\u012b b\u016btu iesp\u0113jams pan\u0101kt gal\u012bgu vieno\u0161anos. Greiems nor\u0101da, ka Krievijas politiskaj\u0101 elit\u0113 ir iev\u0113rojama da\u013ca cilv\u0113ku, kuri v\u0113l\u0113tos karu izbeigt dr\u012bz\u0101k agr\u0101k nek\u0101 v\u0113l\u0101k.<\/p>\n","protected":false},"excerpt":{"rendered":"Par jaun\u0101m miera sarun\u0101m pagaid\u0101m nerun\u0101 Cer\u012bbas uz dr\u012bzu miera sarunu ats\u0101k\u0161anu mazin\u0101ju\u0161\u0101s ar\u012b p\u0113c ASV Centr\u0101l\u0101s izl\u016bko\u0161anas&hellip;\n","protected":false},"author":2,"featured_media":280253,"comment_status":"","ping_status":"","sticky":false,"template":"","format":"standard","meta":{"footnotes":"","_share_on_mastodon":"0"},"categories":[14],"tags":[23,57,28,29,36822,3439,42054,32,33,22,3131,3354,234,4140,74,30,31,35,39,38,36,37,34,40,20,26,27,24,25,276,235,54,55,56,21,58],"class_list":["post-280252","post","type-post","status-publish","format-standard","has-post-thumbnail","category-zinas-no-arvalstim","tag-aktualitates","tag-arvalstim","tag-breaking-news","tag-breakingnews","tag-cip","tag-dmitrijs-peskovs","tag-dzons-retklifs","tag-featured-news","tag-featurednews","tag-headlines","tag-kars","tag-kars-ukraina","tag-krievija","tag-krievijas-armija","tag-krievijas-iebrukums-ukraina","tag-latest-news","tag-latestnews","tag-latvia","tag-latvian","tag-latviesu","tag-latviesu-valoda","tag-latviesuvaloda","tag-latvija","tag-lv","tag-news","tag-popularakas-zinas","tag-popularakaszinas","tag-top-stories","tag-topstories","tag-ukraina","tag-vladimirs-putins","tag-world","tag-world-news","tag-worldnews","tag-zinas","tag-zinas-no-arvalstim"],"share_on_mastodon":{"url":"","error":"Validation failed: Text character limit of 500 exceeded"},"_links":{"self":[{"href":"https:\/\/www.europesays.com\/lv\/wp-json\/wp\/v2\/posts\/280252","targetHints":{"allow":["GET"]}}],"collection":[{"href":"https:\/\/www.europesays.com\/lv\/wp-json\/wp\/v2\/posts"}],"about":[{"href":"https:\/\/www.europesays.com\/lv\/wp-json\/wp\/v2\/types\/post"}],"author":[{"embeddable":true,"href":"https:\/\/www.europesays.com\/lv\/wp-json\/wp\/v2\/users\/2"}],"replies":[{"embeddable":true,"href":"https:\/\/www.europesays.com\/lv\/wp-json\/wp\/v2\/comments?post=280252"}],"version-history":[{"count":0,"href":"https:\/\/www.europesays.com\/lv\/wp-json\/wp\/v2\/posts\/280252\/revisions"}],"wp:featuredmedia":[{"embeddable":true,"href":"https:\/\/www.europesays.com\/lv\/wp-json\/wp\/v2\/media\/280253"}],"wp:attachment":[{"href":"https:\/\/www.europesays.com\/lv\/wp-json\/wp\/v2\/media?parent=280252"}],"wp:term":[{"taxonomy":"category","embeddable":true,"href":"https:\/\/www.europesays.com\/lv\/wp-json\/wp\/v2\/categories?post=280252"},{"taxonomy":"post_tag","embeddable":true,"href":"https:\/\/www.europesays.com\/lv\/wp-json\/wp\/v2\/tags?post=280252"}],"curies":[{"name":"wp","href":"https:\/\/api.w.org\/{rel}","templated":true}]}}