{"id":28027,"date":"2025-10-22T09:41:09","date_gmt":"2025-10-22T09:41:09","guid":{"rendered":"https:\/\/www.europesays.com\/lv\/28027\/"},"modified":"2025-10-22T09:41:09","modified_gmt":"2025-10-22T09:41:09","slug":"lietuva-notriektas-12-no-baltkrievijas-palaistas-meteozondes","status":"publish","type":"post","link":"https:\/\/www.europesays.com\/lv\/28027\/","title":{"rendered":"Lietuv\u0101 notriektas 12 no Baltkrievijas palaist\u0101s meteozondes"},"content":{"rendered":"<p>Lietuvas robe\u017esargi notrieku\u0161i 12 no vair\u0101kiem desmitiem meteorolo\u0123isko balonu ar kontrabandu, kas nakt\u012b valst\u012b ielidoja no Baltkrievijas un trauc\u0113ja Vi\u013c\u0146as lidostas darb\u012bbu, un iztur\u0113ti \u010detri cilv\u0113ki, tre\u0161dien pazi\u0146oja Valsts robe\u017esardzes dienesta vad\u012bt\u0101js Rustams \u013bubajevs.<\/p>\n<p>&#8220;Kopum\u0101 12 meteozondes tika notriektas, nakt\u012b aiztur\u0113ti \u010detri aizdom\u0101s tur\u0113tie,&#8221; vi\u0146\u0161 teica \u017eurn\u0101listiem.<\/p>\n<p>\u013bubajevs piebilda, ka, darbam turpinoties, \u0161ie dati var main\u012bties.<\/p>\n<p>Savuk\u0101rt Lietuvas Nacion\u0101l\u0101 kr\u012b\u017eu vad\u012bbas centra vad\u012bt\u0101js Vilmants Vitkausks pie\u013c\u0101va, ka aizvad\u012bt\u0101s nakts oper\u0101cija ar meteozond\u0113m &#8220;var\u0113tu b\u016bt bijusi intens\u012bv\u0101k\u0101 p\u0113d\u0113jos gados&#8221;.<\/p>\n<p><\/p>\n<p>K\u0101 teica amatpersonas, meteorolo\u0123iskie baloni Lietuvas teritorij\u0101 nolidoja no Druskininkiem l\u012bdz Vi\u013c\u0146as rajonam.<\/p>\n<p>Vitkausks sac\u012bja, ka meteozondes tika palaistas no vair\u0101k\u0101m viet\u0101m Baltkrievij\u0101 koordin\u0113t\u0101 oper\u0101cij\u0101.<\/p>\n<p>&#8220;Balonu palai\u0161anas intensit\u0101te un skaits bija liels, un, visticam\u0101k, tas nenotika no vienas vietas &#8211; t\u0101 bija koordin\u0113ta oper\u0101cija,&#8221; vi\u0146\u0161 teica Lietuvas sabiedriskajam radio.<\/p>\n<p>K\u0101 st\u0101st\u012bja Nacion\u0101l\u0101 kr\u012b\u017eu vad\u012bbas centra vad\u012bt\u0101js, meteozondes ar kontrabandu no Baltkrievijas atrastas piec\u0101s pa\u0161vald\u012bb\u0101s: Lazdijos, Druskininkos, Var\u0113n\u0101, \u0160al\u010dininkos un Vi\u013c\u0146\u0101.<\/p>\n<p>Meteorolo\u0123isko balonu rad\u012bto risku d\u0113\u013c no apm\u0113ram plkst. 23 otrdien l\u012bdz 6.30 tre\u0161dien bija sl\u0113gta Vi\u013c\u0146as lidosta, k\u0101 ar\u012b uz laiku tika aptur\u0113ta satiksme divos atliku\u0161ajos robe\u017ekontroles punktos ar Baltkrieviju: Medininkos un \u0160al\u010dininkos.<\/p>\n<p>Nacion\u0101l\u0101 kr\u012b\u017eu vad\u012bbas centra vad\u012bt\u0101js nor\u0101d\u012bja, ka balonu mekl\u0113\u0161ana Lietuv\u0101 turpin\u0101s.<\/p>\n<p><img decoding=\"async\" src=\"https:\/\/www.europesays.com\/lv\/wp-content\/uploads\/2025\/10\/2f78f50cb01c8d2e67544d60f4842ada.jpg\" title=\"Meteorolo\u0123iskais balons. Foto: scanpix\/State Border Guard Service via AP\" alt=\"Meteorolo\u0123iskais balons. Foto: scanpix\/State Border Guard Service via AP\"\/><\/p>\n<p class=\"article-img-desc\">Meteorolo\u0123iskais balons. Foto: scanpix\/State Border Guard Service via AP<\/p>\n","protected":false},"excerpt":{"rendered":"Lietuvas robe\u017esargi notrieku\u0161i 12 no vair\u0101kiem desmitiem meteorolo\u0123isko balonu ar kontrabandu, kas nakt\u012b valst\u012b ielidoja no Baltkrievijas un&hellip;\n","protected":false},"author":2,"featured_media":28028,"comment_status":"","ping_status":"","sticky":false,"template":"","format":"standard","meta":{"footnotes":""},"categories":[14],"tags":[129,3360,23,57,28,29,32,33,22,30,31,35,39,38,36,37,34,40,20,26,27,3361,3362,24,25,54,55,56,21,58],"class_list":{"0":"post-28027","1":"post","2":"type-post","3":"status-publish","4":"format-standard","5":"has-post-thumbnail","7":"category-zinas-no-arvalstim","8":"tag-__typenameadvicekeyword","9":"tag-id789","10":"tag-aktualitates","11":"tag-arvalstim","12":"tag-breaking-news","13":"tag-breakingnews","14":"tag-featured-news","15":"tag-featurednews","16":"tag-headlines","17":"tag-latest-news","18":"tag-latestnews","19":"tag-latvia","20":"tag-latvian","21":"tag-latviesu","22":"tag-latviesu-valoda","23":"tag-latviesuvaloda","24":"tag-latvija","25":"tag-lv","26":"tag-news","27":"tag-popularakas-zinas","28":"tag-popularakaszinas","29":"tag-sluglietuva","30":"tag-titlelietuva","31":"tag-top-stories","32":"tag-topstories","33":"tag-world","34":"tag-world-news","35":"tag-worldnews","36":"tag-zinas","37":"tag-zinas-no-arvalstim"},"share_on_mastodon":{"url":"","error":""},"_links":{"self":[{"href":"https:\/\/www.europesays.com\/lv\/wp-json\/wp\/v2\/posts\/28027","targetHints":{"allow":["GET"]}}],"collection":[{"href":"https:\/\/www.europesays.com\/lv\/wp-json\/wp\/v2\/posts"}],"about":[{"href":"https:\/\/www.europesays.com\/lv\/wp-json\/wp\/v2\/types\/post"}],"author":[{"embeddable":true,"href":"https:\/\/www.europesays.com\/lv\/wp-json\/wp\/v2\/users\/2"}],"replies":[{"embeddable":true,"href":"https:\/\/www.europesays.com\/lv\/wp-json\/wp\/v2\/comments?post=28027"}],"version-history":[{"count":0,"href":"https:\/\/www.europesays.com\/lv\/wp-json\/wp\/v2\/posts\/28027\/revisions"}],"wp:featuredmedia":[{"embeddable":true,"href":"https:\/\/www.europesays.com\/lv\/wp-json\/wp\/v2\/media\/28028"}],"wp:attachment":[{"href":"https:\/\/www.europesays.com\/lv\/wp-json\/wp\/v2\/media?parent=28027"}],"wp:term":[{"taxonomy":"category","embeddable":true,"href":"https:\/\/www.europesays.com\/lv\/wp-json\/wp\/v2\/categories?post=28027"},{"taxonomy":"post_tag","embeddable":true,"href":"https:\/\/www.europesays.com\/lv\/wp-json\/wp\/v2\/tags?post=28027"}],"curies":[{"name":"wp","href":"https:\/\/api.w.org\/{rel}","templated":true}]}}