{"id":280294,"date":"2026-08-29T20:51:16","date_gmt":"2026-08-29T20:51:16","guid":{"rendered":"https:\/\/www.europesays.com\/lv\/280294\/"},"modified":"2026-08-29T20:51:16","modified_gmt":"2026-08-29T20:51:16","slug":"eksperti-retklifa-vizite-maskava-signalize-asv-interesi-par-eiropas-drosibu-un-ukrainas-likteni","status":"publish","type":"post","link":"https:\/\/www.europesays.com\/lv\/280294\/","title":{"rendered":"Eksperti: Retklifa viz\u012bte Maskav\u0101 signaliz\u0113 ASV interesi par Eiropas dro\u0161\u012bbu un Ukrainas likteni"},"content":{"rendered":"<p class=\"PDq2pG_selectionAnchorContainer\">Lai gan sarunu saturs ofici\u0101li nav publiskots, eksperti pie\u013cauj, ka Retklifa nos\u016bt\u012b\u0161ana uz Maskavu bijusi ar\u012b br\u012bdin\u0101jums Krievijai mazin\u0101t agres\u012bvo retoriku pret <a href=\"https:\/\/www.apollo.lv\/term\/9898\/nato\" class=\"topicLink\" target=\"_blank\" rel=\"nofollow noopener\">NATO<\/a> un Baltijas valst\u012bm, izvair\u012bties no jaunas mobiliz\u0101cijas un apsv\u0113rt kara izbeig\u0161anu Ukrain\u0101.<\/p>\n<p>Eksperti uzsver, ka Retklifa izv\u0113le nav nejau\u0161a \u2013 vi\u0146am ir cie\u0161as attiec\u012bbas ar <a href=\"https:\/\/www.apollo.lv\/term\/555410\/asv\" class=\"topicLink\" target=\"_blank\" rel=\"nofollow noopener\">ASV<\/a> prezidentu Donaldu Trampu, turkl\u0101t vi\u0146\u0161 tiek uzskat\u012bts par asu Krievijas kriti\u0137i. Domn\u012bcas &#8220;Atlantic Council&#8221; eksperts Daniels Fr\u012bds nor\u0101d\u012bja, ka viz\u012bte vienlaikus ar NATO m\u0101c\u012bb\u0101m pie Ka\u013ci\u0146ingradas demonstr\u0113 alianses gatav\u012bbu nepiecie\u0161am\u012bbas gad\u012bjum\u0101 atbild\u0113t uz Krievijas agresiju.<\/p>\n<p>Vienlaikus Baltijas valst\u012bm nevajadz\u0113tu k\u013c\u016bt pa\u0161apmierin\u0101t\u0101m. Fr\u012bds nor\u0101d\u012bja, ka Trampa administr\u0101cij\u0101 un ASV kopum\u0101 past\u0101v at\u0161\u0137ir\u012bgi viedok\u013ci par attiec\u012bb\u0101m ar Krieviju un Eiropas dro\u0161\u012bbu, t\u0101d\u0113\u013c Latvijai kop\u0101 ar Baltijas un Zieme\u013cvalstu partneriem j\u0101b\u016bt akt\u012bvai, lai p\u0101rliecin\u0101tu Va\u0161ingtonu pie\u0146emt re\u0123iona dro\u0161\u012bbai noz\u012bm\u012bgus l\u0113mumus.<\/p>\n<p>Eksperti ar\u012b atg\u0101din\u0101ja, ka Baltijas valstu ba\u017eas par Krieviju ir pamatotas v\u0113sturisk\u0101s pieredzes d\u0113\u013c, ta\u010du l\u012bdz\u012bgi riski past\u0101v ar\u012b Moldovai un Balk\u0101nu valst\u012bm. \u012apa\u0161i noz\u012bm\u012bgs b\u016bs rudens, kad main\u012bsies ASV Kongresa sast\u0101vs.<\/p>\n<p>Neofici\u0101li izskan\u0113jis, ka ASV pirmdien var\u0113tu inform\u0113t Eiropas partnerus par Retklifa viz\u012btes laik\u0101 Maskav\u0101 apspriesto.<\/p>\n","protected":false},"excerpt":{"rendered":"Lai gan sarunu saturs ofici\u0101li nav publiskots, eksperti pie\u013cauj, ka Retklifa nos\u016bt\u012b\u0161ana uz Maskavu bijusi ar\u012b br\u012bdin\u0101jums Krievijai&hellip;\n","protected":false},"author":2,"featured_media":280295,"comment_status":"","ping_status":"","sticky":false,"template":"","format":"standard","meta":{"footnotes":"","_share_on_mastodon":"0"},"categories":[5],"tags":[23,292,722,28,29,36822,542,42054,32,33,22,3131,3354,234,30,31,35,39,38,36,37,34,642,40,71,20,26,27,24,25,276,21],"class_list":["post-280294","post","type-post","status-publish","format-standard","has-post-thumbnail","category-aktualitates","tag-aktualitates","tag-asv","tag-baltijas-valstis","tag-breaking-news","tag-breakingnews","tag-cip","tag-donalds-tramps","tag-dzons-retklifs","tag-featured-news","tag-featurednews","tag-headlines","tag-kars","tag-kars-ukraina","tag-krievija","tag-latest-news","tag-latestnews","tag-latvia","tag-latvian","tag-latviesu","tag-latviesu-valoda","tag-latviesuvaloda","tag-latvija","tag-latvijas-televizija","tag-lv","tag-nato","tag-news","tag-popularakas-zinas","tag-popularakaszinas","tag-top-stories","tag-topstories","tag-ukraina","tag-zinas"],"share_on_mastodon":{"url":"https:\/\/pubeurope.com\/@lv\/117180778941644576","error":""},"_links":{"self":[{"href":"https:\/\/www.europesays.com\/lv\/wp-json\/wp\/v2\/posts\/280294","targetHints":{"allow":["GET"]}}],"collection":[{"href":"https:\/\/www.europesays.com\/lv\/wp-json\/wp\/v2\/posts"}],"about":[{"href":"https:\/\/www.europesays.com\/lv\/wp-json\/wp\/v2\/types\/post"}],"author":[{"embeddable":true,"href":"https:\/\/www.europesays.com\/lv\/wp-json\/wp\/v2\/users\/2"}],"replies":[{"embeddable":true,"href":"https:\/\/www.europesays.com\/lv\/wp-json\/wp\/v2\/comments?post=280294"}],"version-history":[{"count":0,"href":"https:\/\/www.europesays.com\/lv\/wp-json\/wp\/v2\/posts\/280294\/revisions"}],"wp:featuredmedia":[{"embeddable":true,"href":"https:\/\/www.europesays.com\/lv\/wp-json\/wp\/v2\/media\/280295"}],"wp:attachment":[{"href":"https:\/\/www.europesays.com\/lv\/wp-json\/wp\/v2\/media?parent=280294"}],"wp:term":[{"taxonomy":"category","embeddable":true,"href":"https:\/\/www.europesays.com\/lv\/wp-json\/wp\/v2\/categories?post=280294"},{"taxonomy":"post_tag","embeddable":true,"href":"https:\/\/www.europesays.com\/lv\/wp-json\/wp\/v2\/tags?post=280294"}],"curies":[{"name":"wp","href":"https:\/\/api.w.org\/{rel}","templated":true}]}}