{"id":280298,"date":"2026-08-29T21:03:19","date_gmt":"2026-08-29T21:03:19","guid":{"rendered":"https:\/\/www.europesays.com\/lv\/280298\/"},"modified":"2026-08-29T21:03:19","modified_gmt":"2026-08-29T21:03:19","slug":"pastav-pazimes-par-krievijas-nopietnu-gatavosanos-eskalacijai-pazino-tusks","status":"publish","type":"post","link":"https:\/\/www.europesays.com\/lv\/280298\/","title":{"rendered":"Past\u0101v paz\u012bmes par Krievijas nopietnu gatavo\u0161anos eskal\u0101cijai, pazi\u0146o Tusks"},"content":{"rendered":"<p>Tusks pazi\u0146oja, ka <a href=\"https:\/\/www.tvnet.lv\/term\/555430\/polija\" class=\"topicLink\" target=\"_blank\" rel=\"nofollow noopener\">Polija<\/a> uztur past\u0101v\u012bgu sazi\u0146u ar ASV Centr\u0101l\u0101s izl\u016bko\u0161anas p\u0101rvaldes (CIP) vad\u012bbu un inform\u0101cija par CIP direktora D\u017eona Retklifa darb\u012bbu nav p\u0101rsteigums.<\/p>\n<p>&#8220;M\u0113s uzturam past\u0101v\u012bgu sazi\u0146u ar CIP vad\u012bbu, t\u0101p\u0113c m\u016bs nep\u0101rsteidz nek\u0101da inform\u0101cija par CIP vad\u012bt\u0101ja darb\u012bb\u0101m un pas\u0101kumiem,&#8221; nor\u0101d\u012bja Polijas premjerministrs.<\/p>\n<p>P\u0113c Tuska teikt\u0101, dro\u0161\u012bbas jaut\u0101jumos da\u013ca inform\u0101cijas ir j\u0101patur konfidenci\u0101la, ta\u010du tas nenoz\u012bm\u0113, ka sabiedr\u012bbai ir j\u0101liedz inform\u0101cija par vissvar\u012bg\u0101kajiem draudiem.<\/p>\n<p>Vi\u0146\u0161 uzsv\u0113ra, ka tagad runa vairs nav tikai par CIP direktora viz\u012bti Maskav\u0101.<\/p>\n<p>P\u0113c vi\u0146a teikt\u0101, p\u0113d\u0113jo ned\u0113\u013cu laik\u0101 ir par\u0101d\u012bju\u0161ies daudzi publiski sign\u0101li par to, ka <a href=\"https:\/\/www.tvnet.lv\/term\/555452\/krievija\" class=\"topicLink\" target=\"_blank\" rel=\"nofollow noopener\">Krievija<\/a> gatavojas situ\u0101cijas eskal\u0101cijai.<\/p>\n<p>&#8220;Ir zin\u0101ms, ka Krievija \u013coti nopietni gatavojas eskal\u0101cijai &#8211; gan kar\u0101 pret Ukrainu, gan vis\u0101 re\u0123ion\u0101 &#8211; un ka \u0161im rudenim un ziemai Krievijas skat\u012bjum\u0101 j\u0101k\u013c\u016bst par iz\u0161\u0137iro\u0161u periodu,&#8221; uzsv\u0113ra Tusks.<\/p>\n<p>K\u0101 v\u0113st\u012bts, ASV Centr\u0101l\u0101s izl\u016bko\u0161anas p\u0101rvaldes (CIP) direktors D\u017eons Retklifs viz\u012btes laik\u0101 Maskav\u0101 br\u012bdin\u0101jis Krievijas amatpersonas no konflikta eskal\u0101cijas ar NATO, \u012bpa\u0161i ar Igauniju, Latviju un Lietuvu, t\u012bmek\u013ca izdevumam &#8220;Politico&#8221; tre\u0161dien apgalvoju\u0161as divas inform\u0113tas personas.<\/p>\n<p>Retklifa &#8220;viz\u012btes galvenais m\u0113r\u0137is bija br\u012bdin\u0101t no eskal\u0113jo\u0161\u0101m darb\u012bb\u0101m pret Baltijas valst\u012bm&#8221;, izteicies viens no avotiem.<\/p>\n","protected":false},"excerpt":{"rendered":"Tusks pazi\u0146oja, ka Polija uztur past\u0101v\u012bgu sazi\u0146u ar ASV Centr\u0101l\u0101s izl\u016bko\u0161anas p\u0101rvaldes (CIP) vad\u012bbu un inform\u0101cija par CIP&hellip;\n","protected":false},"author":2,"featured_media":280299,"comment_status":"","ping_status":"","sticky":false,"template":"","format":"standard","meta":{"footnotes":"","_share_on_mastodon":"0"},"categories":[5],"tags":[23,28,29,32,33,22,234,74,30,31,35,39,38,36,37,34,40,20,72,26,27,24,25,276,21],"class_list":["post-280298","post","type-post","status-publish","format-standard","has-post-thumbnail","category-aktualitates","tag-aktualitates","tag-breaking-news","tag-breakingnews","tag-featured-news","tag-featurednews","tag-headlines","tag-krievija","tag-krievijas-iebrukums-ukraina","tag-latest-news","tag-latestnews","tag-latvia","tag-latvian","tag-latviesu","tag-latviesu-valoda","tag-latviesuvaloda","tag-latvija","tag-lv","tag-news","tag-polija","tag-popularakas-zinas","tag-popularakaszinas","tag-top-stories","tag-topstories","tag-ukraina","tag-zinas"],"share_on_mastodon":{"url":"https:\/\/pubeurope.com\/@lv\/117180825888899573","error":""},"_links":{"self":[{"href":"https:\/\/www.europesays.com\/lv\/wp-json\/wp\/v2\/posts\/280298","targetHints":{"allow":["GET"]}}],"collection":[{"href":"https:\/\/www.europesays.com\/lv\/wp-json\/wp\/v2\/posts"}],"about":[{"href":"https:\/\/www.europesays.com\/lv\/wp-json\/wp\/v2\/types\/post"}],"author":[{"embeddable":true,"href":"https:\/\/www.europesays.com\/lv\/wp-json\/wp\/v2\/users\/2"}],"replies":[{"embeddable":true,"href":"https:\/\/www.europesays.com\/lv\/wp-json\/wp\/v2\/comments?post=280298"}],"version-history":[{"count":0,"href":"https:\/\/www.europesays.com\/lv\/wp-json\/wp\/v2\/posts\/280298\/revisions"}],"wp:featuredmedia":[{"embeddable":true,"href":"https:\/\/www.europesays.com\/lv\/wp-json\/wp\/v2\/media\/280299"}],"wp:attachment":[{"href":"https:\/\/www.europesays.com\/lv\/wp-json\/wp\/v2\/media?parent=280298"}],"wp:term":[{"taxonomy":"category","embeddable":true,"href":"https:\/\/www.europesays.com\/lv\/wp-json\/wp\/v2\/categories?post=280298"},{"taxonomy":"post_tag","embeddable":true,"href":"https:\/\/www.europesays.com\/lv\/wp-json\/wp\/v2\/tags?post=280298"}],"curies":[{"name":"wp","href":"https:\/\/api.w.org\/{rel}","templated":true}]}}