{"id":280370,"date":"2026-08-30T02:53:18","date_gmt":"2026-08-30T02:53:18","guid":{"rendered":"https:\/\/www.europesays.com\/lv\/280370\/"},"modified":"2026-08-30T02:53:18","modified_gmt":"2026-08-30T02:53:18","slug":"latvijas-volejbola-izlases-lidere-levinska-starp-spozakajam-cempionata-speletajam-valstsvienibai-pamatigs-kapums-ranga-jauns-lv","status":"publish","type":"post","link":"https:\/\/www.europesays.com\/lv\/280370\/","title":{"rendered":"Latvijas volejbola izlases l\u012bdere Levinska starp spo\u017e\u0101kaj\u0101m \u010dempion\u0101ta sp\u0113l\u0113t\u0101j\u0101m; valstsvien\u012bbai pamat\u012bgs k\u0101pums rang\u0101 &#8211; Jauns.lv"},"content":{"rendered":"<ol>\n<li><a href=\"https:\/\/news.google.com\/rss\/articles\/CBMi7AFBVV95cUxOVW9VemJDQ202YlZHczVWNTNZX2lEWXA5NmM3NHBtV01kY0RpU3R2WXRiR19MSDlqZWt2c1dJaDk2c2xmUlV4OGhObzdSV0tPY1pWU2tzOTdjN0pxdFlCUkR1TmVMdGlWNkhhLWotcVhKZDdZWDJ4U0o2VWxEcmFudHE0X3RvWGdCRDhsOC1hUG5WeUtmZ0pVZndVV1RTVnBiVm00UWVyV2QzZWF0Z3dKbWJsa0F0SGFMd0dMNm8wNGYwdHo1cC00elZrN09xTWtwVEVraklyby1oNTVzUFlhdExhT0lwM3lZLU9YOA?oc=5\" target=\"_blank\" rel=\"nofollow noopener\">Latvijas volejbola izlases l\u012bdere Levinska starp spo\u017e\u0101kaj\u0101m \u010dempion\u0101ta sp\u0113l\u0113t\u0101j\u0101m; valstsvien\u012bbai pamat\u012bgs k\u0101pums rang\u0101<\/a>&nbsp;&nbsp;Jauns.lv<\/li>\n<li><a href=\"https:\/\/news.google.com\/rss\/articles\/CBMimAFBVV95cUxPV1FBbnpkVXdtTDFRS2pvY2ZKcDBXUFR5VDhYLTMzYjh2Q1FJcDNsQS1EQ3l3LUlXS1Q1YktfMlVpZWt3WEswNG03NXkzN0lkY1NiV1NrRHhhMlRxMkM4bDhteEZ4UGFTdmpQd0ZyNWNBMmdhNUFaYVJoNlFZSVNQVTBMd3hMRFB1aUlZV0ppeFlCbzJqQWxhVg?oc=5\" target=\"_blank\" rel=\"nofollow noopener\">Latvijai l\u0113ciens pasaules rang\u0101, Levinska un \u0145e\u010diporuka starp Eiropas \u010dempion\u0101ta l\u012bder\u0113m \u2013 Volejbols<\/a>&nbsp;&nbsp;Sportacentrs.com<\/li>\n<li><a href=\"https:\/\/news.google.com\/rss\/articles\/CBMixgFBVV95cUxQS2tzZHU3N0drMXkzV0Y0eEo3WklHaTN0MXFWQUNnNVoyMEFmT1AweEhKSS0xVmhtc0lmVjM0YXFnOWhoeXhYRnRmRnVaRHZpSnFUaEl1czRuYk9DRnRiNUpsdFU2MW55VVNqVExDOWczck5qUXFFY1hXS3ZJcGZYaFhVUV9LeEh5a0V2Tjl2QnF3dmtUN0d0UWZySHB2QzY3aGY4OEswT0RUOTRLd2NCcEtzUEJoNFpuRGJYVW1tMEFQb0ZnRHc?oc=5\" target=\"_blank\" rel=\"nofollow noopener\">Latvijas volejbolistes no Eiropas \u010dempion\u0101ta atvad\u0101s ar skaistu uzvaru<\/a>&nbsp;&nbsp;DELFI<\/li>\n<li><a href=\"https:\/\/news.google.com\/rss\/articles\/CBMi8wFBVV95cUxNMVlmVlpILUhOTlAxa3VUS3BhTXBKMmVia012ajU5eVIxQm1YNkZMOGtmdzlGMlFhME9LV19rS09jNzkyWXcyY1FLZTNRZTliU2o4WE5qS2JQcU1HSm42RXlILVRRblRodGFVbVJXcFBKck1ua1NPMTlMMFVJbGtNaXpWWlM3TXpWeVNVX1pCYklRaDVmaDAzNktEcTZrSXowbURhaWI5dVh0S2tRUVJpbmpnV2p0TU1Pam9RbXE2VzVxVkZxQi0yUnlHREhUVEdYS2xiVncyMGw2OHAtQkdrN2w5NHJtckF4X1l4V3B1M3N1ams?oc=5\" target=\"_blank\" rel=\"nofollow noopener\">Volejbola izlases l\u012bdere Levinska par Eiropas \u010dempion\u0101tu: Pier\u0101d\u012bj\u0101m, ka varam atrasties \u0161aj\u0101 l\u012bmen\u012b<\/a>&nbsp;&nbsp;LSM<\/li>\n<li><a href=\"https:\/\/news.google.com\/rss\/articles\/CBMitAFBVV95cUxQaTE1a0Z1Z2dWYnlCblFPM3M0bUY3SHRfWnNObzZCSTkyV1FrS2d6dUFiZTBIN2paMXdfNnkyU1dTU0xzY3I5aTFhdGsxYkEzRkc0N1I2WmNkV1JaY2l6SjUtSHgtYTB5YmprMHl5T1dYMDRYY0tmaklYYUUtcmNpNXM1LVE2SkhOYldES0NyazJ4dFZoV2pRVkhjeE9qaUp6ajg5U2Nzbmg5U0RoWHN3dkVJclA?oc=5\" target=\"_blank\" rel=\"nofollow noopener\">Svar\u012bgs ne tikai rezult\u0101ts \u2013 sievie\u0161u volejbola izlase p\u0113c E\u010c iev\u0113rojami pak\u0101pjas rang\u0101<\/a>&nbsp;&nbsp;Sportazinas.com<\/li>\n<\/ol>\n","protected":false},"excerpt":{"rendered":"Latvijas volejbola izlases l\u012bdere Levinska starp spo\u017e\u0101kaj\u0101m \u010dempion\u0101ta sp\u0113l\u0113t\u0101j\u0101m; valstsvien\u012bbai pamat\u012bgs k\u0101pums rang\u0101&nbsp;&nbsp;Jauns.lv Latvijai l\u0113ciens pasaules rang\u0101, Levinska&hellip;\n","protected":false},"author":2,"featured_media":280371,"comment_status":"","ping_status":"","sticky":false,"template":"","format":"standard","meta":{"footnotes":"","_share_on_mastodon":"0"},"categories":[17],"tags":[35,39,38,36,37,34,40,67],"class_list":["post-280370","post","type-post","status-publish","format-standard","has-post-thumbnail","category-sports","tag-latvia","tag-latvian","tag-latviesu","tag-latviesu-valoda","tag-latviesuvaloda","tag-latvija","tag-lv","tag-sports"],"share_on_mastodon":{"url":"https:\/\/pubeurope.com\/@lv\/117182202265023754","error":""},"_links":{"self":[{"href":"https:\/\/www.europesays.com\/lv\/wp-json\/wp\/v2\/posts\/280370","targetHints":{"allow":["GET"]}}],"collection":[{"href":"https:\/\/www.europesays.com\/lv\/wp-json\/wp\/v2\/posts"}],"about":[{"href":"https:\/\/www.europesays.com\/lv\/wp-json\/wp\/v2\/types\/post"}],"author":[{"embeddable":true,"href":"https:\/\/www.europesays.com\/lv\/wp-json\/wp\/v2\/users\/2"}],"replies":[{"embeddable":true,"href":"https:\/\/www.europesays.com\/lv\/wp-json\/wp\/v2\/comments?post=280370"}],"version-history":[{"count":0,"href":"https:\/\/www.europesays.com\/lv\/wp-json\/wp\/v2\/posts\/280370\/revisions"}],"wp:featuredmedia":[{"embeddable":true,"href":"https:\/\/www.europesays.com\/lv\/wp-json\/wp\/v2\/media\/280371"}],"wp:attachment":[{"href":"https:\/\/www.europesays.com\/lv\/wp-json\/wp\/v2\/media?parent=280370"}],"wp:term":[{"taxonomy":"category","embeddable":true,"href":"https:\/\/www.europesays.com\/lv\/wp-json\/wp\/v2\/categories?post=280370"},{"taxonomy":"post_tag","embeddable":true,"href":"https:\/\/www.europesays.com\/lv\/wp-json\/wp\/v2\/tags?post=280370"}],"curies":[{"name":"wp","href":"https:\/\/api.w.org\/{rel}","templated":true}]}}